{"id":10000,"date":"2013-04-25T22:36:11","date_gmt":"2013-04-25T22:36:11","guid":{"rendered":"http:\/\/www.agriatv.hu\/?p=10000"},"modified":"2013-04-25T22:36:11","modified_gmt":"2013-04-25T22:36:11","slug":"brutalis-gyilkossag-nagyfugeden","status":"publish","type":"post","link":"https:\/\/www.agriatv.hu\/?p=10000","title":{"rendered":"Brut\u00e1lis gyilkoss\u00e1g Nagyf\u00fcgeden"},"content":{"rendered":"<p><a href=\"https:\/\/www.agriatv.hu\/wp-content\/uploads\/2013\/04\/0426nagyfuged_v.jpg\"><img loading=\"lazy\" decoding=\"async\" class=\"alignleft size-medium wp-image-10002\" alt=\"0426nagyfuged_v\" src=\"https:\/\/www.agriatv.hu\/wp-content\/uploads\/2013\/04\/0426nagyfuged_v-300x240.jpg\" width=\"98\" height=\"59\" \/><\/a>A\u00a0Heves Megyei Rend\u0151r-f\u0151kapit\u00e1nys\u00e1g az esettel kapcsolatban annyit k\u00f6z\u00f6lt a honlapj\u00e1n, hogy a bejelent\u00e9s cs\u00fct\u00f6rt\u00f6k\u00f6n 17 \u00f3ra 30 perc k\u00f6r\u00fcli id\u0151ben \u00e9rkezett,\u00a0miszerint egy nagyf\u00fcgedi ingatlanon \u00e9letellenes b\u0171ncselekm\u00e9ny t\u00f6rt\u00e9nt. A k\u00f6r\u00fclm\u00e9nyek tiszt\u00e1z\u00e1sa \u00e9s a helysz\u00edni szemle megkezd\u0151d\u00f6tt.<\/p>\n<p>Gyilkoss\u00e1g t\u00f6rt\u00e9nt Nagyf\u00fcgeden.<\/p>\n<p>\u00dagy tudjuk, hogy egy 20 \u00e9ves helyi fi\u00fa meg\u00f6lte az apj\u00e1t. A fiatal egy balt\u00e1val v\u00e1gta fejbe, majd az em\u00e9szt\u0151g\u00f6d\u00f6rbe tette a holttestet. A telep\u00fcl\u00e9sen lak\u00f3k azt mes\u00e9lt\u00e9k, hogy a fi\u00fat egy\u00e9bk\u00e9nt p\u00e9ld\u00e1s\u00a0jellem\u0171 embernek ismert\u00e9k meg, az apja v\u00e9lhet\u0151en ivott, emiatt t\u00f6rt\u00e9nhetett a trag\u00e9dia.<\/p>\n<p>Inform\u00e1ci\u00f3ink szerint a helyi f\u00e9rfi miut\u00e1n apj\u00e1t meg\u00f6lte, a holtestet az em\u00e9szt\u0151g\u00f6d\u00f6rbe rejtette.<\/p>\n<p>A szomsz\u00e9dok szerint a f\u00e9rfi \u00e9s \u00e9desapja k\u00f6z\u00f6tt folyamatosan fesz\u00fclt volt a viszony. Az apa rendszeresen ivott folyamatosan b\u00e1ntalmazta csal\u00e1dj\u00e1t, mindenbe belek\u00f6t\u00f6tt. Az \u0151 hangj\u00e1t\u00f3l zengett az utca, ilyenkor\u00a0 tr\u00e1g\u00e1r szavakkal illette k\u00f6rnyezet\u00e9t.<div class=\"wordtube\">\n<div class=\"wordtube single861\" id=\"WT1_1\" style=\"width:320px; height:240px;\">\n<a href=\"http:\/\/www.macromedia.com\/go\/getflashplayer\">Get the Flash Player<\/a> to see the wordTube Media Player.\n<\/div><\/div>\n\t<script type=\"text\/javascript\" defer=\"defer\">\nvar WT1_1 = {\n\tparams : {\n\t\twmode : \"opaque\",\n\t\tallowscriptaccess : \"always\",\n\t\tallownetworking : \"all\",\n\t\tallowfullscreen : \"true\"},\n\tflashvars : {\n\t\tfile : \"http%3A%2F%2Fwww.agriatv.hu%2Fwp-content%2Fuploads%2F2013%2F04%2F0426nagyfuged.flv\",\n\t\tvolume : \"80\",\n\t\tbufferlength : \"5\",\n\t\tquality : \"false\",\n\t\t'logo.hide' : \"false\",\n\t\timage : \"http%3A%2F%2Fwww.agriatv.hu%2Fwp-content%2Fuploads%2F2013%2F04%2F0426nagyfuged.jpg\",\n\t\ttitle : \"0426nagyfuged.flv\",\n\t\tlinktarget : \"_self\"},\n\tattr : {\n\t\tid : \"WT1\",\n\t\tname : \"WT1\"},\n\tstart : function() {\n\t\tswfobject.embedSWF(\"https:\/\/www.agriatv.hu\/\/player.swf\", \"WT1_1\", \"320\", \"240\", \"9.0.0\", false, this.flashvars, this.params , this.attr );\n\t}\n}\nWT1_1.start();\n\t<\/script>\n<\/p>\n<p>A falubeliek elmondt\u00e1k, hogy a csal\u00e1df\u0151 r\u00e9gen szorgalmas, rendes ember volt. J\u00f3 szakm\u00e1ja volt, j\u00f3 anyagi k\u00f6r\u00fclm\u00e9nyek k\u00f6z\u00f6tt \u00e9ltek. Az alkohol miatt azt\u00e1n elbocs\u00e1tott\u00e1k munkahely\u00e9r\u0151l. Egyre t\u00f6bbet ivott, ilyenkor teljesen kifordult \u00f6nmag\u00e1b\u00f3l. Agressz\u00edv, k\u00f6teked\u0151\u00a0 emberr\u00e9 v\u00e1lt, ezzel teljesen megm\u00e9rgezve csal\u00e1dja, fia \u00e9let\u00e9t.<\/p>\n<p>A szomsz\u00e9dok elmond\u00e1sa alapj\u00e1n j\u00f3zanul bar\u00e1ts\u00e1gos, kedves ember volt. Olyankor v\u00e9gezte a h\u00e1z k\u00f6r\u00fcli teend\u0151it, fi\u00e1val h\u00e9tv\u00e9g\u00e9n is egy\u00fctt vetem\u00e9nyeztek.<\/p>\n<p>A falubeliek d\u00f6bbenten \u00e1llnak az eset el\u0151tt, sajn\u00e1lj\u00e1k a fi\u00fat.<\/p>\n<p>Az este folyam\u00e1n rend\u0151rs\u00e9g megkezdte a helysz\u00ednel\u00e9st. A h\u00e1zhoz k\u00e9t szippant\u00f3s aut\u00f3 \u00e9rkezett, hogy az em\u00e9szt\u0151g\u00f6d\u00f6r tartalm\u00e1t elt\u00e1vol\u00edts\u00e1k \u00e9s ut\u00e1na a t\u0171zolt\u00f3k kiemelhess\u00e9k a halottat.<\/p>\n<p>A rend\u0151rs\u00e9g az esettel kapcsolatban a helysz\u00edni szemle ut\u00e1n, p\u00e9ntek d\u00e9lel\u0151ttre \u00edg\u00e9rt t\u00e1j\u00e9koztat\u00e1st.<\/p>\n<p>&nbsp;<\/p>\n","protected":false},"excerpt":{"rendered":"<p>A\u00a0Heves Megyei Rend\u0151r-f\u0151kapit\u00e1nys\u00e1g az esettel kapcsolatban annyit k\u00f6z\u00f6lt a honlapj\u00e1n, hogy a bejelent\u00e9s cs\u00fct\u00f6rt\u00f6k\u00f6n 17 \u00f3ra 30 perc k\u00f6r\u00fcli id\u0151ben \u00e9rkezett,\u00a0miszerint egy nagyf\u00fcgedi ingatlanon \u00e9letellenes b\u0171ncselekm\u00e9ny t\u00f6rt\u00e9nt. A k\u00f6r\u00fclm\u00e9nyek tiszt\u00e1z\u00e1sa \u00e9s a helysz\u00edni szemle megkezd\u0151d\u00f6tt.<br \/>\nGyilkoss\u00e1g t\u00f6rt\u00e9nt Nagyf\u00fcgeden.<br \/>\n\u00dagy tudjuk, hogy egy 20 \u00e9ves helyi fi\u00fa meg\u00f6lte az apj\u00e1t. A fiatal egy balt\u00e1val v\u00e1gta fejbe, majd az [&#8230;]<\/p>\n","protected":false},"author":4,"featured_media":0,"comment_status":"open","ping_status":"open","sticky":false,"template":"","format":"standard","meta":{"footnotes":""},"categories":[5],"tags":[1646,1079,1645,122],"class_list":["post-10000","post","type-post","status-publish","format-standard","hentry","category-kek-hirek","tag-fejsze","tag-gyilkossag","tag-nagyfuged","tag-rendorseg"],"_links":{"self":[{"href":"https:\/\/www.agriatv.hu\/index.php?rest_route=\/wp\/v2\/posts\/10000","targetHints":{"allow":["GET"]}}],"collection":[{"href":"https:\/\/www.agriatv.hu\/index.php?rest_route=\/wp\/v2\/posts"}],"about":[{"href":"https:\/\/www.agriatv.hu\/index.php?rest_route=\/wp\/v2\/types\/post"}],"author":[{"embeddable":true,"href":"https:\/\/www.agriatv.hu\/index.php?rest_route=\/wp\/v2\/users\/4"}],"replies":[{"embeddable":true,"href":"https:\/\/www.agriatv.hu\/index.php?rest_route=%2Fwp%2Fv2%2Fcomments&post=10000"}],"version-history":[{"count":3,"href":"https:\/\/www.agriatv.hu\/index.php?rest_route=\/wp\/v2\/posts\/10000\/revisions"}],"predecessor-version":[{"id":10004,"href":"https:\/\/www.agriatv.hu\/index.php?rest_route=\/wp\/v2\/posts\/10000\/revisions\/10004"}],"wp:attachment":[{"href":"https:\/\/www.agriatv.hu\/index.php?rest_route=%2Fwp%2Fv2%2Fmedia&parent=10000"}],"wp:term":[{"taxonomy":"category","embeddable":true,"href":"https:\/\/www.agriatv.hu\/index.php?rest_route=%2Fwp%2Fv2%2Fcategories&post=10000"},{"taxonomy":"post_tag","embeddable":true,"href":"https:\/\/www.agriatv.hu\/index.php?rest_route=%2Fwp%2Fv2%2Ftags&post=10000"}],"curies":[{"name":"wp","href":"https:\/\/api.w.org\/{rel}","templated":true}]}}