{"id":10015,"date":"2013-04-26T20:42:15","date_gmt":"2013-04-26T20:42:15","guid":{"rendered":"http:\/\/www.agriatv.hu\/?p=10015"},"modified":"2013-04-26T20:42:15","modified_gmt":"2013-04-26T20:42:15","slug":"ket-embert-gazoltak-el-a-zebran","status":"publish","type":"post","link":"https:\/\/www.agriatv.hu\/?p=10015","title":{"rendered":"K\u00e9t embert g\u00e1zoltak el a zebr\u00e1n"},"content":{"rendered":"<p><a href=\"https:\/\/www.agriatv.hu\/wp-content\/uploads\/2013\/04\/0427baleset_eger_v.jpg\"><img loading=\"lazy\" decoding=\"async\" class=\"alignleft size-medium wp-image-10016\" alt=\"0427baleset_eger_v\" src=\"https:\/\/www.agriatv.hu\/wp-content\/uploads\/2013\/04\/0427baleset_eger_v-300x240.jpg\" width=\"108\" height=\"65\" \/><\/a>K\u00e9t gyalogos s\u00e9r\u00fclt meg abban a balesetben, amely p\u00e9nteken este f\u00e9l kilenckor t\u00f6rt\u00e9nt Egerben, a De\u00e1k Ferenc \u00faton. Percek alatt \u00e9rkeztek a helysz\u00ednre a ment\u0151k, a rend\u0151rs\u00e9g \u00e9s a katasztr\u00f3fav\u00e9delem munkat\u00e1rsai. Az els\u0151 h\u00edrek szerint az egyik s\u00e9r\u00fclt a g\u00e1zol\u00f3 kocsi al\u00e1 szorult.<\/p>\n<p>Az osztr\u00e1k rendsz\u00e1m\u00fa g\u00e9pkocsi a Klapka utc\u00e1b\u00f3l fordult balra, egy id\u0151ben a gyalogosokkal.<\/p>\n<p>\u00dagy tudjuk, a g\u00e9pkocsit vezet\u0151 f\u00e9rfi szond\u00e1z\u00e1sa sor\u00e1n a berendez\u00e9s alkohol fogyaszt\u00e1s\u00e1t mutatta ki.<\/p>\n<p>A s\u00e9r\u00fclteket a ment\u0151k k\u00f3rh\u00e1zba sz\u00e1ll\u00edtott\u00e1k. A helysz\u00ednel\u00e9s idej\u00e9re az utat teljes sz\u00e9less\u00e9gben lez\u00e1rt\u00e1k.<\/p>\n<p>A baleset k\u00f6r\u00fclm\u00e9nyeit a rend\u0151rs\u00e9g vizsg\u00e1lja.<div class=\"wordtube\">\n<div class=\"wordtube single864\" id=\"WT1_1\" style=\"width:320px; height:240px;\">\n<a href=\"http:\/\/www.macromedia.com\/go\/getflashplayer\">Get the Flash Player<\/a> to see the wordTube Media Player.\n<\/div><\/div>\n\t<script type=\"text\/javascript\" defer=\"defer\">\nvar WT1_1 = {\n\tparams : {\n\t\twmode : \"opaque\",\n\t\tallowscriptaccess : \"always\",\n\t\tallownetworking : \"all\",\n\t\tallowfullscreen : \"true\"},\n\tflashvars : {\n\t\tfile : \"http%3A%2F%2Fwww.agriatv.hu%2Fwp-content%2Fuploads%2F2013%2F04%2F0427baleset_eger.flv\",\n\t\tvolume : \"80\",\n\t\tbufferlength : \"5\",\n\t\tquality : \"false\",\n\t\t'logo.hide' : \"false\",\n\t\timage : \"http%3A%2F%2Fwww.agriatv.hu%2Fwp-content%2Fuploads%2F2013%2F04%2F0427baleset_eger.jpg\",\n\t\ttitle : \"0427baleset_eger.flv\",\n\t\tlinktarget : \"_self\"},\n\tattr : {\n\t\tid : \"WT1\",\n\t\tname : \"WT1\"},\n\tstart : function() {\n\t\tswfobject.embedSWF(\"https:\/\/www.agriatv.hu\/\/player.swf\", \"WT1_1\", \"320\", \"240\", \"9.0.0\", false, this.flashvars, this.params , this.attr );\n\t}\n}\nWT1_1.start();\n\t<\/script>\n<\/p>\n","protected":false},"excerpt":{"rendered":"<p>K\u00e9t gyalogos s\u00e9r\u00fclt meg abban a balesetben, amely p\u00e9nteken este f\u00e9l kilenckor t\u00f6rt\u00e9nt Egerben, a De\u00e1k Ferenc \u00faton. Percek alatt \u00e9rkeztek a helysz\u00ednre a ment\u0151k, a rend\u0151rs\u00e9g \u00e9s a katasztr\u00f3fav\u00e9delem munkat\u00e1rsai. Az els\u0151 h\u00edrek szerint az egyik s\u00e9r\u00fclt a g\u00e1zol\u00f3 kocsi al\u00e1 szorult.<br \/>\nAz osztr\u00e1k rendsz\u00e1m\u00fa g\u00e9pkocsi a Klapka utc\u00e1b\u00f3l fordult balra, egy id\u0151ben a gyalogosokkal.<br \/>\n\u00dagy [&#8230;]<\/p>\n","protected":false},"author":4,"featured_media":0,"comment_status":"open","ping_status":"open","sticky":false,"template":"","format":"standard","meta":{"footnotes":""},"categories":[5],"tags":[921,41,396],"class_list":["post-10015","post","type-post","status-publish","format-standard","hentry","category-kek-hirek","tag-alkohol","tag-baleset","tag-gyalogos"],"_links":{"self":[{"href":"https:\/\/www.agriatv.hu\/index.php?rest_route=\/wp\/v2\/posts\/10015","targetHints":{"allow":["GET"]}}],"collection":[{"href":"https:\/\/www.agriatv.hu\/index.php?rest_route=\/wp\/v2\/posts"}],"about":[{"href":"https:\/\/www.agriatv.hu\/index.php?rest_route=\/wp\/v2\/types\/post"}],"author":[{"embeddable":true,"href":"https:\/\/www.agriatv.hu\/index.php?rest_route=\/wp\/v2\/users\/4"}],"replies":[{"embeddable":true,"href":"https:\/\/www.agriatv.hu\/index.php?rest_route=%2Fwp%2Fv2%2Fcomments&post=10015"}],"version-history":[{"count":2,"href":"https:\/\/www.agriatv.hu\/index.php?rest_route=\/wp\/v2\/posts\/10015\/revisions"}],"predecessor-version":[{"id":10018,"href":"https:\/\/www.agriatv.hu\/index.php?rest_route=\/wp\/v2\/posts\/10015\/revisions\/10018"}],"wp:attachment":[{"href":"https:\/\/www.agriatv.hu\/index.php?rest_route=%2Fwp%2Fv2%2Fmedia&parent=10015"}],"wp:term":[{"taxonomy":"category","embeddable":true,"href":"https:\/\/www.agriatv.hu\/index.php?rest_route=%2Fwp%2Fv2%2Fcategories&post=10015"},{"taxonomy":"post_tag","embeddable":true,"href":"https:\/\/www.agriatv.hu\/index.php?rest_route=%2Fwp%2Fv2%2Ftags&post=10015"}],"curies":[{"name":"wp","href":"https:\/\/api.w.org\/{rel}","templated":true}]}}