{"id":10033,"date":"2013-04-30T12:09:24","date_gmt":"2013-04-30T12:09:24","guid":{"rendered":"http:\/\/www.agriatv.hu\/?p=10033"},"modified":"2013-05-02T12:10:12","modified_gmt":"2013-05-02T12:10:12","slug":"kozonsegvonzo-a-20132014-es-egri-szinhazi-evadterv","status":"publish","type":"post","link":"https:\/\/www.agriatv.hu\/?p=10033","title":{"rendered":"K\u00f6z\u00f6ns\u00e9gvonz\u00f3 a 2013\/2014-es egri sz\u00ednh\u00e1zi \u00e9vadterv"},"content":{"rendered":"<p>&nbsp;<\/p>\n<p><img loading=\"lazy\" decoding=\"async\" class=\"alignleft\" alt=\"\" src=\"http:\/\/www.egriszin.hu\/RenderedContents\/IndexImages\/10\/10452-20130429100027-sokan_%281%29.jpg\" width=\"150\" height=\"100\" \/><\/p>\n<p><b>Sajt\u00f3t\u00e1j\u00e9koztat\u00f3n mutatta be Blask\u00f3 Bal\u00e1zs igazgat\u00f3 az egri G\u00e1rdonyi G\u00e9za Sz\u00ednh\u00e1z 2013\/2014-es \u00e9vad\u00e1nak m\u0171sorterv\u00e9t. Habis L\u00e1szl\u00f3 polg\u00e1rmester kifejtette, fontos, hogy a v\u00e1rosnak szerethet\u0151, pozit\u00edv kisug\u00e1rz\u00e1s\u00fa sz\u00ednh\u00e1za legyen, s ebben j\u00f3 \u00faton j\u00e1r a t\u00e1rsulat. <\/b><\/p>\n<div align=\"justify\">El\u0151ad\u00e1sainkkal egyre nagyobb n\u00e9z\u0151sz\u00e1mra t\u00f6reksz\u00fcnk, id\u00e9n 20%-kal t\u00f6bben v\u00e1ltottak b\u00e9rletet, ezt a tendenci\u00e1t szeretn\u00e9nk k\u00f6vetni. Fontos, hogy minden koroszt\u00e1lyt megsz\u00f3l\u00edtsunk \u2013 fogalmazott <em>Blask\u00f3 Bal\u00e1zs<\/em>.<\/div>\n<div align=\"justify\"><\/div>\n<div align=\"justify\">K\u00e9t, sokak \u00e9rdekl\u0151d\u00e9s\u00e9re sz\u00e1mot tarthat\u00f3 musicalt t\u0171z\u00fcnk m\u0171sorra: <em>Bal J\u00f3zsef<\/em> rendez\u00e9s\u00e9ben sz\u00ednpadra ker\u00fcl a <strong><em>K\u00e9pzelt riport egy amerikai popfesztiv\u00e1lr\u00f3l<\/em><\/strong>, melyhez fiatal, tehets\u00e9ges zenekart keres\u00fcnk, s ism\u00e9t l\u00e1that\u00f3 lesz <em><strong>A padl\u00e1s<\/strong><\/em>&#8211; ez\u00fattal <em>Halasi Imre<\/em> rendez\u00e9s\u00e9ben. L\u00e1thatja majd a k\u00f6z\u00f6ns\u00e9g a <strong><em>Hippolyt, a lak\u00e1j<\/em><\/strong> c. zen\u00e9s v\u00edgj\u00e1t\u00e9kot, a <strong><em>Hajmereszt\u0151<\/em><\/strong> c\u00edm\u0171 interakt\u00edv b\u0171n\u00fcgyi j\u00e1t\u00e9kot <em>Besenczy \u00c1rp\u00e1d<\/em> rendez\u00e9s\u00e9ben \u00e9s vend\u00e9gj\u00e1t\u00e9k\u00e1val, s V\u00f6r\u00f6smarty Mih\u00e1ly klasszikus\u00e1t, a <strong><em>Csongor \u00e9s T\u00fcnd\u00e9t<\/em><\/strong> is, amelyben a f\u00f6ldi \u00e9s az \u00e9gi vil\u00e1g \u00e1br\u00e1zol\u00e1s\u00e1t seg\u00edtik majd a t\u00e1ncm\u0171v\u00e9szek is. A G\u00e1rdonyi \u00e9vhez kapcsol\u00f3dva a 150 \u00e9vvel ezel\u0151tt sz\u00fcletett \u00edr\u00f3 <strong><em>Annuska<\/em><\/strong> c\u00edm\u0171 sz\u00ednm\u0171ve ker\u00fcl bemutat\u00e1sra. A gyerekeket v\u00e1rja m\u00e9g Grimm klasszikus meseh\u0151se, <strong><em>Holle any\u00f3<\/em><\/strong> is, az el\u0151ad\u00e1s a Babszem Jank\u00f3 Gyermeksz\u00ednh\u00e1zzal k\u00f6z\u00f6sen k\u00e9sz\u00fcl, Bar\u00e1th Zolt\u00e1n rendez\u00e9s\u00e9ben .<\/div>\n<div align=\"justify\">\nA st\u00fadi\u00f3sz\u00ednpadon az egri sz\u00ednh\u00e1z sz\u00e1m\u00e1ra \u00edrt Kocsis Istv\u00e1n dr\u00e1ma: <strong><em>A f\u00e9ny \u00e9jszak\u00e1ja<\/em><\/strong> \u0151sbemutat\u00f3j\u00e1ra k\u00e9sz\u00fcl\u00fcnk, melyet <em>Beke S\u00e1ndor<\/em> rendez, a darab N\u00e9meth L\u00e1szl\u00f3r\u00f3l \u00e9s h\u0151seir\u0151l sz\u00f3l. Itt ker\u00fcl m\u00e9g sz\u00ednre Leonard Gershe <strong><em>A pillang\u00f3k szabadok<\/em><\/strong> c\u00edm\u0171 sz\u00ednm\u0171ve, s egy t\u00e1ncj\u00e1t\u00e9k is, amely Moliere <strong><em>A k\u00e9pzelt beteg<\/em><\/strong> c\u00edm\u0171 m\u0171ve alapj\u00e1n k\u00e9sz\u00fcl. Emellett a Balassi Int\u00e9zettel k\u00f6z\u00f6sen G\u00e1rdonyi felolvas\u00f3- maratont szervez\u00fcnk, s okt\u00f3berben \u00fajra lesz St\u00fadi\u00f3sz\u00ednh\u00e1zi T\u00e1ncfesztiv\u00e1l.<\/div>\n<p>Fot\u00f3: Nemes R\u00f3bert<\/p>\n","protected":false},"excerpt":{"rendered":"<p>&nbsp;<\/p>\n<p>Sajt\u00f3t\u00e1j\u00e9koztat\u00f3n mutatta be Blask\u00f3 Bal\u00e1zs igazgat\u00f3 az egri G\u00e1rdonyi G\u00e9za Sz\u00ednh\u00e1z 2013\/2014-es \u00e9vad\u00e1nak m\u0171sorterv\u00e9t. Habis L\u00e1szl\u00f3 polg\u00e1rmester kifejtette, fontos, hogy a v\u00e1rosnak szerethet\u0151, pozit\u00edv kisug\u00e1rz\u00e1s\u00fa sz\u00ednh\u00e1za legyen, s ebben j\u00f3 \u00faton j\u00e1r a t\u00e1rsulat.<br \/>\nEl\u0151ad\u00e1sainkkal egyre nagyobb n\u00e9z\u0151sz\u00e1mra t\u00f6reksz\u00fcnk, id\u00e9n 20%-kal t\u00f6bben v\u00e1ltottak b\u00e9rletet, ezt a tendenci\u00e1t szeretn\u00e9nk k\u00f6vetni. Fontos, hogy minden koroszt\u00e1lyt megsz\u00f3l\u00edtsunk \u2013 [&#8230;]<\/p>\n","protected":false},"author":4,"featured_media":0,"comment_status":"open","ping_status":"open","sticky":false,"template":"","format":"standard","meta":{"footnotes":""},"categories":[8,4],"tags":[36,57],"class_list":["post-10033","post","type-post","status-publish","format-standard","hentry","category-kultura","category-szabadido","tag-eger","tag-szinhaz"],"_links":{"self":[{"href":"https:\/\/www.agriatv.hu\/index.php?rest_route=\/wp\/v2\/posts\/10033","targetHints":{"allow":["GET"]}}],"collection":[{"href":"https:\/\/www.agriatv.hu\/index.php?rest_route=\/wp\/v2\/posts"}],"about":[{"href":"https:\/\/www.agriatv.hu\/index.php?rest_route=\/wp\/v2\/types\/post"}],"author":[{"embeddable":true,"href":"https:\/\/www.agriatv.hu\/index.php?rest_route=\/wp\/v2\/users\/4"}],"replies":[{"embeddable":true,"href":"https:\/\/www.agriatv.hu\/index.php?rest_route=%2Fwp%2Fv2%2Fcomments&post=10033"}],"version-history":[{"count":2,"href":"https:\/\/www.agriatv.hu\/index.php?rest_route=\/wp\/v2\/posts\/10033\/revisions"}],"predecessor-version":[{"id":10035,"href":"https:\/\/www.agriatv.hu\/index.php?rest_route=\/wp\/v2\/posts\/10033\/revisions\/10035"}],"wp:attachment":[{"href":"https:\/\/www.agriatv.hu\/index.php?rest_route=%2Fwp%2Fv2%2Fmedia&parent=10033"}],"wp:term":[{"taxonomy":"category","embeddable":true,"href":"https:\/\/www.agriatv.hu\/index.php?rest_route=%2Fwp%2Fv2%2Fcategories&post=10033"},{"taxonomy":"post_tag","embeddable":true,"href":"https:\/\/www.agriatv.hu\/index.php?rest_route=%2Fwp%2Fv2%2Ftags&post=10033"}],"curies":[{"name":"wp","href":"https:\/\/api.w.org\/{rel}","templated":true}]}}