{"id":10044,"date":"2013-04-30T14:52:05","date_gmt":"2013-04-30T14:52:05","guid":{"rendered":"http:\/\/www.agriatv.hu\/?p=10044"},"modified":"2013-05-02T14:56:53","modified_gmt":"2013-05-02T14:56:53","slug":"mszp-hol-a-dohany-fidesz","status":"publish","type":"post","link":"https:\/\/www.agriatv.hu\/?p=10044","title":{"rendered":"MSZP: Hol a doh\u00e1ny FIDESZ?!"},"content":{"rendered":"<p style=\"text-align: left;\"><b><a href=\"https:\/\/www.agriatv.hu\/wp-content\/uploads\/2012\/10\/1016mszp_v.jpg\"><img loading=\"lazy\" decoding=\"async\" class=\"alignleft size-medium wp-image-8681\" alt=\"1016mszp_v\" src=\"https:\/\/www.agriatv.hu\/wp-content\/uploads\/2012\/10\/1016mszp_v-300x240.jpg\" width=\"105\" height=\"84\" srcset=\"https:\/\/www.agriatv.hu\/wp-content\/uploads\/2012\/10\/1016mszp_v-300x240.jpg 300w, https:\/\/www.agriatv.hu\/wp-content\/uploads\/2012\/10\/1016mszp_v.jpg 720w\" sizes=\"auto, (max-width: 105px) 100vw, 105px\" \/><\/a>Mintegy 40 ezer csal\u00e1d sors\u00e1t nyomor\u00edtja meg a FIDESZ- korm\u00e1ny a trafik-p\u00e1ly\u00e1zatok saj\u00e1t, ill. haveri, rokoni r\u00e9szre t\u00f6rt\u00e9n\u0151 elb\u00edr\u00e1l\u00e1s\u00e1val, ez Heves megy\u00e9ben is t\u00f6bb ezer csal\u00e1dot \u00e9rinthet.<\/b><\/p>\n<p style=\"text-align: left;\">Mint ismert az ut\u00f3bbi napokban z\u00e1rult le \u00e9s hirdett\u00e9k ki a nyerteseit az orsz\u00e1gszerte l\u00e9tes\u00edtend\u0151 mintegy 5200 trafik \u00fcgy\u00e9ben. L\u00e1z\u00e1r J\u00e1nos m\u00e1ris m\u00f3dos\u00edtani szeretn\u00e9 a doh\u00e1ny\u00e1rus\u00edt\u00e1sa vonatkoz\u00f3 t\u00f6rv\u00e9nyjavaslatot, amely tucatnyi ponton v\u00e1ltoztatn\u00e1 a doh\u00e1nyterm\u00e9kekre vonatkoz\u00f3 forgalmaz\u00e1si szab\u00e1lyokat, legf\u0151k\u00e9ppen az eddigi 3-4-5 sz\u00e1zal\u00e9kos \u00e1rr\u00e9st k\u00edv\u00e1nja 10, leg\u00fajabban pedig 12 sz\u00e1zal\u00e9kra emelni.<\/p>\n<p style=\"text-align: left;\">A kisziv\u00e1rgott inform\u00e1ci\u00f3k szerint, amelyek arr\u00f3l sz\u00f3lnak, hogy fideszes k\u00e9pvisel\u0151k d\u00f6nt\u00f6ttek k\u00fcl\u00f6nb\u00f6z\u0151 k\u00f6r\u00f6kben a trafikp\u00e1ly\u00e1zatok sors\u00e1r\u00f3l, ez kimer\u00edti a hivatali vissza\u00e9l\u00e9s \u00e9s a befoly\u00e1ssal val\u00f3 \u00fcz\u00e9rked\u00e9s b\u0171ncselekm\u00e9ny t\u00e9ny\u00e1ll\u00e1s\u00e1t, ez\u00e9rt az MSZP ismeretlen tettes ellen feljelent\u00e9ssel \u00e9l.<\/p>\n<p style=\"text-align: left;\"><b>A trafikok \u00fczemeltet\u00e9s\u00e9t orsz\u00e1gszerte, \u00edgy Heves megy\u00e9ben is fideszes \u00e9rdekelts\u00e9gi k\u00f6r\u00f6kh\u00f6z k\u00f6thet\u0151 szem\u00e9lyek nyert\u00e9k el, fideszes k\u00e9pvisel\u0151k rokonai, bar\u00e1tai, polg\u00e1rmesterek, vagy orsz\u00e1ggy\u0171l\u00e9si \u00e9s \u00f6nkorm\u00e1nyzati k\u00e9pvisel\u0151k.<\/b><\/p>\n<p style=\"text-align: left;\">Az MSZP k\u00f6veteli, hogy a korm\u00e1ny hozza nyilv\u00e1noss\u00e1gra a p\u00e1ly\u00e1zatokat elb\u00edr\u00e1l\u00f3k szem\u00e9ly\u00e9t, \u00e9rv\u00e9nytelen\u00edtse a nyertes p\u00e1ly\u00e1zatokat \u00e9s \u00edrjon ki \u00faj tendert.<\/p>\n<p style=\"text-align: left;\">A trafikbotr\u00e1ny j\u00f3l szeml\u00e9lteti, hogy az Orb\u00e1n-korm\u00e1ny mik\u00e9nt jutalmazza klient\u00far\u00e1j\u00e1t. Senkinek nem ismeretlen Egerben Farkas Imre P\u00e9ter, Orosz L\u00e1szl\u00f3, vagy Moln\u00e1rn\u00e9 Brinza Edit neve. A fidesz sz\u00e1m\u00e1ra az emberi tulajdon csak j\u00e1t\u00e9kszer, m\u00f3dszeresen lopja a kisemberek p\u00e9nz\u00e9t. Az utols\u00f3 egy \u00e9vben ki akarj\u00e1k rabolni az orsz\u00e1got.<\/p>\n<p style=\"text-align: left;\"><b>Heves megy\u00e9ben 121 telep\u00fcl\u00e9sen \u00f6sszesen 166 trafik lesz \u2013 j\u00f3 n\u00e9h\u00e1ny telep\u00fcl\u00e9sen nem lesz lehet\u0151s\u00e9g cigarettav\u00e1s\u00e1rl\u00e1sra &#8211; melyben jelent\u0151s sz\u00e1mban szerepelnek a Korm\u00e1nyhivatal, a megyei fideszes vezet\u00e9s \u00e9rdekelts\u00e9gi k\u00f6r\u00e9be tartoz\u00f3, lovassportban r\u00e9szt vev\u0151, vagy ak\u00e1r fideszes polg\u00e1rmesterekhez k\u00f6thet\u0151 nyertes p\u00e1ly\u00e1zatok. <\/b><\/p>\n<p style=\"text-align: left;\">2014-ben az MSZP korm\u00e1nyra ker\u00fclve \u00faj p\u00e1ly\u00e1zatot fog ki\u00edrni a trafikok \u00fczemeltet\u00e9s\u00e9re.<\/p>\n<p style=\"text-align: left;\">\u00a0\u00a0\u00a0\u00a0\u00a0\u00a0\u00a0\u00a0\u00a0\u00a0\u00a0 <i>\u00a0\u00a0\u00a0\u00a0\u00a0\u00a0\u00a0\u00a0\u00a0\u00a0\u00a0\u00a0\u00a0\u00a0\u00a0\u00a0\u00a0\u00a0\u00a0\u00a0\u00a0\u00a0\u00a0 Kor\u00f3zs Lajos \u00a0\u00a0\u00a0\u00a0\u00a0\u00a0\u00a0\u00a0\u00a0\u00a0\u00a0\u00a0\u00a0\u00a0\u00a0\u00a0\u00a0\u00a0\u00a0\u00a0\u00a0\u00a0\u00a0\u00a0\u00a0\u00a0\u00a0\u00a0\u00a0\u00a0\u00a0\u00a0\u00a0\u00a0\u00a0\u00a0 Dr. S\u00f3s Tam\u00e1s<\/i><\/p>\n<p style=\"text-align: left;\"><i>\u00a0\u00a0\u00a0\u00a0\u00a0\u00a0\u00a0\u00a0\u00a0\u00a0\u00a0\u00a0<\/i><i>\u00a0\u00a0\u00a0\u00a0\u00a0\u00a0\u00a0\u00a0\u00a0\u00a0\u00a0\u00a0\u00a0\u00a0\u00a0\u00a0\u00a0\u00a0\u00a0\u00a0\u00a0\u00a0 Eln\u00f6ks\u00e9gi tag \u00a0\u00a0\u00a0\u00a0\u00a0\u00a0\u00a0\u00a0\u00a0\u00a0\u00a0\u00a0\u00a0\u00a0\u00a0\u00a0\u00a0\u00a0\u00a0\u00a0\u00a0\u00a0\u00a0\u00a0 \u00a0\u00a0\u00a0\u00a0Orsz\u00e1ggy\u0171l\u00e9si k\u00e9pvisel\u0151<\/i><\/p>\n<p style=\"text-align: left;\"><i>\u00a0\u00a0\u00a0\u00a0\u00a0\u00a0\u00a0\u00a0\u00a0\u00a0\u00a0\u00a0\u00a0\u00a0\u00a0\u00a0\u00a0\u00a0\u00a0\u00a0\u00a0\u00a0\u00a0\u00a0\u00a0\u00a0\u00a0\u00a0\u00a0\u00a0\u00a0\u00a0\u00a0\u00a0 \u00a0\u00a0 MSZP \u00a0\u00a0\u00a0\u00a0\u00a0\u00a0\u00a0\u00a0\u00a0\u00a0\u00a0\u00a0\u00a0\u00a0\u00a0\u00a0\u00a0\u00a0\u00a0\u00a0\u00a0\u00a0\u00a0\u00a0\u00a0\u00a0\u00a0\u00a0\u00a0\u00a0\u00a0\u00a0\u00a0\u00a0\u00a0\u00a0\u00a0\u00a0\u00a0\u00a0\u00a0\u00a0\u00a0\u00a0 \u00a0\u00a0\u00a0\u00a0\u00a0MSZP<\/i><\/p>\n<p style=\"text-align: left;\">\n<p style=\"text-align: left;\"><a id=\"irc_mil\" style=\"border: 0px none;\" href=\"http:\/\/www.google.hu\/url?sa=i&amp;source=images&amp;cd=&amp;docid=XYwGwF5L3KfYoM&amp;tbnid=B1VLmgVbjSnFvM:&amp;ved=0CAgQjRwwAA&amp;url=http%3A%2F%2Fwww.agriatv.hu%2F%3Ftag%3Dfidesz&amp;ei=w3uCUdLsEoPlOuf6gCg&amp;psig=AFQjCNHBgKz8n0gViR-FBYblrQYHStJfkg&amp;ust=1367592259355486\" data-ved=\"0CAgQjRwwAA\"><img loading=\"lazy\" decoding=\"async\" class=\"alignleft\" id=\"irc_mi\" style=\"margin-top: 0px;\" alt=\"\" src=\"http:\/\/www.kaposon.hu\/news_images\/1174\/fidesz_logo_644_20100826203559_292.jpg\" width=\"99\" height=\"97\" \/><\/a><\/p>\n<p style=\"text-align: left;\"><strong>Reakci\u00f3 az MSZP \u00e1prilis 30-ai sajt\u00f3k\u00f6zlem\u00e9ny\u00e9re:<\/strong><\/p>\n<p style=\"text-align: left;\" align=\"center\"><em>Az MSZP megint a multik oldal\u00e1n \u00e1ll<\/em><\/p>\n<p style=\"text-align: left;\">\n<p style=\"text-align: left;\">Sajn\u00e1latos, hogy az MSZP k\u00e9ts\u00e9gbeesett politikai hadj\u00e1ratot ind\u00edtott az\u00e9rt, hogy megpr\u00f3b\u00e1lja elterelni a figyelmet az elm\u00falt 20 \u00e9v egyik legnagyobb politikai botr\u00e1ny\u00e1r\u00f3l. Arr\u00f3l a t\u00e9nyr\u0151l, hogy kider\u00fclt, a szocialist\u00e1k az \u201ealvil\u00e1ggal\u201d is k\u00e9pesek voltak lepakt\u00e1lni, csak az\u00e9rt, hogy a 2010-es v\u00e1laszt\u00e1sokon megtarts\u00e1k hatalmukat. Amikor szocialista politikusok a trafik\u00fcgyet t\u00e1madj\u00e1k, azt elfelejtik, hogy a korm\u00e1ny k\u00f6zel 6000 csal\u00e1di v\u00e1llalkoz\u00e1st k\u00edv\u00e1nt helyzetbe hozni a multikkal szemben. Azt is elfelejtik, hogy eddig mind\u00f6ssze 200 csal\u00e1di v\u00e1llalkoz\u00e1s foglalkozott csak doh\u00e1ny\u00e1rus\u00edt\u00e1ssal, tov\u00e1bbi 500 doh\u00e1ny- \u00e9s alkoholkereskedelemmel, a fennmarad\u00f3 39 ezer el\u00e1rus\u00edt\u00f3hely pedig \u00e9lelmiszer-\u00e1ruh\u00e1z, \u00e1ruh\u00e1zl\u00e1nc vagy \u00fczemanyagt\u00f6lt\u0151-\u00e1llom\u00e1s volt. Ezt csoportos\u00edtotta \u00e1t a korm\u00e1ny a csal\u00e1di v\u00e1llalkoz\u00e1sok ir\u00e1ny\u00e1ba. Persze, hogy ez sem tetszik a baloldalnak, ahogy a bankad\u00f3 n\u00f6vel\u00e9se, \u00e9s a rezsics\u00f6kkent\u00e9s sem tetszett nekik. Nyilv\u00e1nval\u00f3, hogy \u0151k mindig a k\u00fclf\u00f6ldi \u00e9rdekek oldal\u00e1n \u00e1llnak. Az is egy\u00e9rtelm\u0171, hogy a baloldal ebb\u0151l akar indulatot kov\u00e1csolni, feszt\u00fclts\u00e9geket kelteni \u00e9s elterelni a figyelmet a saj\u00e1t botr\u00e1ny\u00e1r\u00f3l.<\/p>\n<p style=\"text-align: left;\">Eger, 2013. \u00e1prilis 30.<\/p>\n<p style=\"text-align: left;\" align=\"right\">Dr. Gondos Istv\u00e1n<\/p>\n<p style=\"text-align: left;\" align=\"right\">frakci\u00f3vezet\u0151<\/p>\n<p style=\"text-align: left;\" align=\"right\">Heves Megyei K\u00f6zgy\u0171l\u00e9s<\/p>\n<p style=\"text-align: left;\" align=\"right\">FIDESZ-KDNP frakci\u00f3<\/p>\n","protected":false},"excerpt":{"rendered":"<p>Mintegy 40 ezer csal\u00e1d sors\u00e1t nyomor\u00edtja meg a FIDESZ- korm\u00e1ny a trafik-p\u00e1ly\u00e1zatok saj\u00e1t, ill. haveri, rokoni r\u00e9szre t\u00f6rt\u00e9n\u0151 elb\u00edr\u00e1l\u00e1s\u00e1val, ez Heves megy\u00e9ben is t\u00f6bb ezer csal\u00e1dot \u00e9rinthet.<br \/>\nMint ismert az ut\u00f3bbi napokban z\u00e1rult le \u00e9s hirdett\u00e9k ki a nyerteseit az orsz\u00e1gszerte l\u00e9tes\u00edtend\u0151 mintegy 5200 trafik \u00fcgy\u00e9ben. L\u00e1z\u00e1r J\u00e1nos m\u00e1ris m\u00f3dos\u00edtani szeretn\u00e9 a doh\u00e1ny\u00e1rus\u00edt\u00e1sa vonatkoz\u00f3 t\u00f6rv\u00e9nyjavaslatot, amely [&#8230;]<\/p>\n","protected":false},"author":4,"featured_media":0,"comment_status":"open","ping_status":"open","sticky":false,"template":"","format":"standard","meta":{"footnotes":""},"categories":[6,450,3],"tags":[1652,80,79,1653],"class_list":["post-10044","post","type-post","status-publish","format-standard","hentry","category-belfold","category-gazdasag-2","category-politika","tag-dohany","tag-fidesz","tag-mszp","tag-trafik"],"_links":{"self":[{"href":"https:\/\/www.agriatv.hu\/index.php?rest_route=\/wp\/v2\/posts\/10044","targetHints":{"allow":["GET"]}}],"collection":[{"href":"https:\/\/www.agriatv.hu\/index.php?rest_route=\/wp\/v2\/posts"}],"about":[{"href":"https:\/\/www.agriatv.hu\/index.php?rest_route=\/wp\/v2\/types\/post"}],"author":[{"embeddable":true,"href":"https:\/\/www.agriatv.hu\/index.php?rest_route=\/wp\/v2\/users\/4"}],"replies":[{"embeddable":true,"href":"https:\/\/www.agriatv.hu\/index.php?rest_route=%2Fwp%2Fv2%2Fcomments&post=10044"}],"version-history":[{"count":1,"href":"https:\/\/www.agriatv.hu\/index.php?rest_route=\/wp\/v2\/posts\/10044\/revisions"}],"predecessor-version":[{"id":10045,"href":"https:\/\/www.agriatv.hu\/index.php?rest_route=\/wp\/v2\/posts\/10044\/revisions\/10045"}],"wp:attachment":[{"href":"https:\/\/www.agriatv.hu\/index.php?rest_route=%2Fwp%2Fv2%2Fmedia&parent=10044"}],"wp:term":[{"taxonomy":"category","embeddable":true,"href":"https:\/\/www.agriatv.hu\/index.php?rest_route=%2Fwp%2Fv2%2Fcategories&post=10044"},{"taxonomy":"post_tag","embeddable":true,"href":"https:\/\/www.agriatv.hu\/index.php?rest_route=%2Fwp%2Fv2%2Ftags&post=10044"}],"curies":[{"name":"wp","href":"https:\/\/api.w.org\/{rel}","templated":true}]}}