{"id":10076,"date":"2013-05-07T08:52:21","date_gmt":"2013-05-07T08:52:21","guid":{"rendered":"http:\/\/www.agriatv.hu\/?p=10076"},"modified":"2013-05-07T08:55:24","modified_gmt":"2013-05-07T08:55:24","slug":"arokba-borult-egy-kamion-az-m3-as-autopalyan","status":"publish","type":"post","link":"https:\/\/www.agriatv.hu\/?p=10076","title":{"rendered":"\u00c1rokba borult egy kamion az M3-as aut\u00f3p\u00e1ly\u00e1n"},"content":{"rendered":"<p><strong><a href=\"https:\/\/www.agriatv.hu\/wp-content\/uploads\/2013\/05\/0507baleset_m3_v.jpg\"><img loading=\"lazy\" decoding=\"async\" class=\"alignleft size-medium wp-image-10077\" alt=\"0507baleset_m3_v\" src=\"https:\/\/www.agriatv.hu\/wp-content\/uploads\/2013\/05\/0507baleset_m3_v-300x240.jpg\" width=\"100\" height=\"65\" \/><\/a>\u00c1rokba borult egy kamion az M3-as aut\u00f3p\u00e1ly\u00e1n, a 119-es kilom\u00e9terszelv\u00e9nyn\u00e9l, a f\u00fczesabonyi lehajt\u00f3n\u00e1l.<\/strong><\/p>\n<p>\u00c1rokba borult egy kamion az M3-as aut\u00f3p\u00e1ly\u00e1n, a 119-es kilom\u00e9terszelv\u00e9nyn\u00e9l, a f\u00fczesabonyi lehajt\u00f3n\u00e1l &#8211; t\u00e1j\u00e9koztatta a Bel\u00fcgyminiszt\u00e9rium Orsz\u00e1gos Katasztr\u00f3fav\u00e9delmi szolg\u00e1lata kedd reggel az MTI-t.<\/p>\n<p>A k\u00f6zlem\u00e9ny szerint a kamion vegyes rakom\u00e1ny\u00e1ban n\u00f6v\u00e9nyv\u00e9d\u0151 szerek is voltak.<\/p>\n<p>A baleset helysz\u00edn\u00e9n a mez\u0151k\u00f6vesdi t\u0171zolt\u00f3k, a Borsod megyei katasztr\u00f3fav\u00e9delmi mobil labor \u00e9s a Heves megyei katasztr\u00f3fav\u00e9delmi m\u0171veleti szolg\u00e1lat munkat\u00e1rsai dolgoznak.<\/p>\n<p>Forr\u00e1s: MTI<div class=\"wordtube\">\n<div class=\"wordtube single872\" id=\"WT1_1\" style=\"width:320px; height:240px;\">\n<a href=\"http:\/\/www.macromedia.com\/go\/getflashplayer\">Get the Flash Player<\/a> to see the wordTube Media Player.\n<\/div><\/div>\n\t<script type=\"text\/javascript\" defer=\"defer\">\nvar WT1_1 = {\n\tparams : {\n\t\twmode : \"opaque\",\n\t\tallowscriptaccess : \"always\",\n\t\tallownetworking : \"all\",\n\t\tallowfullscreen : \"true\"},\n\tflashvars : {\n\t\tfile : \"http%3A%2F%2Fwww.agriatv.hu%2Fwp-content%2Fuploads%2F2013%2F05%2F0507baleset_m3.flv\",\n\t\tvolume : \"80\",\n\t\tbufferlength : \"5\",\n\t\tquality : \"false\",\n\t\t'logo.hide' : \"false\",\n\t\timage : \"http%3A%2F%2Fwww.agriatv.hu%2Fwp-content%2Fuploads%2F2013%2F05%2F0507baleset_m3.jpg\",\n\t\ttitle : \"0507baleset_m3.flv\",\n\t\tlinktarget : \"_self\"},\n\tattr : {\n\t\tid : \"WT1\",\n\t\tname : \"WT1\"},\n\tstart : function() {\n\t\tswfobject.embedSWF(\"https:\/\/www.agriatv.hu\/\/player.swf\", \"WT1_1\", \"320\", \"240\", \"9.0.0\", false, this.flashvars, this.params , this.attr );\n\t}\n}\nWT1_1.start();\n\t<\/script>\n<\/p>\n","protected":false},"excerpt":{"rendered":"<p>\u00c1rokba borult egy kamion az M3-as aut\u00f3p\u00e1ly\u00e1n, a 119-es kilom\u00e9terszelv\u00e9nyn\u00e9l, a f\u00fczesabonyi lehajt\u00f3n\u00e1l.<br \/>\n\u00c1rokba borult egy kamion az M3-as aut\u00f3p\u00e1ly\u00e1n, a 119-es kilom\u00e9terszelv\u00e9nyn\u00e9l, a f\u00fczesabonyi lehajt\u00f3n\u00e1l &#8211; t\u00e1j\u00e9koztatta a Bel\u00fcgyminiszt\u00e9rium Orsz\u00e1gos Katasztr\u00f3fav\u00e9delmi szolg\u00e1lata kedd reggel az MTI-t.<br \/>\nA k\u00f6zlem\u00e9ny szerint a kamion vegyes rakom\u00e1ny\u00e1ban n\u00f6v\u00e9nyv\u00e9d\u0151 szerek is voltak.<br \/>\nA baleset helysz\u00edn\u00e9n a mez\u0151k\u00f6vesdi t\u0171zolt\u00f3k, a Borsod megyei katasztr\u00f3fav\u00e9delmi [&#8230;]<\/p>\n","protected":false},"author":4,"featured_media":0,"comment_status":"open","ping_status":"open","sticky":false,"template":"","format":"standard","meta":{"footnotes":""},"categories":[5],"tags":[41,875,844,1657],"class_list":["post-10076","post","type-post","status-publish","format-standard","hentry","category-kek-hirek","tag-baleset","tag-kamion","tag-m3","tag-vegyszer"],"_links":{"self":[{"href":"https:\/\/www.agriatv.hu\/index.php?rest_route=\/wp\/v2\/posts\/10076","targetHints":{"allow":["GET"]}}],"collection":[{"href":"https:\/\/www.agriatv.hu\/index.php?rest_route=\/wp\/v2\/posts"}],"about":[{"href":"https:\/\/www.agriatv.hu\/index.php?rest_route=\/wp\/v2\/types\/post"}],"author":[{"embeddable":true,"href":"https:\/\/www.agriatv.hu\/index.php?rest_route=\/wp\/v2\/users\/4"}],"replies":[{"embeddable":true,"href":"https:\/\/www.agriatv.hu\/index.php?rest_route=%2Fwp%2Fv2%2Fcomments&post=10076"}],"version-history":[{"count":3,"href":"https:\/\/www.agriatv.hu\/index.php?rest_route=\/wp\/v2\/posts\/10076\/revisions"}],"predecessor-version":[{"id":10080,"href":"https:\/\/www.agriatv.hu\/index.php?rest_route=\/wp\/v2\/posts\/10076\/revisions\/10080"}],"wp:attachment":[{"href":"https:\/\/www.agriatv.hu\/index.php?rest_route=%2Fwp%2Fv2%2Fmedia&parent=10076"}],"wp:term":[{"taxonomy":"category","embeddable":true,"href":"https:\/\/www.agriatv.hu\/index.php?rest_route=%2Fwp%2Fv2%2Fcategories&post=10076"},{"taxonomy":"post_tag","embeddable":true,"href":"https:\/\/www.agriatv.hu\/index.php?rest_route=%2Fwp%2Fv2%2Ftags&post=10076"}],"curies":[{"name":"wp","href":"https:\/\/api.w.org\/{rel}","templated":true}]}}