{"id":10188,"date":"2013-05-20T14:58:04","date_gmt":"2013-05-20T14:58:04","guid":{"rendered":"http:\/\/www.agriatv.hu\/?p=10188"},"modified":"2013-05-20T15:01:38","modified_gmt":"2013-05-20T15:01:38","slug":"brutalis-gyilkossag-egerszalokon","status":"publish","type":"post","link":"https:\/\/www.agriatv.hu\/?p=10188","title":{"rendered":"Brut\u00e1lis gyilkoss\u00e1g Egerszal\u00f3kon"},"content":{"rendered":"<p align=\"justify\"><a href=\"https:\/\/www.agriatv.hu\/wp-content\/uploads\/2013\/05\/0520egerszalok_gyilok_v.jpg\"><img loading=\"lazy\" decoding=\"async\" class=\"alignleft size-medium wp-image-10189\" alt=\"0520egerszalok_gyilok_v\" src=\"https:\/\/www.agriatv.hu\/wp-content\/uploads\/2013\/05\/0520egerszalok_gyilok_v-300x240.jpg\" width=\"109\" height=\"65\" \/><\/a>H\u00e9tf\u0151n, a kora reggeli \u00f3r\u00e1kban \u00e9rkezett bejelent\u00e9s\u00a0 a Heves Megyei Rend\u0151r-f\u0151kapit\u00e1nys\u00e1g \u00fcgyelet\u00e9re, miszerint egy egerszal\u00f3ki csal\u00e1di h\u00e1zba ismeretlen szem\u00e9ly vagy szem\u00e9lyek behatoltak, majd az ott \u00e9l\u0151 id\u0151s h\u00e1zasp\u00e1rt megk\u00f6t\u00f6zt\u00e9k. Az \u00e9p\u00fcletben kutat\u00e1st v\u00e9geztek, ezt k\u00f6vet\u0151en elmenek\u00fcltek a helysz\u00ednr\u0151l.<\/p>\n<p align=\"justify\">A h\u00e1zasp\u00e1r f\u00e9rfi tagja a helysz\u00edn\u00e9n \u00e9let\u00e9t vesztette, a feles\u00e9g\u00e9t a ment\u0151szolg\u00e1lat orvosi ell\u00e1t\u00e1sra elsz\u00e1ll\u00edtotta.<\/p>\n<p align=\"justify\">\u00dagy tudjuk, az id\u0151s h\u00e1zasp\u00e1rt brut\u00e1lisan \u00f6sszevert\u00e9k, reggel az \u00e1pol\u00f3juk tal\u00e1lt r\u00e1juk.<\/p>\n<p align=\"justify\">A hozz\u00e1tartoz\u00f3k elmondt\u00e1k: sok p\u00e9nzt nem zs\u00e1km\u00e1nyolhatott az elk\u00f6vet\u0151.<\/p>\n<p align=\"justify\">A szomsz\u00e9dok szerint nemr\u00e9giben egy k\u00f6zeli h\u00e1zat fosztottak ki, szerencs\u00e9re ott senkit sem b\u00e1ntalmaztak.<\/p>\n<p align=\"justify\">A Heves Megyei Rend\u0151r-f\u0151kapit\u00e1nys\u00e1g nagy er\u0151kkel megkezdte a helysz\u00edni szeml\u00e9t \u00e9s az elk\u00f6vet\u0151k felkutat\u00e1s\u00e1t.<div class=\"wordtube\">\n<div class=\"wordtube single886\" id=\"WT1_1\" style=\"width:320px; height:240px;\">\n<a href=\"http:\/\/www.macromedia.com\/go\/getflashplayer\">Get the Flash Player<\/a> to see the wordTube Media Player.\n<\/div><\/div>\n\t<script type=\"text\/javascript\" defer=\"defer\">\nvar WT1_1 = {\n\tparams : {\n\t\twmode : \"opaque\",\n\t\tallowscriptaccess : \"always\",\n\t\tallownetworking : \"all\",\n\t\tallowfullscreen : \"true\"},\n\tflashvars : {\n\t\tfile : \"http%3A%2F%2Fwww.agriatv.hu%2Fwp-content%2Fuploads%2F2013%2F05%2F0520egerszalok_gyilok.flv\",\n\t\tvolume : \"80\",\n\t\tbufferlength : \"5\",\n\t\tquality : \"false\",\n\t\t'logo.hide' : \"false\",\n\t\timage : \"http%3A%2F%2Fwww.agriatv.hu%2Fwp-content%2Fuploads%2F2013%2F05%2F0520egerszalok_gyilok.jpg\",\n\t\ttitle : \"0520egerszalok_gyilok.flv\",\n\t\tlinktarget : \"_self\"},\n\tattr : {\n\t\tid : \"WT1\",\n\t\tname : \"WT1\"},\n\tstart : function() {\n\t\tswfobject.embedSWF(\"https:\/\/www.agriatv.hu\/\/player.swf\", \"WT1_1\", \"320\", \"240\", \"9.0.0\", false, this.flashvars, this.params , this.attr );\n\t}\n}\nWT1_1.start();\n\t<\/script>\n<\/p>\n<div>\n<div>\n<div>\n<p align=\"justify\"><strong>Az Egerszal\u00f3kon 2013. m\u00e1jus 20-\u00e1n a reggeli \u00f3r\u00e1kban ismertt\u00e9 v\u00e1lt b\u0171ncselekm\u00e9ny helysz\u00edn\u00e9n jelenleg is tart a helysz\u00edni szemle. Egyel\u0151re nem ismert, hogy a holtan tal\u00e1lt 84 \u00e9ves f\u00e9rfi hal\u00e1l\u00e1t mi okozta. Ugyancsak nem tiszt\u00e1zott, hogy az ismeretlen elk\u00f6vet\u0151 vagy elk\u00f6vet\u0151k eltulajdon\u00edtottak-e, s ha igen, milyen \u00e9rt\u00e9keket az ingatlanb\u00f3l. A Heves Megyei Rend\u0151r-f\u0151kapit\u00e1nys\u00e1g az ezekben a k\u00e9rd\u00e9sk\u00f6r\u00f6kben megjelenteket tal\u00e1lgat\u00e1snak min\u0151s\u00edti.<\/strong><\/p>\n<p align=\"justify\"><strong>\u00a0<\/strong><\/p>\n<p align=\"right\"><strong>Heves Megyei Rend\u0151r-f\u0151kapit\u00e1nys\u00e1g<\/strong><\/p>\n<\/div>\n<\/div>\n<\/div>\n<p align=\"justify\">\n","protected":false},"excerpt":{"rendered":"<p>H\u00e9tf\u0151n, a kora reggeli \u00f3r\u00e1kban \u00e9rkezett bejelent\u00e9s\u00a0 a Heves Megyei Rend\u0151r-f\u0151kapit\u00e1nys\u00e1g \u00fcgyelet\u00e9re, miszerint egy egerszal\u00f3ki csal\u00e1di h\u00e1zba ismeretlen szem\u00e9ly vagy szem\u00e9lyek behatoltak, majd az ott \u00e9l\u0151 id\u0151s h\u00e1zasp\u00e1rt megk\u00f6t\u00f6zt\u00e9k. Az \u00e9p\u00fcletben kutat\u00e1st v\u00e9geztek, ezt k\u00f6vet\u0151en elmenek\u00fcltek a helysz\u00ednr\u0151l.<br \/>\nA h\u00e1zasp\u00e1r f\u00e9rfi tagja a helysz\u00edn\u00e9n \u00e9let\u00e9t vesztette, a feles\u00e9g\u00e9t a ment\u0151szolg\u00e1lat orvosi ell\u00e1t\u00e1sra elsz\u00e1ll\u00edtotta.<br \/>\n\u00dagy tudjuk, az id\u0151s [&#8230;]<\/p>\n","protected":false},"author":4,"featured_media":0,"comment_status":"open","ping_status":"open","sticky":false,"template":"","format":"standard","meta":{"footnotes":""},"categories":[5],"tags":[1079,1371,747,692,122],"class_list":["post-10188","post","type-post","status-publish","format-standard","hentry","category-kek-hirek","tag-gyilkossag","tag-idos","tag-nyomozas","tag-rablas","tag-rendorseg"],"_links":{"self":[{"href":"https:\/\/www.agriatv.hu\/index.php?rest_route=\/wp\/v2\/posts\/10188","targetHints":{"allow":["GET"]}}],"collection":[{"href":"https:\/\/www.agriatv.hu\/index.php?rest_route=\/wp\/v2\/posts"}],"about":[{"href":"https:\/\/www.agriatv.hu\/index.php?rest_route=\/wp\/v2\/types\/post"}],"author":[{"embeddable":true,"href":"https:\/\/www.agriatv.hu\/index.php?rest_route=\/wp\/v2\/users\/4"}],"replies":[{"embeddable":true,"href":"https:\/\/www.agriatv.hu\/index.php?rest_route=%2Fwp%2Fv2%2Fcomments&post=10188"}],"version-history":[{"count":4,"href":"https:\/\/www.agriatv.hu\/index.php?rest_route=\/wp\/v2\/posts\/10188\/revisions"}],"predecessor-version":[{"id":10193,"href":"https:\/\/www.agriatv.hu\/index.php?rest_route=\/wp\/v2\/posts\/10188\/revisions\/10193"}],"wp:attachment":[{"href":"https:\/\/www.agriatv.hu\/index.php?rest_route=%2Fwp%2Fv2%2Fmedia&parent=10188"}],"wp:term":[{"taxonomy":"category","embeddable":true,"href":"https:\/\/www.agriatv.hu\/index.php?rest_route=%2Fwp%2Fv2%2Fcategories&post=10188"},{"taxonomy":"post_tag","embeddable":true,"href":"https:\/\/www.agriatv.hu\/index.php?rest_route=%2Fwp%2Fv2%2Ftags&post=10188"}],"curies":[{"name":"wp","href":"https:\/\/api.w.org\/{rel}","templated":true}]}}