{"id":10195,"date":"2013-05-21T17:17:54","date_gmt":"2013-05-21T17:17:54","guid":{"rendered":"http:\/\/www.agriatv.hu\/?p=10195"},"modified":"2013-05-21T17:19:00","modified_gmt":"2013-05-21T17:19:00","slug":"megsullyedt-az-utburkolat-elkerulik-a-buszok-a-belvarost","status":"publish","type":"post","link":"https:\/\/www.agriatv.hu\/?p=10195","title":{"rendered":"Megs\u00fcllyedt az \u00fatburkolat, lez\u00e1rj\u00e1k a Csiky utc\u00e1t"},"content":{"rendered":"<p><strong><a href=\"https:\/\/www.agriatv.hu\/wp-content\/uploads\/2013\/05\/0521utszakadas_eger_v.jpg\"><img loading=\"lazy\" decoding=\"async\" class=\"alignleft size-medium wp-image-10196\" alt=\"0521utszakadas_eger_v\" src=\"https:\/\/www.agriatv.hu\/wp-content\/uploads\/2013\/05\/0521utszakadas_eger_v-300x240.jpg\" width=\"96\" height=\"59\" \/><\/a>Megs\u00fcllyedt, a szakemberek szerint b\u00e1rmikor beszakadhat az egri Csiky S\u00e1ndor utca burkolata, ez\u00e9rt h\u00e9tf\u0151n terel\u0151b\u00f3j\u00e1t helyeztek ki. Szerd\u00e1t\u00f3l a j\u00e1rm\u0171forgalmat elterelik, s elkezd\u0151dik a helyre\u00e1ll\u00edt\u00e1s.<br \/>\n<\/strong><\/p>\n<p>\u2013 A p\u00fcnk\u00f6sdi h\u00e9tv\u00e9g\u00e9n nagy mennyis\u00e9g\u0171 csapad\u00e9k hullott Egerben \u00e9s a Csiky utca alatt h\u00faz\u00f3d\u00f3 csapad\u00e9kv\u00edz-elvezet\u0151 csatorna ezt m\u00e1r nem b\u00edrta el, er\u0151sen megs\u00fcllyedt a burkolat \u2013 mondta <strong>Kiss Zolt\u00e1n<\/strong>, az egri \u00f6nkorm\u00e1nyzat v\u00e1ros\u00fczemeltet\u00e9si irod\u00e1j\u00e1nak munkat\u00e1rsa.<br \/>\n\u2013 A szakemberek m\u00e9g h\u00e9tf\u0151n a helysz\u00ednen meg\u00e1llap\u00edtott\u00e1k, hogy a nagy forgalm\u00fa utca burkolata b\u00e1rmikor beszakadhat, ez\u00e9rt rakt\u00e1k ki a b\u00f3j\u00e1t. Sebess\u00e9gkorl\u00e1toz\u00e1s az eml\u00edtett szakaszon m\u00e1r k\u00e9t h\u00f3napja \u00e9rv\u00e9nyben van.<\/p>\n<p>A felt\u00e1r\u00e1st k\u00f6vet\u0151en napokon bel\u00fcl elkezd\u0151dik el\u0151sz\u00f6r a csapad\u00e9k-elvezet\u0151 csatorna helyre\u00e1ll\u00edt\u00e1sa, ami az \u00fatburkolat jav\u00edt\u00e1sa k\u00f6vet.<br \/>\nLegal\u00e1bb h\u00e1rom h\u00e9tig elker\u00fclik az aut\u00f3buszok a Csiky utca Sz\u00e9chenyi utca fel\u00e9 es\u0151 szakasz\u00e1t, \u00edgy k\u00e9t buszmeg\u00e1ll\u00f3, a f\u0151posta el\u0151tti \u00e9s a T\u0171zolt\u00f3 t\u00e9ri kimarad. Az \u00c9szak fel\u00e9 k\u00f6zleked\u0151 j\u00e1ratok a Bark\u00f3czy utc\u00e1r\u00f3l a Csikyn kereszt\u00fcl a 25-\u00f6s \u00fat fel\u00e9 ker\u00fclnek majd. Visszafel\u00e9 pedig a R\u00f3zsa K\u00e1roly utc\u00e1n kereszt\u00fcl \u00e9rik el a Bark\u00f3czy utc\u00e1t.<div class=\"wordtube\">\n<div class=\"wordtube single887\" id=\"WT1_1\" style=\"width:320px; height:240px;\">\n<a href=\"http:\/\/www.macromedia.com\/go\/getflashplayer\">Get the Flash Player<\/a> to see the wordTube Media Player.\n<\/div><\/div>\n\t<script type=\"text\/javascript\" defer=\"defer\">\nvar WT1_1 = {\n\tparams : {\n\t\twmode : \"opaque\",\n\t\tallowscriptaccess : \"always\",\n\t\tallownetworking : \"all\",\n\t\tallowfullscreen : \"true\"},\n\tflashvars : {\n\t\tfile : \"http%3A%2F%2Fwww.agriatv.hu%2Fwp-content%2Fuploads%2F2013%2F05%2F0521utszakadas_eger.flv\",\n\t\tvolume : \"80\",\n\t\tbufferlength : \"5\",\n\t\tquality : \"false\",\n\t\t'logo.hide' : \"false\",\n\t\timage : \"http%3A%2F%2Fwww.agriatv.hu%2Fwp-content%2Fuploads%2F2013%2F05%2F0521utszakadas_eger.jpg\",\n\t\ttitle : \"0521utszakadas_eger.flv\",\n\t\tlinktarget : \"_self\"},\n\tattr : {\n\t\tid : \"WT1\",\n\t\tname : \"WT1\"},\n\tstart : function() {\n\t\tswfobject.embedSWF(\"https:\/\/www.agriatv.hu\/\/player.swf\", \"WT1_1\", \"320\", \"240\", \"9.0.0\", false, this.flashvars, this.params , this.attr );\n\t}\n}\nWT1_1.start();\n\t<\/script>\n<\/p>\n<p>Az \u00f6nkorm\u00e1nyzat munkat\u00e1rsa elmondta: mindk\u00e9t ir\u00e1nyb\u00f3l lez\u00e1rj\u00e1k szerda reggelt\u0151l a teljes aut\u00f3forgalom el\u0151l a Csiky utca als\u00f3 szakasz\u00e1t, \u00e9s a gyalogosforgalmat is korl\u00e1tozz\u00e1k. Mindazok, akiknek az aut\u00f3ja az elm\u00falt napokban megs\u00e9r\u00fclt a megs\u00fcllyedt \u00faton, k\u00e1rig\u00e9ny\u00fcket bejelenthetik a v\u00e1rosh\u00e1z\u00e1n, ha tan\u00fakkal, vagy rend\u0151rs\u00e9gi jegyz\u0151k\u00f6nyvvel bizony\u00edtj\u00e1k, hogy a csatorna miatt megs\u00fcllyedt \u00fat okozta a k\u00e1rukat.<\/p>\n<p>Az egri <strong>Nagy K\u00e1roly <\/strong>ezt m\u00e1r megtette. Elmondta: \u0151 m\u00e9g vas\u00e1rnap j\u00e1rt szerencs\u00e9tlen\u00fcl, az aut\u00f3ja alv\u00e1za s\u00e9r\u00fclt, mert akkor m\u00e9g nem volt b\u00f3j\u00e1val megjel\u00f6lve a s\u00fcllyed\u00e9s.<\/p>\n<p>&nbsp;<\/p>\n","protected":false},"excerpt":{"rendered":"<p>Megs\u00fcllyedt, a szakemberek szerint b\u00e1rmikor beszakadhat az egri Csiky S\u00e1ndor utca burkolata, ez\u00e9rt h\u00e9tf\u0151n terel\u0151b\u00f3j\u00e1t helyeztek ki. Szerd\u00e1t\u00f3l a j\u00e1rm\u0171forgalmat elterelik, s elkezd\u0151dik a helyre\u00e1ll\u00edt\u00e1s.<\/p>\n<p>\u2013 A p\u00fcnk\u00f6sdi h\u00e9tv\u00e9g\u00e9n nagy mennyis\u00e9g\u0171 csapad\u00e9k hullott Egerben \u00e9s a Csiky utca alatt h\u00faz\u00f3d\u00f3 csapad\u00e9kv\u00edz-elvezet\u0151 csatorna ezt m\u00e1r nem b\u00edrta el, er\u0151sen megs\u00fcllyedt a burkolat \u2013 mondta Kiss Zolt\u00e1n, az [&#8230;]<\/p>\n","protected":false},"author":4,"featured_media":0,"comment_status":"open","ping_status":"open","sticky":false,"template":"","format":"standard","meta":{"footnotes":""},"categories":[6],"tags":[1085,968,36,650,1263,649],"class_list":["post-10195","post","type-post","status-publish","format-standard","hentry","category-belfold","tag-auto","tag-busz","tag-eger","tag-kozlekedes","tag-serules","tag-ut"],"_links":{"self":[{"href":"https:\/\/www.agriatv.hu\/index.php?rest_route=\/wp\/v2\/posts\/10195","targetHints":{"allow":["GET"]}}],"collection":[{"href":"https:\/\/www.agriatv.hu\/index.php?rest_route=\/wp\/v2\/posts"}],"about":[{"href":"https:\/\/www.agriatv.hu\/index.php?rest_route=\/wp\/v2\/types\/post"}],"author":[{"embeddable":true,"href":"https:\/\/www.agriatv.hu\/index.php?rest_route=\/wp\/v2\/users\/4"}],"replies":[{"embeddable":true,"href":"https:\/\/www.agriatv.hu\/index.php?rest_route=%2Fwp%2Fv2%2Fcomments&post=10195"}],"version-history":[{"count":5,"href":"https:\/\/www.agriatv.hu\/index.php?rest_route=\/wp\/v2\/posts\/10195\/revisions"}],"predecessor-version":[{"id":10200,"href":"https:\/\/www.agriatv.hu\/index.php?rest_route=\/wp\/v2\/posts\/10195\/revisions\/10200"}],"wp:attachment":[{"href":"https:\/\/www.agriatv.hu\/index.php?rest_route=%2Fwp%2Fv2%2Fmedia&parent=10195"}],"wp:term":[{"taxonomy":"category","embeddable":true,"href":"https:\/\/www.agriatv.hu\/index.php?rest_route=%2Fwp%2Fv2%2Fcategories&post=10195"},{"taxonomy":"post_tag","embeddable":true,"href":"https:\/\/www.agriatv.hu\/index.php?rest_route=%2Fwp%2Fv2%2Ftags&post=10195"}],"curies":[{"name":"wp","href":"https:\/\/api.w.org\/{rel}","templated":true}]}}