{"id":10202,"date":"2013-05-21T18:52:24","date_gmt":"2013-05-21T18:52:24","guid":{"rendered":"http:\/\/www.agriatv.hu\/?p=10202"},"modified":"2013-05-21T18:52:24","modified_gmt":"2013-05-21T18:52:24","slug":"istallotuz-kapolnan","status":"publish","type":"post","link":"https:\/\/www.agriatv.hu\/?p=10202","title":{"rendered":"Ist\u00e1ll\u00f3t\u0171z K\u00e1poln\u00e1n"},"content":{"rendered":"<p><b><a href=\"https:\/\/www.agriatv.hu\/wp-content\/uploads\/2013\/05\/0521kapolna_tuz_v.jpg\"><img loading=\"lazy\" decoding=\"async\" class=\"alignleft size-medium wp-image-10203\" alt=\"0521kapolna_tuz_v\" src=\"https:\/\/www.agriatv.hu\/wp-content\/uploads\/2013\/05\/0521kapolna_tuz_v-300x240.jpg\" width=\"105\" height=\"64\" \/><\/a>M\u00e1jus 20-\u00e1n \u00e9jjel f\u00e9l kett\u0151kor \u00e9rkezett a bejelent\u00e9s a Heves Megyei Katasztr\u00f3fav\u00e9delmi Igazgat\u00f3s\u00e1g f\u0151\u00fcgyelet\u00e9re, miszerint K\u00e1poln\u00e1n egy \u00e9p\u00fcletbe vill\u00e1m csapott. <\/b><\/p>\n<p>Az egri hivat\u00e1sos t\u0171zolt\u00f3k nagy er\u0151kkel vonultak a helysz\u00ednre. Egy 80&#215;12 m\u00e9teres ist\u00e1ll\u00f3 tet\u0151szerkezete teljes terjedelm\u00e9ben l\u00e1ngolt, amely a vill\u00e1mcsap\u00e1s k\u00f6vetkez\u00e9ben gyulladt ki. A t\u0171zolt\u00f3knak h\u00e1rom sug\u00e1r seg\u00edts\u00e9g\u00e9vel, t\u00f6bb mint k\u00e9t \u00f3ra alatt siker\u00fclt megf\u00e9kezni a l\u00e1ngokat. A t\u0171z keletkez\u00e9sekor sem ember, sem pedig \u00e1llat nem tart\u00f3zkodott az \u00e9p\u00fcletben, \u00edgy s\u00e9r\u00fcl\u00e9s nem is t\u00f6rt\u00e9nt. A t\u0171zeset k\u00f6vetkezt\u00e9ben t\u00f6bb milli\u00f3 forintos k\u00e1r keletkezett.<div class=\"wordtube\">\n<div class=\"wordtube single888\" id=\"WT1_1\" style=\"width:320px; height:240px;\">\n<a href=\"http:\/\/www.macromedia.com\/go\/getflashplayer\">Get the Flash Player<\/a> to see the wordTube Media Player.\n<\/div><\/div>\n\t<script type=\"text\/javascript\" defer=\"defer\">\nvar WT1_1 = {\n\tparams : {\n\t\twmode : \"opaque\",\n\t\tallowscriptaccess : \"always\",\n\t\tallownetworking : \"all\",\n\t\tallowfullscreen : \"true\"},\n\tflashvars : {\n\t\tfile : \"http%3A%2F%2Fwww.agriatv.hu%2Fwp-content%2Fuploads%2F2013%2F05%2F0521kapolna_tuz.flv\",\n\t\tvolume : \"80\",\n\t\tbufferlength : \"5\",\n\t\tquality : \"false\",\n\t\t'logo.hide' : \"false\",\n\t\timage : \"http%3A%2F%2Fwww.agriatv.hu%2Fwp-content%2Fuploads%2F2013%2F05%2F0521kapolna_tuz.jpg\",\n\t\ttitle : \"0521kapolna_tuz.flv\",\n\t\tlinktarget : \"_self\"},\n\tattr : {\n\t\tid : \"WT1\",\n\t\tname : \"WT1\"},\n\tstart : function() {\n\t\tswfobject.embedSWF(\"https:\/\/www.agriatv.hu\/\/player.swf\", \"WT1_1\", \"320\", \"240\", \"9.0.0\", false, this.flashvars, this.params , this.attr );\n\t}\n}\nWT1_1.start();\n\t<\/script>\n<\/p>\n","protected":false},"excerpt":{"rendered":"<p>M\u00e1jus 20-\u00e1n \u00e9jjel f\u00e9l kett\u0151kor \u00e9rkezett a bejelent\u00e9s a Heves Megyei Katasztr\u00f3fav\u00e9delmi Igazgat\u00f3s\u00e1g f\u0151\u00fcgyelet\u00e9re, miszerint K\u00e1poln\u00e1n egy \u00e9p\u00fcletbe vill\u00e1m csapott.<br \/>\nAz egri hivat\u00e1sos t\u0171zolt\u00f3k nagy er\u0151kkel vonultak a helysz\u00ednre. Egy 80&#215;12 m\u00e9teres ist\u00e1ll\u00f3 tet\u0151szerkezete teljes terjedelm\u00e9ben l\u00e1ngolt, amely a vill\u00e1mcsap\u00e1s k\u00f6vetkez\u00e9ben gyulladt ki. A t\u0171zolt\u00f3knak h\u00e1rom sug\u00e1r seg\u00edts\u00e9g\u00e9vel, t\u00f6bb mint k\u00e9t \u00f3ra alatt siker\u00fclt megf\u00e9kezni [&#8230;]<\/p>\n","protected":false},"author":4,"featured_media":0,"comment_status":"open","ping_status":"open","sticky":false,"template":"","format":"standard","meta":{"footnotes":""},"categories":[5],"tags":[1042,484,1260],"class_list":["post-10202","post","type-post","status-publish","format-standard","hentry","category-kek-hirek","tag-kapolna","tag-tuz","tag-villam"],"_links":{"self":[{"href":"https:\/\/www.agriatv.hu\/index.php?rest_route=\/wp\/v2\/posts\/10202","targetHints":{"allow":["GET"]}}],"collection":[{"href":"https:\/\/www.agriatv.hu\/index.php?rest_route=\/wp\/v2\/posts"}],"about":[{"href":"https:\/\/www.agriatv.hu\/index.php?rest_route=\/wp\/v2\/types\/post"}],"author":[{"embeddable":true,"href":"https:\/\/www.agriatv.hu\/index.php?rest_route=\/wp\/v2\/users\/4"}],"replies":[{"embeddable":true,"href":"https:\/\/www.agriatv.hu\/index.php?rest_route=%2Fwp%2Fv2%2Fcomments&post=10202"}],"version-history":[{"count":2,"href":"https:\/\/www.agriatv.hu\/index.php?rest_route=\/wp\/v2\/posts\/10202\/revisions"}],"predecessor-version":[{"id":10205,"href":"https:\/\/www.agriatv.hu\/index.php?rest_route=\/wp\/v2\/posts\/10202\/revisions\/10205"}],"wp:attachment":[{"href":"https:\/\/www.agriatv.hu\/index.php?rest_route=%2Fwp%2Fv2%2Fmedia&parent=10202"}],"wp:term":[{"taxonomy":"category","embeddable":true,"href":"https:\/\/www.agriatv.hu\/index.php?rest_route=%2Fwp%2Fv2%2Fcategories&post=10202"},{"taxonomy":"post_tag","embeddable":true,"href":"https:\/\/www.agriatv.hu\/index.php?rest_route=%2Fwp%2Fv2%2Ftags&post=10202"}],"curies":[{"name":"wp","href":"https:\/\/api.w.org\/{rel}","templated":true}]}}