{"id":10210,"date":"2013-05-22T18:58:05","date_gmt":"2013-05-22T18:58:05","guid":{"rendered":"http:\/\/www.agriatv.hu\/?p=10210"},"modified":"2013-05-22T18:59:19","modified_gmt":"2013-05-22T18:59:19","slug":"rendorseg-gyermekbarat-meghallgato-szoba","status":"publish","type":"post","link":"https:\/\/www.agriatv.hu\/?p=10210","title":{"rendered":"Rend\u0151rs\u00e9g: gyermekbar\u00e1t meghallgat\u00f3 szoba"},"content":{"rendered":"<p><a href=\"https:\/\/www.agriatv.hu\/wp-content\/uploads\/2013\/05\/0522police_v.jpg\"><img loading=\"lazy\" decoding=\"async\" class=\"alignleft size-medium wp-image-10212\" alt=\"0522police_v\" src=\"https:\/\/www.agriatv.hu\/wp-content\/uploads\/2013\/05\/0522police_v-300x240.jpg\" width=\"105\" height=\"59\" \/><\/a>Gyermekbar\u00e1t meghallgat\u00f3 szoba m\u0171k\u00f6dtet\u00e9s\u00e9re jogos\u00edt\u00f3 tan\u00fas\u00edtv\u00e1nyt adott ma \u00e1t Dr. Navracsics Tibor minisztereln\u00f6k helyettes, k\u00f6zigazgat\u00e1si \u00e9s igazs\u00e1g\u00fcgyi miniszter Czinege L\u00e1szl\u00f3 rend\u0151rf\u0151kapit\u00e1nynak<b> <\/b>Egerben<b>, <\/b>a Heves Megyei Rend\u0151r-f\u0151kapit\u00e1nys\u00e1gon tartott sajt\u00f3t\u00e1j\u00e9koztat\u00f3t k\u00f6vet\u0151en. \u00a0A miniszter elmondta: 2014-ig minden megyesz\u00e9khelyen k\u00f6telez\u0151 l\u00e9trehozni olyan meghallgat\u00f3 szob\u00e1kat, ahol a b\u0171ncselekm\u00e9nyek \u00e1ldozatait, illetve a gyermekkor\u00fa elk\u00f6vet\u0151ket a saj\u00e1t fejletts\u00e9gi szintj\u00fcknek megfelel\u0151 k\u00f6r\u00fclm\u00e9nyek k\u00f6z\u00f6tt lehet meghallgatni. A bar\u00e1ts\u00e1gos k\u00f6rnyezett\u0151l azt rem\u00e9lik, hogy a gyermekek k\u00f6nnyebben feldolgozz\u00e1k majd az \u0151ket \u00e9rt traum\u00e1kat, illetve jobban felt\u00e1rhat\u00f3v\u00e1 v\u00e1lnak a b\u0171nelk\u00f6vet\u00e9si okok is. Egerben a tizennegyedik ilyen tan\u00fas\u00edtv\u00e1nyt adt\u00e1k \u00e1t.<\/p>\n<p>A rend\u0151rs\u00e9ggel, mint t\u00e1rsadalmi partnerrel t\u00f6rt\u00e9n\u0151 egy\u00fcttm\u0171k\u00f6d\u00e9s a k\u00f6zszolg\u00e1laton bel\u00fcli hat\u00e1rokon val\u00f3 t\u00fall\u00e9p\u00e9st jelk\u00e9pezi \u2013 hangs\u00falyozta Dr. Navracsics Tibor. A kamp\u00e1ny kabalafigur\u00e1ja Kimi.<\/p>\n<p>A minisztereln\u00f6k-helyettes megeml\u00edtette, hogy az internethaszn\u00e1latra is kiterjed\u0151 jogszab\u00e1ly-m\u00f3dos\u00edt\u00e1sokat terveznek a j\u00f6v\u0151ben, amelyek c\u00e9lja a gyermekek t\u00e1vol tart\u00e1sa a vil\u00e1gh\u00e1l\u00f3n jelen l\u00e9v\u0151 \u00e1rtalmas tartalmakt\u00f3l.<div class=\"wordtube\">\n<div class=\"wordtube single889\" id=\"WT1_1\" style=\"width:320px; height:240px;\">\n<a href=\"http:\/\/www.macromedia.com\/go\/getflashplayer\">Get the Flash Player<\/a> to see the wordTube Media Player.\n<\/div><\/div>\n\t<script type=\"text\/javascript\" defer=\"defer\">\nvar WT1_1 = {\n\tparams : {\n\t\twmode : \"opaque\",\n\t\tallowscriptaccess : \"always\",\n\t\tallownetworking : \"all\",\n\t\tallowfullscreen : \"true\"},\n\tflashvars : {\n\t\tfile : \"http%3A%2F%2Fwww.agriatv.hu%2Fwp-content%2Fuploads%2F2013%2F05%2F0522police.flv\",\n\t\tvolume : \"80\",\n\t\tbufferlength : \"5\",\n\t\tquality : \"false\",\n\t\t'logo.hide' : \"false\",\n\t\timage : \"http%3A%2F%2Fwww.agriatv.hu%2Fwp-content%2Fuploads%2F2013%2F05%2F0522police.jpg\",\n\t\ttitle : \"0522police.flv\",\n\t\tlinktarget : \"_self\"},\n\tattr : {\n\t\tid : \"WT1\",\n\t\tname : \"WT1\"},\n\tstart : function() {\n\t\tswfobject.embedSWF(\"https:\/\/www.agriatv.hu\/\/player.swf\", \"WT1_1\", \"320\", \"240\", \"9.0.0\", false, this.flashvars, this.params , this.attr );\n\t}\n}\nWT1_1.start();\n\t<\/script>\n<\/p>\n<p>Horv\u00e1th L\u00e1szl\u00f3 korm\u00e1nymegb\u00edzott felh\u00edvta a figyelmet arra, hogy az Eur\u00f3pai Uni\u00f3ban \u00f6tb\u0151l egy gyermeket szexu\u00e1lisan b\u00e1ntalmaznak \u00e9s az elk\u00f6vet\u0151k 80%-ban a gyermekek \u00e1ltal ismert szem\u00e9lyek k\u00f6r\u00e9b\u0151l ker\u00fclnek ki. \u00cdgy v\u00e1lik \u00e1ldozatt\u00e1 a bizalom, amit addig fel\u00e9p\u00edtettek. Ennek a bizalomnak a k\u00edm\u00e9letes \u00fajj\u00e1\u00e9p\u00edt\u00e9s\u00e9t kell elkezdeni az \u00faj meghallgat\u00f3 szob\u00e1ban, amelynek a megyei rend\u0151rs\u00e9g minden bizonnyal j\u00f3 gazd\u00e1ja lesz.<\/p>\n<p>Czinege L\u00e1szl\u00f3 rend\u0151rf\u0151kapit\u00e1ny \u00fagy v\u00e9li, hogy a gyermekek fizikai, pszichol\u00f3giai \u00e1llapota \u00e9s a b\u00fcntet\u0151elj\u00e1r\u00e1s c\u00e9lja a gyermekbar\u00e1t meghallgat\u00e1sok sor\u00e1n nagyobb \u00f6sszhangba ker\u00fcl.<\/p>\n","protected":false},"excerpt":{"rendered":"<p>Gyermekbar\u00e1t meghallgat\u00f3 szoba m\u0171k\u00f6dtet\u00e9s\u00e9re jogos\u00edt\u00f3 tan\u00fas\u00edtv\u00e1nyt adott ma \u00e1t Dr. Navracsics Tibor minisztereln\u00f6k helyettes, k\u00f6zigazgat\u00e1si \u00e9s igazs\u00e1g\u00fcgyi miniszter Czinege L\u00e1szl\u00f3 rend\u0151rf\u0151kapit\u00e1nynak Egerben, a Heves Megyei Rend\u0151r-f\u0151kapit\u00e1nys\u00e1gon tartott sajt\u00f3t\u00e1j\u00e9koztat\u00f3t k\u00f6vet\u0151en. \u00a0A miniszter elmondta: 2014-ig minden megyesz\u00e9khelyen k\u00f6telez\u0151 l\u00e9trehozni olyan meghallgat\u00f3 szob\u00e1kat, ahol a b\u0171ncselekm\u00e9nyek \u00e1ldozatait, illetve a gyermekkor\u00fa elk\u00f6vet\u0151ket a saj\u00e1t fejletts\u00e9gi szintj\u00fcknek megfelel\u0151 k\u00f6r\u00fclm\u00e9nyek k\u00f6z\u00f6tt [&#8230;]<\/p>\n","protected":false},"author":4,"featured_media":0,"comment_status":"open","ping_status":"open","sticky":false,"template":"","format":"standard","meta":{"footnotes":""},"categories":[6,5],"tags":[71,320,122],"class_list":["post-10210","post","type-post","status-publish","format-standard","hentry","category-belfold","category-kek-hirek","tag-birosag","tag-gyermek","tag-rendorseg"],"_links":{"self":[{"href":"https:\/\/www.agriatv.hu\/index.php?rest_route=\/wp\/v2\/posts\/10210","targetHints":{"allow":["GET"]}}],"collection":[{"href":"https:\/\/www.agriatv.hu\/index.php?rest_route=\/wp\/v2\/posts"}],"about":[{"href":"https:\/\/www.agriatv.hu\/index.php?rest_route=\/wp\/v2\/types\/post"}],"author":[{"embeddable":true,"href":"https:\/\/www.agriatv.hu\/index.php?rest_route=\/wp\/v2\/users\/4"}],"replies":[{"embeddable":true,"href":"https:\/\/www.agriatv.hu\/index.php?rest_route=%2Fwp%2Fv2%2Fcomments&post=10210"}],"version-history":[{"count":4,"href":"https:\/\/www.agriatv.hu\/index.php?rest_route=\/wp\/v2\/posts\/10210\/revisions"}],"predecessor-version":[{"id":10214,"href":"https:\/\/www.agriatv.hu\/index.php?rest_route=\/wp\/v2\/posts\/10210\/revisions\/10214"}],"wp:attachment":[{"href":"https:\/\/www.agriatv.hu\/index.php?rest_route=%2Fwp%2Fv2%2Fmedia&parent=10210"}],"wp:term":[{"taxonomy":"category","embeddable":true,"href":"https:\/\/www.agriatv.hu\/index.php?rest_route=%2Fwp%2Fv2%2Fcategories&post=10210"},{"taxonomy":"post_tag","embeddable":true,"href":"https:\/\/www.agriatv.hu\/index.php?rest_route=%2Fwp%2Fv2%2Ftags&post=10210"}],"curies":[{"name":"wp","href":"https:\/\/api.w.org\/{rel}","templated":true}]}}