{"id":10222,"date":"2013-05-24T18:50:20","date_gmt":"2013-05-24T18:50:20","guid":{"rendered":"http:\/\/www.agriatv.hu\/?p=10222"},"modified":"2013-05-24T18:50:20","modified_gmt":"2013-05-24T18:50:20","slug":"utorenges-tenken","status":"publish","type":"post","link":"https:\/\/www.agriatv.hu\/?p=10222","title":{"rendered":"Ut\u00f3reng\u00e9s Tenken"},"content":{"rendered":"<p><a href=\"https:\/\/www.agriatv.hu\/wp-content\/uploads\/2013\/05\/0524tenk_v.jpg\"><img loading=\"lazy\" decoding=\"async\" class=\"alignleft size-medium wp-image-10223\" alt=\"0524tenk_v\" src=\"https:\/\/www.agriatv.hu\/wp-content\/uploads\/2013\/05\/0524tenk_v-300x240.jpg\" width=\"125\" height=\"71\" \/><\/a>H\u00e1rmas er\u0151ss\u00e9g\u0171 lehetett a cs\u00fct\u00f6rt\u00f6k esti f\u00f6ldreng\u00e9s Tenken. A szombati ut\u00e1n ez is az \u00e1prilis 23-\u00e1n t\u00f6rt\u00e9nt 4,8-as f\u00f6ldmozg\u00e1s ut\u00f3reng\u00e9se lehetett. K\u00e1rokr\u00f3l nem \u00e9rkezett jelent\u00e9s, sokan m\u00e1r meg sem \u00e9rezt\u00e9k. M\u00e1sok \u00fagy gondolj\u00e1k: egyre \u00e9rz\u00e9kenyebbek a reng\u00e9sre, a kisebbeket is \u00e9szreveszik.<div class=\"wordtube\">\n<div class=\"wordtube single891\" id=\"WT1_1\" style=\"width:320px; height:240px;\">\n<a href=\"http:\/\/www.macromedia.com\/go\/getflashplayer\">Get the Flash Player<\/a> to see the wordTube Media Player.\n<\/div><\/div>\n\t<script type=\"text\/javascript\" defer=\"defer\">\nvar WT1_1 = {\n\tparams : {\n\t\twmode : \"opaque\",\n\t\tallowscriptaccess : \"always\",\n\t\tallownetworking : \"all\",\n\t\tallowfullscreen : \"true\"},\n\tflashvars : {\n\t\tfile : \"http%3A%2F%2Fwww.agriatv.hu%2Fwp-content%2Fuploads%2F2013%2F05%2F0524tenk.flv\",\n\t\tvolume : \"80\",\n\t\tbufferlength : \"5\",\n\t\tquality : \"false\",\n\t\t'logo.hide' : \"false\",\n\t\timage : \"http%3A%2F%2Fwww.agriatv.hu%2Fwp-content%2Fuploads%2F2013%2F05%2F0524tenk.jpg\",\n\t\ttitle : \"0524tenk.flv\",\n\t\tlinktarget : \"_self\"},\n\tattr : {\n\t\tid : \"WT1\",\n\t\tname : \"WT1\"},\n\tstart : function() {\n\t\tswfobject.embedSWF(\"https:\/\/www.agriatv.hu\/\/player.swf\", \"WT1_1\", \"320\", \"240\", \"9.0.0\", false, this.flashvars, this.params , this.attr );\n\t}\n}\nWT1_1.start();\n\t<\/script>\n<\/p>\n","protected":false},"excerpt":{"rendered":"<p>H\u00e1rmas er\u0151ss\u00e9g\u0171 lehetett a cs\u00fct\u00f6rt\u00f6k esti f\u00f6ldreng\u00e9s Tenken. A szombati ut\u00e1n ez is az \u00e1prilis 23-\u00e1n t\u00f6rt\u00e9nt 4,8-as f\u00f6ldmozg\u00e1s ut\u00f3reng\u00e9se lehetett. K\u00e1rokr\u00f3l nem \u00e9rkezett jelent\u00e9s, sokan m\u00e1r meg sem \u00e9rezt\u00e9k. M\u00e1sok \u00fagy gondolj\u00e1k: egyre \u00e9rz\u00e9kenyebbek a reng\u00e9sre, a kisebbeket is \u00e9szreveszik.<\/p>\n","protected":false},"author":4,"featured_media":0,"comment_status":"open","ping_status":"open","sticky":false,"template":"","format":"standard","meta":{"footnotes":""},"categories":[6],"tags":[1050,196,1648],"class_list":["post-10222","post","type-post","status-publish","format-standard","hentry","category-belfold","tag-foldrenges","tag-kar","tag-tenk"],"_links":{"self":[{"href":"https:\/\/www.agriatv.hu\/index.php?rest_route=\/wp\/v2\/posts\/10222","targetHints":{"allow":["GET"]}}],"collection":[{"href":"https:\/\/www.agriatv.hu\/index.php?rest_route=\/wp\/v2\/posts"}],"about":[{"href":"https:\/\/www.agriatv.hu\/index.php?rest_route=\/wp\/v2\/types\/post"}],"author":[{"embeddable":true,"href":"https:\/\/www.agriatv.hu\/index.php?rest_route=\/wp\/v2\/users\/4"}],"replies":[{"embeddable":true,"href":"https:\/\/www.agriatv.hu\/index.php?rest_route=%2Fwp%2Fv2%2Fcomments&post=10222"}],"version-history":[{"count":3,"href":"https:\/\/www.agriatv.hu\/index.php?rest_route=\/wp\/v2\/posts\/10222\/revisions"}],"predecessor-version":[{"id":10226,"href":"https:\/\/www.agriatv.hu\/index.php?rest_route=\/wp\/v2\/posts\/10222\/revisions\/10226"}],"wp:attachment":[{"href":"https:\/\/www.agriatv.hu\/index.php?rest_route=%2Fwp%2Fv2%2Fmedia&parent=10222"}],"wp:term":[{"taxonomy":"category","embeddable":true,"href":"https:\/\/www.agriatv.hu\/index.php?rest_route=%2Fwp%2Fv2%2Fcategories&post=10222"},{"taxonomy":"post_tag","embeddable":true,"href":"https:\/\/www.agriatv.hu\/index.php?rest_route=%2Fwp%2Fv2%2Ftags&post=10222"}],"curies":[{"name":"wp","href":"https:\/\/api.w.org\/{rel}","templated":true}]}}