{"id":10280,"date":"2013-05-30T15:17:57","date_gmt":"2013-05-30T15:17:57","guid":{"rendered":"http:\/\/www.agriatv.hu\/?p=10280"},"modified":"2013-05-30T15:19:52","modified_gmt":"2013-05-30T15:19:52","slug":"tragedia-egerszalokon-kozeli-rokon-lehet-a-tettes","status":"publish","type":"post","link":"https:\/\/www.agriatv.hu\/?p=10280","title":{"rendered":"Trag\u00e9dia Egerszal\u00f3kon: k\u00f6zeli rokon lehet a tettes"},"content":{"rendered":"<p><strong><a href=\"https:\/\/www.agriatv.hu\/wp-content\/uploads\/2013\/05\/0530egerszalok_v.jpg\"><img loading=\"lazy\" decoding=\"async\" class=\"alignleft size-medium wp-image-10281\" alt=\"0530egerszalok_v\" src=\"https:\/\/www.agriatv.hu\/wp-content\/uploads\/2013\/05\/0530egerszalok_v-300x240.jpg\" width=\"114\" height=\"68\" \/><\/a>A rend\u0151rs\u00e9g \u0151rizetbe vett egy f\u00e9rfit az egerszal\u00f3ki trag\u00e9di\u00e1val kapcsolatban.\u00a0<\/strong><\/p>\n<p>Mint arr\u00f3l kor\u00e1bban <a href=\"https:\/\/www.agriatv.hu\/?p=10188\">h\u00edrt adtunk<\/a>, m\u00e1jus 20-\u00e1n a kora reggeli \u00f3r\u00e1kban egy egerszal\u00f3ki csal\u00e1di h\u00e1zba ismeretlen szem\u00e9ly vagy szem\u00e9lyek behatoltak, majd az ott \u00e9l\u0151 id\u0151s h\u00e1zasp\u00e1rt megk\u00f6t\u00f6zt\u00e9k. Az \u00e9p\u00fcletben kutat\u00e1st v\u00e9geztek, ezt k\u00f6vet\u0151en elmenek\u00fcltek a helysz\u00ednr\u0151l. A h\u00e1zasp\u00e1r f\u00e9rfi tagja a helysz\u00edn\u00e9n \u00e9let\u00e9t vesztette, a feles\u00e9g\u00e9t a ment\u0151szolg\u00e1lat orvosi ell\u00e1t\u00e1sra elsz\u00e1ll\u00edtotta. A rend\u0151rs\u00e9g alapos, k\u00f6zel 30 \u00f3r\u00e1n \u00e1t tart\u00f3 helysz\u00edni szeml\u00e9t folytatott le &#8211; t\u00e1j\u00e9koztatott Solt\u00e9sz B\u00e1lint, a Heves Megyei Rend\u0151r-f\u0151kapit\u00e1nys\u00e1g sajt\u00f3sz\u00f3viv\u0151je.<\/p>\n<p>&#8211; Ezzel p\u00e1rhuzamosan a Heves Megyei Rend\u0151r-f\u0151kapit\u00e1nys\u00e1g \u00e9s az Egri Rend\u0151rkapit\u00e1nys\u00e1g b\u0171n\u00fcgyi szakemberei azonnal megkezdt\u00e9k a tan\u00fak felkutat\u00e1s\u00e1t, amely sor\u00e1n t\u00f6bb mint sz\u00e1z szem\u00e9lyt hallgattak ki a trag\u00e9di\u00e1val kapcsolatban.<\/p>\n<p>A minden r\u00e9szletre kiterjed\u0151 nyomoz\u00e1snak k\u00f6sz\u00f6nhet\u0151en, 2013. m\u00e1jus 27-\u00e9n az esti \u00f3r\u00e1kban \u0151rizetbe vettek egy egerszal\u00f3ki f\u00e9rfit, aki az eddig rendelkez\u00e9sre \u00e1ll\u00f3 adatok alapj\u00e1n megalapozottan gyan\u00fas\u00edthat\u00f3 a b\u0171ncselekm\u00e9ny elk\u00f6vet\u00e9s\u00e9vel.<div class=\"wordtube\">\n<div class=\"wordtube single898\" id=\"WT1_1\" style=\"width:320px; height:240px;\">\n<a href=\"http:\/\/www.macromedia.com\/go\/getflashplayer\">Get the Flash Player<\/a> to see the wordTube Media Player.\n<\/div><\/div>\n\t<script type=\"text\/javascript\" defer=\"defer\">\nvar WT1_1 = {\n\tparams : {\n\t\twmode : \"opaque\",\n\t\tallowscriptaccess : \"always\",\n\t\tallownetworking : \"all\",\n\t\tallowfullscreen : \"true\"},\n\tflashvars : {\n\t\tfile : \"http%3A%2F%2Fwww.agriatv.hu%2Fwp-content%2Fuploads%2F2013%2F05%2F0530egerszalok.flv\",\n\t\tvolume : \"80\",\n\t\tbufferlength : \"5\",\n\t\tquality : \"false\",\n\t\t'logo.hide' : \"false\",\n\t\timage : \"http%3A%2F%2Fwww.agriatv.hu%2Fwp-content%2Fuploads%2F2013%2F05%2F0530egerszalok.jpg\",\n\t\ttitle : \"0530egerszalok.flv\",\n\t\tlinktarget : \"_self\"},\n\tattr : {\n\t\tid : \"WT1\",\n\t\tname : \"WT1\"},\n\tstart : function() {\n\t\tswfobject.embedSWF(\"https:\/\/www.agriatv.hu\/\/player.swf\", \"WT1_1\", \"320\", \"240\", \"9.0.0\", false, this.flashvars, this.params , this.attr );\n\t}\n}\nWT1_1.start();\n\t<\/script>\n<\/p>\n<p>A Heves Megyei Rend\u0151r-f\u0151kapit\u00e1nys\u00e1g P. P\u00e9ter ellen hal\u00e1lt okoz\u00f3 testi s\u00e9rt\u00e9s b\u0171ntett \u00e9s rabl\u00e1s b\u0171ntett elk\u00f6vet\u00e9s\u00e9nek megalapozott gyan\u00faja miatt ind\u00edtott elj\u00e1r\u00e1st.<\/p>\n<p>A mai napon &#8211; a nyomoz\u00f3 hat\u00f3s\u00e1g kezdem\u00e9nyez\u00e9se alapj\u00e1n &#8211; az Egri J\u00e1r\u00e1sb\u00edr\u00f3s\u00e1g elrendelte a gyan\u00fas\u00edtott el\u0151zetes letart\u00f3ztat\u00e1s\u00e1t &#8211; tette hozz\u00e1 a sz\u00f3viv\u0151.<\/p>\n<p>Inform\u00e1ci\u00f3ink szerint\u00a0az\u00a0elk\u00f6vet\u0151 k\u00f6zeli rokona (az unok\u00e1ja) volt a s\u00e9rtetteknek.\u00a0A b\u0171ncselekm\u00e9ny kapcs\u00e1n a falubeliek azt besz\u00e9lik, hogy az\u00a0elk\u00f6vet\u0151nek volt\u00a0egy tettest\u00e1rsa is, illetve, hogy a k\u00e1b\u00edt\u00f3szer is szerepet j\u00e1tszhatott abban, hogy e sz\u00f6rny\u0171 trag\u00e9dia megt\u00f6rt\u00e9nt.<\/p>\n","protected":false},"excerpt":{"rendered":"<p>A rend\u0151rs\u00e9g \u0151rizetbe vett egy f\u00e9rfit az egerszal\u00f3ki trag\u00e9di\u00e1val kapcsolatban.\u00a0<br \/>\nMint arr\u00f3l kor\u00e1bban h\u00edrt adtunk, m\u00e1jus 20-\u00e1n a kora reggeli \u00f3r\u00e1kban egy egerszal\u00f3ki csal\u00e1di h\u00e1zba ismeretlen szem\u00e9ly vagy szem\u00e9lyek behatoltak, majd az ott \u00e9l\u0151 id\u0151s h\u00e1zasp\u00e1rt megk\u00f6t\u00f6zt\u00e9k. Az \u00e9p\u00fcletben kutat\u00e1st v\u00e9geztek, ezt k\u00f6vet\u0151en elmenek\u00fcltek a helysz\u00ednr\u0151l. A h\u00e1zasp\u00e1r f\u00e9rfi tagja a helysz\u00edn\u00e9n \u00e9let\u00e9t vesztette, a feles\u00e9g\u00e9t [&#8230;]<\/p>\n","protected":false},"author":4,"featured_media":0,"comment_status":"open","ping_status":"open","sticky":false,"template":"","format":"standard","meta":{"footnotes":""},"categories":[5],"tags":[71,138,1271,771,122],"class_list":["post-10280","post","type-post","status-publish","format-standard","hentry","category-kek-hirek","tag-birosag","tag-egerszalok","tag-gyanusitott","tag-halal","tag-rendorseg"],"_links":{"self":[{"href":"https:\/\/www.agriatv.hu\/index.php?rest_route=\/wp\/v2\/posts\/10280","targetHints":{"allow":["GET"]}}],"collection":[{"href":"https:\/\/www.agriatv.hu\/index.php?rest_route=\/wp\/v2\/posts"}],"about":[{"href":"https:\/\/www.agriatv.hu\/index.php?rest_route=\/wp\/v2\/types\/post"}],"author":[{"embeddable":true,"href":"https:\/\/www.agriatv.hu\/index.php?rest_route=\/wp\/v2\/users\/4"}],"replies":[{"embeddable":true,"href":"https:\/\/www.agriatv.hu\/index.php?rest_route=%2Fwp%2Fv2%2Fcomments&post=10280"}],"version-history":[{"count":3,"href":"https:\/\/www.agriatv.hu\/index.php?rest_route=\/wp\/v2\/posts\/10280\/revisions"}],"predecessor-version":[{"id":10283,"href":"https:\/\/www.agriatv.hu\/index.php?rest_route=\/wp\/v2\/posts\/10280\/revisions\/10283"}],"wp:attachment":[{"href":"https:\/\/www.agriatv.hu\/index.php?rest_route=%2Fwp%2Fv2%2Fmedia&parent=10280"}],"wp:term":[{"taxonomy":"category","embeddable":true,"href":"https:\/\/www.agriatv.hu\/index.php?rest_route=%2Fwp%2Fv2%2Fcategories&post=10280"},{"taxonomy":"post_tag","embeddable":true,"href":"https:\/\/www.agriatv.hu\/index.php?rest_route=%2Fwp%2Fv2%2Ftags&post=10280"}],"curies":[{"name":"wp","href":"https:\/\/api.w.org\/{rel}","templated":true}]}}