{"id":10425,"date":"2013-06-19T12:08:23","date_gmt":"2013-06-19T12:08:23","guid":{"rendered":"http:\/\/www.agriatv.hu\/?p=10425"},"modified":"2013-06-19T12:08:23","modified_gmt":"2013-06-19T12:08:23","slug":"dr-liptai-az-ekf-rektora","status":"publish","type":"post","link":"https:\/\/www.agriatv.hu\/?p=10425","title":{"rendered":"dr. Liptai az EKF rektora"},"content":{"rendered":"<p><strong><img loading=\"lazy\" decoding=\"async\" class=\"alignleft\" style=\"border: 0px none;\" alt=\"\" src=\"http:\/\/www.egriugyek.hu\/images\/stories\/liptai.jpg\" width=\"127\" height=\"187\" border=\"0\" \/>A korm\u00e1nyf\u0151 kinevezte dr. Liptai K\u00e1lm\u00e1nt az EKF rektor\u00e1v\u00e1.<br \/>\n<\/strong><\/p>\n<blockquote><p>A minisztereln\u00f6k 82\/2013. (VI. 18.) ME hat\u00e1rozata f\u0151iskolai rektorok megb\u00edz\u00e1s\u00e1r\u00f3l<\/p>\n<p>A nemzeti fels\u0151oktat\u00e1sr\u00f3l sz\u00f3l\u00f3 2011. \u00e9vi CCIV. t\u00f6rv\u00e9ny 37. \u00a7 (8) bekezd\u00e9s\u00e9ben foglalt jogk\u00f6r\u00f6mben \u2013 az emberi er\u0151forr\u00e1sok miniszter\u00e9nek el\u0151terjeszt\u00e9s\u00e9re \u2013 az Eszterh\u00e1zy K\u00e1roly F\u0151iskol\u00e1n dr. Liptai K\u00e1lm\u00e1n Csaba f\u0151iskolai tan\u00e1rt \u2013 a 2013. j\u00falius 1-j\u00e9t\u0151l 2017. j\u00fanius 30-\u00e1ig terjed\u0151 id\u0151tartamra a rektori teend\u0151k ell\u00e1t\u00e1s\u00e1val megb\u00edzom;<\/p>\n<p>Orb\u00e1n Viktor s.k.<\/p>\n<p>minisztereln\u00f6k<\/p><\/blockquote>\n","protected":false},"excerpt":{"rendered":"<p>A korm\u00e1nyf\u0151 kinevezte dr. Liptai K\u00e1lm\u00e1nt az EKF rektor\u00e1v\u00e1.<\/p>\n<p>A minisztereln\u00f6k 82\/2013. (VI. 18.) ME hat\u00e1rozata f\u0151iskolai rektorok megb\u00edz\u00e1s\u00e1r\u00f3l<br \/>\nA nemzeti fels\u0151oktat\u00e1sr\u00f3l sz\u00f3l\u00f3 2011. \u00e9vi CCIV. t\u00f6rv\u00e9ny 37. \u00a7 (8) bekezd\u00e9s\u00e9ben foglalt jogk\u00f6r\u00f6mben \u2013 az emberi er\u0151forr\u00e1sok miniszter\u00e9nek el\u0151terjeszt\u00e9s\u00e9re \u2013 az Eszterh\u00e1zy K\u00e1roly F\u0151iskol\u00e1n dr. Liptai K\u00e1lm\u00e1n Csaba f\u0151iskolai tan\u00e1rt \u2013 a 2013. j\u00falius 1-j\u00e9t\u0151l 2017. j\u00fanius [&#8230;]<\/p>\n","protected":false},"author":4,"featured_media":0,"comment_status":"open","ping_status":"open","sticky":false,"template":"","format":"standard","meta":{"footnotes":""},"categories":[6,9],"tags":[1704,34,25,1598],"class_list":["post-10425","post","type-post","status-publish","format-standard","hentry","category-belfold","category-oktatas","tag-dr-liptai-kalman","tag-ekf","tag-kinevezes","tag-rektor"],"_links":{"self":[{"href":"https:\/\/www.agriatv.hu\/index.php?rest_route=\/wp\/v2\/posts\/10425","targetHints":{"allow":["GET"]}}],"collection":[{"href":"https:\/\/www.agriatv.hu\/index.php?rest_route=\/wp\/v2\/posts"}],"about":[{"href":"https:\/\/www.agriatv.hu\/index.php?rest_route=\/wp\/v2\/types\/post"}],"author":[{"embeddable":true,"href":"https:\/\/www.agriatv.hu\/index.php?rest_route=\/wp\/v2\/users\/4"}],"replies":[{"embeddable":true,"href":"https:\/\/www.agriatv.hu\/index.php?rest_route=%2Fwp%2Fv2%2Fcomments&post=10425"}],"version-history":[{"count":1,"href":"https:\/\/www.agriatv.hu\/index.php?rest_route=\/wp\/v2\/posts\/10425\/revisions"}],"predecessor-version":[{"id":10426,"href":"https:\/\/www.agriatv.hu\/index.php?rest_route=\/wp\/v2\/posts\/10425\/revisions\/10426"}],"wp:attachment":[{"href":"https:\/\/www.agriatv.hu\/index.php?rest_route=%2Fwp%2Fv2%2Fmedia&parent=10425"}],"wp:term":[{"taxonomy":"category","embeddable":true,"href":"https:\/\/www.agriatv.hu\/index.php?rest_route=%2Fwp%2Fv2%2Fcategories&post=10425"},{"taxonomy":"post_tag","embeddable":true,"href":"https:\/\/www.agriatv.hu\/index.php?rest_route=%2Fwp%2Fv2%2Ftags&post=10425"}],"curies":[{"name":"wp","href":"https:\/\/api.w.org\/{rel}","templated":true}]}}