{"id":10442,"date":"2013-06-24T15:25:51","date_gmt":"2013-06-24T15:25:51","guid":{"rendered":"http:\/\/www.agriatv.hu\/?p=10442"},"modified":"2013-06-24T15:28:29","modified_gmt":"2013-06-24T15:28:29","slug":"liptai-kalman-igazi-egyetemi-varos-a-cel-egerben","status":"publish","type":"post","link":"https:\/\/www.agriatv.hu\/?p=10442","title":{"rendered":"Liptai K\u00e1lm\u00e1n: igazi egyetemi v\u00e1ros a c\u00e9l Egerben"},"content":{"rendered":"<p><strong><a href=\"https:\/\/www.agriatv.hu\/wp-content\/uploads\/2013\/06\/0624ekf_rektor_v.jpg\"><img loading=\"lazy\" decoding=\"async\" class=\"alignleft size-medium wp-image-10443\" alt=\"0624ekf_rektor_v\" src=\"https:\/\/www.agriatv.hu\/wp-content\/uploads\/2013\/06\/0624ekf_rektor_v-300x240.jpg\" width=\"93\" height=\"62\" \/><\/a>Sajt\u00f3t\u00e1j\u00e9koztat\u00f3t tartott dr. Liptai K\u00e1lm\u00e1n, az Eszterh\u00e1zy K\u00e1roly F\u0151iskola j\u00falius 1-j\u00e9t\u0151l kinevezett rektora h\u00e9tf\u0151n a L\u00edceumban.<\/strong><\/p>\n<p>&#8211;\u00a0A nagy c\u00e9lokhoz nem k\u00f6nny\u0171 \u00fat vezet, mi pedig nagyot szeretn\u00e9nk alkotni \u2013 fogalmazott sajt\u00f3t\u00e1j\u00e9koztat\u00f3j\u00e1n dr. Liptai K\u00e1lm\u00e1n, az Eszterh\u00e1zy K\u00e1roly F\u0151iskola j\u00falius 1-j\u00e9t\u0151l kinevezett rektora\u00a0h\u00e9tf\u0151n a L\u00edceumban. \u2013 \u00c9p\u00edteni akarunk, nem rombolni. Nem kell \u00faj szakokat ind\u00edtanunk, vagy a doktori iskola alapjait lefektetn\u00fcnk, hiszen azt az el\u0151z\u0151 vezet\u00e9s megtette. Hidakra van sz\u00fcks\u00e9g, amely \u00f6sszek\u00f6t int\u00e9zm\u00e9nyeket, embereket \u00e9s orsz\u00e1gokat. Azt szeretn\u00e9m, ha 10-15 \u00e9v m\u00falva az\u00e9rt j\u00f6nn\u00e9nek hozz\u00e1nk, hogy az egri m\u00f3dszert tanulm\u00e1nyozz\u00e1k.<\/p>\n<p>Dr. Liptai K\u00e1lm\u00e1n \u00fagy fogalmazott: csak az sz\u00e1m\u00edt, hogy Eger igazi egyetemi v\u00e1ros legyen. Elmondta: a legnagyobb lehet\u0151s\u00e9g a tan\u00e1rk\u00e9pz\u00e9sben van, de fontos szerepet t\u00f6lt be egyebek k\u00f6z\u00f6tt az \u00e9lelmiszerbiztons\u00e1ggal foglalkoz\u00f3 tud\u00e1sk\u00f6zpont. Ezzel kapcsolatban hangs\u00falyozta: szeretn\u00e9nek szoros kapcsolatot ki\u00e9p\u00edteni az oktat\u00e1s, a tud\u00e1sk\u00f6zpontok \u00e9s a c\u00e9gek k\u00f6z\u00f6tt.<\/p>\n<p>\u2013 Kicsit elef\u00e1ntcsonttoronyban \u00e9l a magyar fels\u0151oktat\u00e1s, szeretn\u00e9m kinyitni a kapukat, hogy a c\u00e9lok \u00e9s eredm\u00e9nyek eljussanak a falakon k\u00edv\u00fclre is \u2013 emelte ki, hozz\u00e1t\u00e9ve: a k\u00fclf\u00f6ldi kapcsolatok ki\u00e9p\u00edt\u00e9se, er\u0151s\u00edt\u00e9se k\u00f6telez\u0151 feladat.<div class=\"wordtube\">\n<div class=\"wordtube single915\" id=\"WT1_1\" style=\"width:320px; height:240px;\">\n<a href=\"http:\/\/www.macromedia.com\/go\/getflashplayer\">Get the Flash Player<\/a> to see the wordTube Media Player.\n<\/div><\/div>\n\t<script type=\"text\/javascript\" defer=\"defer\">\nvar WT1_1 = {\n\tparams : {\n\t\twmode : \"opaque\",\n\t\tallowscriptaccess : \"always\",\n\t\tallownetworking : \"all\",\n\t\tallowfullscreen : \"true\"},\n\tflashvars : {\n\t\tfile : \"http%3A%2F%2Fwww.agriatv.hu%2Fwp-content%2Fuploads%2F2013%2F06%2F0624ekf_rektor.flv\",\n\t\tvolume : \"80\",\n\t\tbufferlength : \"5\",\n\t\tquality : \"false\",\n\t\t'logo.hide' : \"false\",\n\t\timage : \"http%3A%2F%2Fwww.agriatv.hu%2Fwp-content%2Fuploads%2F2013%2F06%2F0624ekf_rektor.jpg\",\n\t\ttitle : \"0624ekf_rektor.flv\",\n\t\tlinktarget : \"_self\"},\n\tattr : {\n\t\tid : \"WT1\",\n\t\tname : \"WT1\"},\n\tstart : function() {\n\t\tswfobject.embedSWF(\"https:\/\/www.agriatv.hu\/\/player.swf\", \"WT1_1\", \"320\", \"240\", \"9.0.0\", false, this.flashvars, this.params , this.attr );\n\t}\n}\nWT1_1.start();\n\t<\/script>\n<\/p>\n<p>A sajt\u00f3t\u00e1j\u00e9koztat\u00f3 el\u0151tt dr. Hauser Zolt\u00e1n, az EKF lek\u00f6sz\u00f6n\u0151 rektora gratul\u00e1lt ut\u00f3dj\u00e1nak, s elmondta: csak az a fontos, hogy j\u00f3 legyen a f\u0151iskola \u00e9s annak vezet\u00e9se.<\/p>\n<p>Elhangzott: dr. Pajt\u00f3kn\u00e9 dr. Tari Ilona az oktat\u00e1si, dr. Horv\u00e1th \u00c1gnes a nemzetk\u00f6zi kapcsolatok\u00e9rt felel\u0151s, dr. Pap J\u00f3zsef pedig a tudom\u00e1nyos rektorhelyettesi poszt v\u00e1rom\u00e1nyosa, m\u00edg Orsz\u00e1gh \u00c1kos f\u0151titk\u00e1rk\u00e9nt dolgozik majd az int\u00e9zm\u00e9nyben.<\/p>\n<p>Forr\u00e1s: <a href=\"http:\/\/heol.hu\">Heol<\/a><\/p>\n","protected":false},"excerpt":{"rendered":"<p>Sajt\u00f3t\u00e1j\u00e9koztat\u00f3t tartott dr. Liptai K\u00e1lm\u00e1n, az Eszterh\u00e1zy K\u00e1roly F\u0151iskola j\u00falius 1-j\u00e9t\u0151l kinevezett rektora h\u00e9tf\u0151n a L\u00edceumban.<br \/>\n&#8211;\u00a0A nagy c\u00e9lokhoz nem k\u00f6nny\u0171 \u00fat vezet, mi pedig nagyot szeretn\u00e9nk alkotni \u2013 fogalmazott sajt\u00f3t\u00e1j\u00e9koztat\u00f3j\u00e1n dr. Liptai K\u00e1lm\u00e1n, az Eszterh\u00e1zy K\u00e1roly F\u0151iskola j\u00falius 1-j\u00e9t\u0151l kinevezett rektora\u00a0h\u00e9tf\u0151n a L\u00edceumban. \u2013 \u00c9p\u00edteni akarunk, nem rombolni. Nem kell \u00faj szakokat ind\u00edtanunk, vagy a [&#8230;]<\/p>\n","protected":false},"author":4,"featured_media":0,"comment_status":"open","ping_status":"open","sticky":false,"template":"","format":"standard","meta":{"footnotes":""},"categories":[6,9],"tags":[36,34,445,1598],"class_list":["post-10442","post","type-post","status-publish","format-standard","hentry","category-belfold","category-oktatas","tag-eger","tag-ekf","tag-liptai-kalman","tag-rektor"],"_links":{"self":[{"href":"https:\/\/www.agriatv.hu\/index.php?rest_route=\/wp\/v2\/posts\/10442","targetHints":{"allow":["GET"]}}],"collection":[{"href":"https:\/\/www.agriatv.hu\/index.php?rest_route=\/wp\/v2\/posts"}],"about":[{"href":"https:\/\/www.agriatv.hu\/index.php?rest_route=\/wp\/v2\/types\/post"}],"author":[{"embeddable":true,"href":"https:\/\/www.agriatv.hu\/index.php?rest_route=\/wp\/v2\/users\/4"}],"replies":[{"embeddable":true,"href":"https:\/\/www.agriatv.hu\/index.php?rest_route=%2Fwp%2Fv2%2Fcomments&post=10442"}],"version-history":[{"count":3,"href":"https:\/\/www.agriatv.hu\/index.php?rest_route=\/wp\/v2\/posts\/10442\/revisions"}],"predecessor-version":[{"id":10446,"href":"https:\/\/www.agriatv.hu\/index.php?rest_route=\/wp\/v2\/posts\/10442\/revisions\/10446"}],"wp:attachment":[{"href":"https:\/\/www.agriatv.hu\/index.php?rest_route=%2Fwp%2Fv2%2Fmedia&parent=10442"}],"wp:term":[{"taxonomy":"category","embeddable":true,"href":"https:\/\/www.agriatv.hu\/index.php?rest_route=%2Fwp%2Fv2%2Fcategories&post=10442"},{"taxonomy":"post_tag","embeddable":true,"href":"https:\/\/www.agriatv.hu\/index.php?rest_route=%2Fwp%2Fv2%2Ftags&post=10442"}],"curies":[{"name":"wp","href":"https:\/\/api.w.org\/{rel}","templated":true}]}}