{"id":10527,"date":"2013-07-05T08:05:13","date_gmt":"2013-07-05T08:05:13","guid":{"rendered":"http:\/\/www.agriatv.hu\/?p=10527"},"modified":"2013-07-05T08:05:13","modified_gmt":"2013-07-05T08:05:13","slug":"madar-engedte-szabadon-a-gyogyult-kerecsensolymot-leventet","status":"publish","type":"post","link":"https:\/\/www.agriatv.hu\/?p=10527","title":{"rendered":"Mad\u00e1r engedte szabadon a gy\u00f3gyult kerecsens\u00f3lymot, Levent\u00e9t"},"content":{"rendered":"<p><img loading=\"lazy\" decoding=\"async\" class=\"alignleft\" alt=\"Bagyura J\u00e1nos (balr\u00f3l) \u00e9s Mad\u00e1r. Szabadon engedt\u00e9k a gy\u00f3gyult kerecsent, Levent\u00e9t. FOT\u00d3: MME\" src=\"http:\/\/www.heol.hu\/lapokkepek\/cikkek\/203000\/203464_kerecsen.jpg\" width=\"106\" height=\"76\" \/><strong>Tiszan\u00e1na t\u00e9rs\u00e9g\u00e9ben tal\u00e1lt\u00e1k meg m\u00e9g m\u00e1jusban Levent\u00e9t, a legyeng\u00fclt kerecsens\u00f3lymot. A mad\u00e1r meggy\u00f3gyult \u00e9s napokban Erdei Zsolt Mad\u00e1r engedte szabadon.<\/strong><\/p>\n<p>Levent\u00e9nek szerencs\u00e9je volt, a B\u00fckki Nemzeti Park Igazgat\u00f3s\u00e1g munkat\u00e1rsai leltek r\u00e1, akik a kerecsens\u00f3lyom-v\u00e9delmi LIFE-program keret\u00e9ben gondoskodtak a gy\u00f3gy\u00edt\u00e1s\u00e1r\u00f3l, s Erdei Zsolt, \u201eMad\u00e1r\u201d seg\u00edts\u00e9g\u00e9vel a V\u00e9rtesben szabadon is engedhett\u00e9k.<\/p>\n<p>Bagyura J\u00e1nos, a kerecsenv\u00e9delmi progam szakmai vezet\u0151je elmondta: a mad\u00e1ron volt m\u0171holdas jelad\u00f3, ennek seg\u00edts\u00e9g\u00e9vel tal\u00e1ltak r\u00e1. Ez is mutatja, mennyire hasznos a madarak megjel\u00f6l\u00e9se. Levent\u00e9nek szerencs\u00e9je volt, mert id\u0151ben r\u00e1tal\u00e1ltak, nem volt s\u00falyos a m\u00e9rgez\u00e9se, nem \u00fagy, mint egy hasonl\u00f3 jelad\u00f3val felszerelt t\u00e1rs\u00e1nak, akit egy h\u00f3napja B\u00e1cs-Kiskun megy\u00e9ben tal\u00e1ltak meg. Az sajnos elpusztult.<\/p>\n<div>\u00a0 A Magyar Mad\u00e1rtani \u00e9s Term\u00e9szetv\u00e9delmi Egyes\u00fclet munkat\u00e1rsainak seg\u00edts\u00e9g\u00e9vel Levent\u00e9t a F\u0151v\u00e1rosi \u00c1llat- \u00e9s N\u00f6v\u00e9nykertbe vitt\u00e9k kivizsg\u00e1l\u00e1sra. Az \u00f6reg h\u00edm madarat tavasszal jel\u00f6lt\u00e9k Cs\u00e1kv\u00e1r k\u00f6zel\u00e9ben, ahol k\u00f6lt\u00e9sbe is kezdett. A most szabadon engedett az egyik olyan s\u00f3lyomp\u00e1r tagja volt, amelyet a Pro V\u00e9rtes K\u00f6zalap\u00edtv\u00e1ny ellen\u0151rz\u00f6tt a LIFE-program keret\u00e9ben.<\/div>\n<p>Ez a mad\u00e1r is k\u00f3borl\u00e1sba kezdett, hogy kedvez\u0151bb t\u00e1pl\u00e1lkoz\u00e1si lehet\u0151s\u00e9geket tal\u00e1ljon, \u00e9s tal\u00e1lt is a Tisza k\u00f6zel\u00e9ben. A legyeng\u00fcl\u00e9s ok\u00e1t nem ismerj\u00fck. Amint a F\u0151v\u00e1rosi \u00c1llat- \u00e9s N\u00f6v\u00e9nykert \u00e1llatorvosai meg\u00e1llap\u00edtott\u00e1k, a mad\u00e1rnak s\u00e9r\u00fcl\u00e9se nem volt, viszont a m\u00e9rgez\u00e9st nem lehet kiz\u00e1rni \u2013 f\u0151leg, hogy az e tekintetben az orsz\u00e1g legink\u00e1bb \u201efert\u0151z\u00f6tt\u201d ter\u00fclet\u00e9n ker\u00fclt k\u00e9zre.<\/p>\n<p>A kerecsens\u00f3lyom fokozottan v\u00e9dett faj, a term\u00e9szetv\u00e9delmi \u00e9rt\u00e9ke haz\u00e1nkban egymilli\u00f3 forint \u2013 azaz az egy\u00e9b b\u00fcntet\u00e9sen t\u00fal ennyit kell fizetnie a b\u0171ncselekm\u00e9ny\u00e9rt annak, aki megsebes\u00edt vagy elpuszt\u00edt egy kerecsens\u00f3lymot. Sajnos a kerecsens\u00f3lyom-v\u00e9delmi \u2013 \u00e9s a tavalyi \u00e9vt\u0151l a parlagi sas v\u00e9delmi \u2013 LIFE-programok sor\u00e1n v\u00e9gzett nyomk\u00f6vet\u00e9s, a tudom\u00e1nyos vizsg\u00e1latok mellett az ilyen esetekre is f\u00e9nyt der\u00edtett: t\u00f6bb jelad\u00f3s mad\u00e1r ker\u00fclt meg az elm\u00falt \u00e9vekben, amelyek lel\u00f6v\u00e9s vagy m\u00e9rgez\u00e9s \u00e1ldozatai lettek.<\/p>\n<p>A B\u00fckki Nemzeti Park Igazgat\u00f3s\u00e1g \u00e1ltal vezetett nemzetk\u00f6zi kerecsens\u00f3lyom-v\u00e9delmi programnak komoly jelent\u0151s\u00e9ge van. Ennek a mad\u00e1rfajnak a vil\u00e1g\u00e1llom\u00e1nya nem \u00e9ri el a h\u00faszezer p\u00e1rt, \u00e9s folyamatosan cs\u00f6kken.<\/p>\n<p>Forr\u00e1s: <a href=\"http:\/\/heol.hu\">Heol<\/a><\/p>\n<p>FOT\u00d3: MME<\/p>\n","protected":false},"excerpt":{"rendered":"<p>Tiszan\u00e1na t\u00e9rs\u00e9g\u00e9ben tal\u00e1lt\u00e1k meg m\u00e9g m\u00e1jusban Levent\u00e9t, a legyeng\u00fclt kerecsens\u00f3lymot. A mad\u00e1r meggy\u00f3gyult \u00e9s napokban Erdei Zsolt Mad\u00e1r engedte szabadon.<br \/>\nLevent\u00e9nek szerencs\u00e9je volt, a B\u00fckki Nemzeti Park Igazgat\u00f3s\u00e1g munkat\u00e1rsai leltek r\u00e1, akik a kerecsens\u00f3lyom-v\u00e9delmi LIFE-program keret\u00e9ben gondoskodtak a gy\u00f3gy\u00edt\u00e1s\u00e1r\u00f3l, s Erdei Zsolt, \u201eMad\u00e1r\u201d seg\u00edts\u00e9g\u00e9vel a V\u00e9rtesben szabadon is engedhett\u00e9k.<br \/>\nBagyura J\u00e1nos, a kerecsenv\u00e9delmi progam szakmai vezet\u0151je elmondta: [&#8230;]<\/p>\n","protected":false},"author":4,"featured_media":0,"comment_status":"open","ping_status":"open","sticky":false,"template":"","format":"standard","meta":{"footnotes":""},"categories":[6,4],"tags":[939,938,1719,1718],"class_list":["post-10527","post","type-post","status-publish","format-standard","hentry","category-belfold","category-szabadido","tag-madar","tag-mme","tag-sas","tag-solyo"],"_links":{"self":[{"href":"https:\/\/www.agriatv.hu\/index.php?rest_route=\/wp\/v2\/posts\/10527","targetHints":{"allow":["GET"]}}],"collection":[{"href":"https:\/\/www.agriatv.hu\/index.php?rest_route=\/wp\/v2\/posts"}],"about":[{"href":"https:\/\/www.agriatv.hu\/index.php?rest_route=\/wp\/v2\/types\/post"}],"author":[{"embeddable":true,"href":"https:\/\/www.agriatv.hu\/index.php?rest_route=\/wp\/v2\/users\/4"}],"replies":[{"embeddable":true,"href":"https:\/\/www.agriatv.hu\/index.php?rest_route=%2Fwp%2Fv2%2Fcomments&post=10527"}],"version-history":[{"count":1,"href":"https:\/\/www.agriatv.hu\/index.php?rest_route=\/wp\/v2\/posts\/10527\/revisions"}],"predecessor-version":[{"id":10528,"href":"https:\/\/www.agriatv.hu\/index.php?rest_route=\/wp\/v2\/posts\/10527\/revisions\/10528"}],"wp:attachment":[{"href":"https:\/\/www.agriatv.hu\/index.php?rest_route=%2Fwp%2Fv2%2Fmedia&parent=10527"}],"wp:term":[{"taxonomy":"category","embeddable":true,"href":"https:\/\/www.agriatv.hu\/index.php?rest_route=%2Fwp%2Fv2%2Fcategories&post=10527"},{"taxonomy":"post_tag","embeddable":true,"href":"https:\/\/www.agriatv.hu\/index.php?rest_route=%2Fwp%2Fv2%2Ftags&post=10527"}],"curies":[{"name":"wp","href":"https:\/\/api.w.org\/{rel}","templated":true}]}}