{"id":10536,"date":"2013-07-03T08:51:43","date_gmt":"2013-07-03T08:51:43","guid":{"rendered":"http:\/\/www.agriatv.hu\/?p=10536"},"modified":"2013-07-05T08:52:01","modified_gmt":"2013-07-05T08:52:01","slug":"epul-a-kerekparut-mar-betonoznak","status":"publish","type":"post","link":"https:\/\/www.agriatv.hu\/?p=10536","title":{"rendered":"\u00c9p\u00fcl a ker\u00e9kp\u00e1r\u00fat: m\u00e1r betonoznak"},"content":{"rendered":"<p><img loading=\"lazy\" decoding=\"async\" class=\"alignleft\" style=\"border: 0px none;\" alt=\"\" src=\"http:\/\/egriugyek.hu\/images\/stories\/hirek2\/kerkpr1.jpg\" width=\"71\" height=\"95\" border=\"0\" \/><\/p>\n<p><strong>Jav\u00e1ban zajlik a mederkotr\u00e1s, t\u00f6rmel\u00e9kelsz\u00e1ll\u00edt\u00e1s, a d\u00edszburkolat lerak\u00e1sa\u00a0 a ker\u00e9kp\u00e1r\u00fat-\u00e9p\u00edt\u00e9shez kapcsol\u00f3d\u00f3an. <\/strong><\/p>\n<p>Elk\u00e9sz\u00fclt a ker\u00e9kp\u00e1r\u00fat Eszperant\u00f3 s\u00e9t\u00e1nyra fut\u00f3 r\u00e1mp\u00e1ja, amelyet a az \u00fajonnan kialak\u00edtott t\u00e1mfal burkol\u00e1sa k\u00f6vet. A kivitelez\u0151 azt mondja: a patakmeder rekonstrukci\u00f3 \u00e9s a ker\u00e9kp\u00e1r\u00fat a v\u00edz\u00fcgyi \u00e9s k\u00f6zleked\u00e9si el\u0151\u00edr\u00e1soknak mindenben megfelel, a beruh\u00e1z\u00e1s nem terheli meg \u00f6kol\u00f3giailag a patakot \u00e9s k\u00f6rny\u00e9k\u00e9t. A szakemberek a ker\u00e9kp\u00e1ros balesetek megel\u0151z\u00e9s\u00e9re \u00e9s\u00a0 az id\u0151nk\u00e9nti \u00e1rad\u00e1sok ut\u00e1n visszamarad\u00f3 iszap \u00e9s hordal\u00e9k eltakar\u00edt\u00e1s\u00e1ra kivehet\u0151 korl\u00e1tokat helyeznek el.<\/p>\n<p>Forr\u00e1s: eger.hu<\/p>\n","protected":false},"excerpt":{"rendered":"<p>Jav\u00e1ban zajlik a mederkotr\u00e1s, t\u00f6rmel\u00e9kelsz\u00e1ll\u00edt\u00e1s, a d\u00edszburkolat lerak\u00e1sa\u00a0 a ker\u00e9kp\u00e1r\u00fat-\u00e9p\u00edt\u00e9shez kapcsol\u00f3d\u00f3an.<br \/>\nElk\u00e9sz\u00fclt a ker\u00e9kp\u00e1r\u00fat Eszperant\u00f3 s\u00e9t\u00e1nyra fut\u00f3 r\u00e1mp\u00e1ja, amelyet a az \u00fajonnan kialak\u00edtott t\u00e1mfal burkol\u00e1sa k\u00f6vet. A kivitelez\u0151 azt mondja: a patakmeder rekonstrukci\u00f3 \u00e9s a ker\u00e9kp\u00e1r\u00fat a v\u00edz\u00fcgyi \u00e9s k\u00f6zleked\u00e9si el\u0151\u00edr\u00e1soknak mindenben megfelel, a beruh\u00e1z\u00e1s nem terheli meg \u00f6kol\u00f3giailag a patakot \u00e9s k\u00f6rny\u00e9k\u00e9t. A szakemberek [&#8230;]<\/p>\n","protected":false},"author":4,"featured_media":0,"comment_status":"open","ping_status":"open","sticky":false,"template":"","format":"standard","meta":{"footnotes":""},"categories":[6],"tags":[1722,36],"class_list":["post-10536","post","type-post","status-publish","format-standard","hentry","category-belfold","tag-bicikliut","tag-eger"],"_links":{"self":[{"href":"https:\/\/www.agriatv.hu\/index.php?rest_route=\/wp\/v2\/posts\/10536","targetHints":{"allow":["GET"]}}],"collection":[{"href":"https:\/\/www.agriatv.hu\/index.php?rest_route=\/wp\/v2\/posts"}],"about":[{"href":"https:\/\/www.agriatv.hu\/index.php?rest_route=\/wp\/v2\/types\/post"}],"author":[{"embeddable":true,"href":"https:\/\/www.agriatv.hu\/index.php?rest_route=\/wp\/v2\/users\/4"}],"replies":[{"embeddable":true,"href":"https:\/\/www.agriatv.hu\/index.php?rest_route=%2Fwp%2Fv2%2Fcomments&post=10536"}],"version-history":[{"count":3,"href":"https:\/\/www.agriatv.hu\/index.php?rest_route=\/wp\/v2\/posts\/10536\/revisions"}],"predecessor-version":[{"id":10539,"href":"https:\/\/www.agriatv.hu\/index.php?rest_route=\/wp\/v2\/posts\/10536\/revisions\/10539"}],"wp:attachment":[{"href":"https:\/\/www.agriatv.hu\/index.php?rest_route=%2Fwp%2Fv2%2Fmedia&parent=10536"}],"wp:term":[{"taxonomy":"category","embeddable":true,"href":"https:\/\/www.agriatv.hu\/index.php?rest_route=%2Fwp%2Fv2%2Fcategories&post=10536"},{"taxonomy":"post_tag","embeddable":true,"href":"https:\/\/www.agriatv.hu\/index.php?rest_route=%2Fwp%2Fv2%2Ftags&post=10536"}],"curies":[{"name":"wp","href":"https:\/\/api.w.org\/{rel}","templated":true}]}}