{"id":10547,"date":"2013-07-05T14:06:04","date_gmt":"2013-07-05T14:06:04","guid":{"rendered":"http:\/\/www.agriatv.hu\/?p=10547"},"modified":"2013-07-05T14:06:04","modified_gmt":"2013-07-05T14:06:04","slug":"megoltek-egy-ferfit-andornaktalyan","status":"publish","type":"post","link":"https:\/\/www.agriatv.hu\/?p=10547","title":{"rendered":"Meg\u00f6ltek egy f\u00e9rfit Andornakt\u00e1ly\u00e1n"},"content":{"rendered":"<p><strong><a href=\"https:\/\/www.agriatv.hu\/wp-content\/uploads\/2013\/07\/0705gyilok_v.jpg\"><img loading=\"lazy\" decoding=\"async\" class=\"alignleft size-medium wp-image-10548\" alt=\"0705gyilok_v\" src=\"https:\/\/www.agriatv.hu\/wp-content\/uploads\/2013\/07\/0705gyilok_v-300x240.jpg\" width=\"115\" height=\"71\" \/><\/a>Holtan tal\u00e1ltak egy egri f\u00e9rfit cs\u00fct\u00f6rt\u00f6k este Andornakt\u00e1lya k\u00fclter\u00fclet\u00e9n egy h\u00e9tv\u00e9gi h\u00e1zban, tudtuk meg Solt\u00e9sz B\u00e1lintt\u00f3l, a Heves Megyei Rend\u0151r-f\u0151kapit\u00e1nys\u00e1g sajt\u00f3sz\u00f3viv\u0151j\u00e9t\u0151l. <\/strong><\/p>\n<p>Az eset k\u00f6r\u00fclm\u00e9nyei egyel\u0151re nem ismertek. A rend\u0151rs\u00e9gi sz\u00f3viv\u0151 annyit mondott el r\u00f3la, hogy az eddigi adatok alapj\u00e1n a f\u00e9rfi hal\u00e1l\u00e1t idegenkez\u0171s\u00e9g okozta.<\/p>\n<p>Inform\u00e1ci\u00f3ink szerint az egri\u00a0illet\u0151s\u00e9g\u0171 f\u00e9rfit lesz\u00fart\u00e1k, \u00e1m ezt a rend\u0151rs\u00e9gi sz\u00f3viv\u0151 nem er\u0151s\u00edtette meg. \u00a0A Heves Megyei Rend\u0151r-f\u0151kapit\u00e1nys\u00e1g ember\u00f6l\u00e9s b\u0171ntett elk\u00f6vet\u00e9s\u00e9nek megalapozott gyan\u00faja miatt ind\u00edtott elj\u00e1r\u00e1st ismeretlen tettes ellen.<\/p>\n<p>Tud\u00f3s\u00edt\u00f3nk p\u00e9ntek d\u00e9lben a helysz\u00ednen megtudta a szomsz\u00e9dokt\u00f3l, hogy v\u00e9lhet\u0151en a fia tal\u00e1lta meg a 35 \u00e9ves f\u00e9rfit holttest\u00e9t cs\u00fct\u00f6rt\u00f6k d\u00e9lut\u00e1n. \u00dagy tudj\u00e1k, h\u00e1rom k\u00e9ssz\u00far\u00e1s v\u00e9gzett a fiatalemberrel.<\/p>\n<p>Az egyik szomsz\u00e9dos h\u00e9tv\u00e9gi h\u00e1z tulajdonosa ma d\u00e9lel\u0151tt \u00e9rtes\u00fclt a trag\u00e9di\u00e1r\u00f3l, amikor a kertj\u00e9be indult. T\u00f6bb rend\u0151raut\u00f3 is \u00e1llt a helysz\u00ednen, ebb\u0151l arra gondolt, hogy biztosan \u00fajabb bet\u00f6r\u00e9st t\u00f6rt\u00e9nt, mert mint elmondta nem ritka ez arrafel\u00e9. Nagyon megd\u00f6bbent, amikor megtudta, hogy gyilkoss\u00e1g t\u00f6rt\u00e9nt.<div class=\"wordtube\">\n<div class=\"wordtube single925\" id=\"WT1_1\" style=\"width:320px; height:240px;\">\n<a href=\"http:\/\/www.macromedia.com\/go\/getflashplayer\">Get the Flash Player<\/a> to see the wordTube Media Player.\n<\/div><\/div>\n\t<script type=\"text\/javascript\" defer=\"defer\">\nvar WT1_1 = {\n\tparams : {\n\t\twmode : \"opaque\",\n\t\tallowscriptaccess : \"always\",\n\t\tallownetworking : \"all\",\n\t\tallowfullscreen : \"true\"},\n\tflashvars : {\n\t\tfile : \"http%3A%2F%2Fwww.agriatv.hu%2Fwp-content%2Fuploads%2F2013%2F07%2F0705gyilok.flv\",\n\t\tvolume : \"80\",\n\t\tbufferlength : \"5\",\n\t\tquality : \"false\",\n\t\t'logo.hide' : \"false\",\n\t\timage : \"http%3A%2F%2Fwww.agriatv.hu%2Fwp-content%2Fuploads%2F2013%2F07%2F0705gyilok.jpg\",\n\t\ttitle : \"0705gyilok.flv\",\n\t\tlinktarget : \"_self\"},\n\tattr : {\n\t\tid : \"WT1\",\n\t\tname : \"WT1\"},\n\tstart : function() {\n\t\tswfobject.embedSWF(\"https:\/\/www.agriatv.hu\/\/player.swf\", \"WT1_1\", \"320\", \"240\", \"9.0.0\", false, this.flashvars, this.params , this.attr );\n\t}\n}\nWT1_1.start();\n\t<\/script>\n<\/p>\n<p>Az elhunytr\u00f3l annyit mondott a szomsz\u00e9d, hogy mindenki j\u00f3raval\u00f3, szorgalmas embernek ismerte. \u00dagy tudj\u00e1k Egerben \u00e9lt, fest\u0151k\u00e9nt dolgozott.<\/p>\n<p>A rend\u0151rs\u00e9g szakemberei jelenleg is v\u00e9gzik a helysz\u00ednel\u00e9st.<\/p>\n","protected":false},"excerpt":{"rendered":"<p>Holtan tal\u00e1ltak egy egri f\u00e9rfit cs\u00fct\u00f6rt\u00f6k este Andornakt\u00e1lya k\u00fclter\u00fclet\u00e9n egy h\u00e9tv\u00e9gi h\u00e1zban, tudtuk meg Solt\u00e9sz B\u00e1lintt\u00f3l, a Heves Megyei Rend\u0151r-f\u0151kapit\u00e1nys\u00e1g sajt\u00f3sz\u00f3viv\u0151j\u00e9t\u0151l.<br \/>\nAz eset k\u00f6r\u00fclm\u00e9nyei egyel\u0151re nem ismertek. A rend\u0151rs\u00e9gi sz\u00f3viv\u0151 annyit mondott el r\u00f3la, hogy az eddigi adatok alapj\u00e1n a f\u00e9rfi hal\u00e1l\u00e1t idegenkez\u0171s\u00e9g okozta.<br \/>\nInform\u00e1ci\u00f3ink szerint az egri\u00a0illet\u0151s\u00e9g\u0171 f\u00e9rfit lesz\u00fart\u00e1k, \u00e1m ezt a rend\u0151rs\u00e9gi sz\u00f3viv\u0151 nem [&#8230;]<\/p>\n","protected":false},"author":4,"featured_media":0,"comment_status":"open","ping_status":"open","sticky":false,"template":"","format":"standard","meta":{"footnotes":""},"categories":[6],"tags":[947,1079,122],"class_list":["post-10547","post","type-post","status-publish","format-standard","hentry","category-belfold","tag-andornaktalya","tag-gyilkossag","tag-rendorseg"],"_links":{"self":[{"href":"https:\/\/www.agriatv.hu\/index.php?rest_route=\/wp\/v2\/posts\/10547","targetHints":{"allow":["GET"]}}],"collection":[{"href":"https:\/\/www.agriatv.hu\/index.php?rest_route=\/wp\/v2\/posts"}],"about":[{"href":"https:\/\/www.agriatv.hu\/index.php?rest_route=\/wp\/v2\/types\/post"}],"author":[{"embeddable":true,"href":"https:\/\/www.agriatv.hu\/index.php?rest_route=\/wp\/v2\/users\/4"}],"replies":[{"embeddable":true,"href":"https:\/\/www.agriatv.hu\/index.php?rest_route=%2Fwp%2Fv2%2Fcomments&post=10547"}],"version-history":[{"count":3,"href":"https:\/\/www.agriatv.hu\/index.php?rest_route=\/wp\/v2\/posts\/10547\/revisions"}],"predecessor-version":[{"id":10551,"href":"https:\/\/www.agriatv.hu\/index.php?rest_route=\/wp\/v2\/posts\/10547\/revisions\/10551"}],"wp:attachment":[{"href":"https:\/\/www.agriatv.hu\/index.php?rest_route=%2Fwp%2Fv2%2Fmedia&parent=10547"}],"wp:term":[{"taxonomy":"category","embeddable":true,"href":"https:\/\/www.agriatv.hu\/index.php?rest_route=%2Fwp%2Fv2%2Fcategories&post=10547"},{"taxonomy":"post_tag","embeddable":true,"href":"https:\/\/www.agriatv.hu\/index.php?rest_route=%2Fwp%2Fv2%2Ftags&post=10547"}],"curies":[{"name":"wp","href":"https:\/\/api.w.org\/{rel}","templated":true}]}}