{"id":10552,"date":"2013-07-09T16:14:11","date_gmt":"2013-07-09T16:14:11","guid":{"rendered":"http:\/\/www.agriatv.hu\/?p=10552"},"modified":"2013-07-09T16:14:11","modified_gmt":"2013-07-09T16:14:11","slug":"halalos-baleset-atkarnal","status":"publish","type":"post","link":"https:\/\/www.agriatv.hu\/?p=10552","title":{"rendered":"Hal\u00e1los baleset Atk\u00e1rn\u00e1l"},"content":{"rendered":"<p><a href=\"https:\/\/www.agriatv.hu\/wp-content\/uploads\/2013\/07\/0709atkar_baleset_v.jpg\"><img loading=\"lazy\" decoding=\"async\" class=\"alignleft size-medium wp-image-10554\" alt=\"0709atkar_baleset_v\" src=\"https:\/\/www.agriatv.hu\/wp-content\/uploads\/2013\/07\/0709atkar_baleset_v-300x240.jpg\" width=\"121\" height=\"73\" \/><\/a>Egy 20 \u00e9ves nagyr\u00e9dei fiatalember halt meg a\u00a0 ma d\u00e9lut\u00e1ni balesetben Atk\u00e1r \u00e9s V\u00e1mosgy\u00f6rk k\u00f6z\u00f6tt. \u00dagy tudjuk,\u00a0 V\u00e1mosgy\u00f6rk fel\u00e9 k\u00f6zlekedett kismotorj\u00e1val, amikor ir\u00e1nyjelz\u00e9s n\u00e9lk\u00fcl akart befordulni\u00a0 balra egy keresztez\u0151d\u00e9sbe. Az \u0151t \u00e9ppen megel\u0151z\u0151 aut\u00f3 m\u00e1r nem tudta elker\u00fclni a balesetet. A motoros m\u00e9tereket rep\u00fclt, \u00e9s az \u00e1rok sz\u00e9l\u00e9n \u00e1llt meg. A fiatalember \u00e9let\u00e9t m\u00e1r nem tudt\u00e1k megmenteni.<\/p>\n<p>A kocsi a f\u00e9kez\u00e9s \u00e9s az \u00fctk\u00f6z\u00e9s ut\u00e1n a m\u00e1sik oldali \u00e1rokban k\u00f6t\u00f6tt ki.<\/p>\n<p>A helysz\u00ednel\u00e9s idej\u00e9re az utat teljes sz\u00e9less\u00e9g\u00e9ben lez\u00e1rt\u00e1k. Az eset k\u00f6r\u00fclm\u00e9nyeit szak\u00e9rt\u0151 bevon\u00e1s\u00e1val vizsg\u00e1lj\u00e1k.<div class=\"wordtube\">\n<div class=\"wordtube single926\" id=\"WT1_1\" style=\"width:320px; height:240px;\">\n<a href=\"http:\/\/www.macromedia.com\/go\/getflashplayer\">Get the Flash Player<\/a> to see the wordTube Media Player.\n<\/div><\/div>\n\t<script type=\"text\/javascript\" defer=\"defer\">\nvar WT1_1 = {\n\tparams : {\n\t\twmode : \"opaque\",\n\t\tallowscriptaccess : \"always\",\n\t\tallownetworking : \"all\",\n\t\tallowfullscreen : \"true\"},\n\tflashvars : {\n\t\tfile : \"http%3A%2F%2Fwww.agriatv.hu%2Fwp-content%2Fuploads%2F2013%2F07%2F0709atkar_baleset.flv\",\n\t\tvolume : \"80\",\n\t\tbufferlength : \"5\",\n\t\tquality : \"false\",\n\t\t'logo.hide' : \"false\",\n\t\timage : \"http%3A%2F%2Fwww.agriatv.hu%2Fwp-content%2Fuploads%2F2013%2F07%2F0709atkar_baleset.jpg\",\n\t\ttitle : \"0709atkar_baleset.flv\",\n\t\tlinktarget : \"_self\"},\n\tattr : {\n\t\tid : \"WT1\",\n\t\tname : \"WT1\"},\n\tstart : function() {\n\t\tswfobject.embedSWF(\"https:\/\/www.agriatv.hu\/\/player.swf\", \"WT1_1\", \"320\", \"240\", \"9.0.0\", false, this.flashvars, this.params , this.attr );\n\t}\n}\nWT1_1.start();\n\t<\/script>\n<\/p>\n","protected":false},"excerpt":{"rendered":"<p>Egy 20 \u00e9ves nagyr\u00e9dei fiatalember halt meg a\u00a0 ma d\u00e9lut\u00e1ni balesetben Atk\u00e1r \u00e9s V\u00e1mosgy\u00f6rk k\u00f6z\u00f6tt. \u00dagy tudjuk,\u00a0 V\u00e1mosgy\u00f6rk fel\u00e9 k\u00f6zlekedett kismotorj\u00e1val, amikor ir\u00e1nyjelz\u00e9s n\u00e9lk\u00fcl akart befordulni\u00a0 balra egy keresztez\u0151d\u00e9sbe. Az \u0151t \u00e9ppen megel\u0151z\u0151 aut\u00f3 m\u00e1r nem tudta elker\u00fclni a balesetet. A motoros m\u00e9tereket rep\u00fclt, \u00e9s az \u00e1rok sz\u00e9l\u00e9n \u00e1llt meg. A fiatalember \u00e9let\u00e9t m\u00e1r nem [&#8230;]<\/p>\n","protected":false},"author":4,"featured_media":0,"comment_status":"open","ping_status":"open","sticky":false,"template":"","format":"standard","meta":{"footnotes":""},"categories":[5],"tags":[41,771,39],"class_list":["post-10552","post","type-post","status-publish","format-standard","hentry","category-kek-hirek","tag-baleset","tag-halal","tag-motoros"],"_links":{"self":[{"href":"https:\/\/www.agriatv.hu\/index.php?rest_route=\/wp\/v2\/posts\/10552","targetHints":{"allow":["GET"]}}],"collection":[{"href":"https:\/\/www.agriatv.hu\/index.php?rest_route=\/wp\/v2\/posts"}],"about":[{"href":"https:\/\/www.agriatv.hu\/index.php?rest_route=\/wp\/v2\/types\/post"}],"author":[{"embeddable":true,"href":"https:\/\/www.agriatv.hu\/index.php?rest_route=\/wp\/v2\/users\/4"}],"replies":[{"embeddable":true,"href":"https:\/\/www.agriatv.hu\/index.php?rest_route=%2Fwp%2Fv2%2Fcomments&post=10552"}],"version-history":[{"count":3,"href":"https:\/\/www.agriatv.hu\/index.php?rest_route=\/wp\/v2\/posts\/10552\/revisions"}],"predecessor-version":[{"id":10556,"href":"https:\/\/www.agriatv.hu\/index.php?rest_route=\/wp\/v2\/posts\/10552\/revisions\/10556"}],"wp:attachment":[{"href":"https:\/\/www.agriatv.hu\/index.php?rest_route=%2Fwp%2Fv2%2Fmedia&parent=10552"}],"wp:term":[{"taxonomy":"category","embeddable":true,"href":"https:\/\/www.agriatv.hu\/index.php?rest_route=%2Fwp%2Fv2%2Fcategories&post=10552"},{"taxonomy":"post_tag","embeddable":true,"href":"https:\/\/www.agriatv.hu\/index.php?rest_route=%2Fwp%2Fv2%2Ftags&post=10552"}],"curies":[{"name":"wp","href":"https:\/\/api.w.org\/{rel}","templated":true}]}}