{"id":10557,"date":"2013-07-09T18:47:53","date_gmt":"2013-07-09T18:47:53","guid":{"rendered":"http:\/\/www.agriatv.hu\/?p=10557"},"modified":"2013-07-10T17:54:39","modified_gmt":"2013-07-10T17:54:39","slug":"mszp-haldoklik-az-oktatas-heves-megyeben","status":"publish","type":"post","link":"https:\/\/www.agriatv.hu\/?p=10557","title":{"rendered":"MSZP: Haldoklik az oktat\u00e1s Heves megy\u00e9ben"},"content":{"rendered":"<p style=\"text-align: left;\"><b><a href=\"https:\/\/www.agriatv.hu\/wp-content\/uploads\/2013\/07\/0709mszp_v.jpg\"><img loading=\"lazy\" decoding=\"async\" class=\"alignleft size-medium wp-image-10560\" alt=\"0709mszp_v\" src=\"https:\/\/www.agriatv.hu\/wp-content\/uploads\/2013\/07\/0709mszp_v-300x240.jpg\" width=\"107\" height=\"63\" \/><\/a>A korm\u00e1ny az oktat\u00e1st is saj\u00e1t hatalmi c\u00e9ljai al\u00e1 rendeli. Indokolatlan m\u00e9rt\u00e9k\u0171 p\u00e9nzkivon\u00e1s, \u00e1llamos\u00edt\u00e1s, centraliz\u00e1l\u00e1st visz v\u00e9ghez. T\u00f6nkre teszik Eger, Gy\u00f6ngy\u00f6s, Hatvan soksz\u00edn\u0171 iskolav\u00e1rosi jelleg\u00e9t.<\/b><\/p>\n<p style=\"text-align: left;\">Botr\u00e1ny, botr\u00e1ny h\u00e1t\u00e1n, kaotikus \u00e1llapotok vannak az oktat\u00e1sban.<\/p>\n<p style=\"text-align: left;\">A tan\u00e1rok \u00e9hb\u00e9r\u00e9rt dolgoznak, nem lehet tudni, hogy id\u00e9n ny\u00e1ron kiket bocs\u00e1tanak el. Az iskolaigazgat\u00f3kat k\u00f6zponti v\u00e9grehajt\u00f3 szerepre k\u00e1rhoztatj\u00e1k. A pedag\u00f3gusok b\u00e9re nem fog emelkedni, s\u0151t re\u00e1lb\u00e9rben kevesebbet fognak keresni.<\/p>\n<p style=\"text-align: left;\">A trafikmutyi ut\u00e1n j\u00f6tt a tank\u00f6nyv mutyi: el\u0151re ki kell fizetni \u2013 egy k\u00e9tgyermekes csal\u00e1dnak pl. t\u00f6bb mint 40 ezer forintot &#8211; \u00edgy nagyon sok csal\u00e1d nyar\u00e1t teszik ezzel t\u00f6nkre; a k\u00f6nyvek t\u00f6bbe ker\u00fclnek, mint kor\u00e1bban, az \u00e1llami monop\u00f3lium k\u00f6vetkezt\u00e9ben.<\/p>\n<p style=\"text-align: left;\">Hol van m\u00e1r, mikor a kisiskol\u00e1kra nagyobb figyelmet \u00edg\u00e9rtek?<\/p>\n<p style=\"text-align: left;\">Sz\u00e9tvert\u00e9k a soksz\u00edn\u0171, rugalmas, \u00e1tl\u00e1that\u00f3, \u00e1tj\u00e1rhat\u00f3 \u00e9s egym\u00e1sra \u00e9p\u00fcl\u0151 k\u00f6zoktat\u00e1si rendszert, m\u00faltba r\u00e9ved\u0151 \u201e\u00e1rval\u00e1nyhajas\u201d k\u00f6znevel\u00e9si rendszert k\u00edv\u00e1nnak megval\u00f3s\u00edtani.<\/p>\n<p style=\"text-align: left;\">Megbukott a szakk\u00e9pz\u00e9si \u00e1talak\u00edt\u00e1s is: a c\u00e9gek csup\u00e1n 1,3%-a vesz r\u00e9szt az \u00fagynevezett du\u00e1lis szakk\u00e9pz\u00e9sben, helyet adva a szakm\u00e1k gyakorlati elsaj\u00e1t\u00edt\u00e1s\u00e1nak. \u00cdgy ez nem nevezhet\u0151 du\u00e1lis szakk\u00e9pz\u00e9snek, csup\u00e1n egyszer haszn\u00e1latos szakmunk\u00e1sokat k\u00e9peznek.<div class=\"wordtube\">\n<div class=\"wordtube single927\" id=\"WT1_1\" style=\"width:320px; height:240px;\">\n<a href=\"http:\/\/www.macromedia.com\/go\/getflashplayer\">Get the Flash Player<\/a> to see the wordTube Media Player.\n<\/div><\/div>\n\t<script type=\"text\/javascript\" defer=\"defer\">\nvar WT1_1 = {\n\tparams : {\n\t\twmode : \"opaque\",\n\t\tallowscriptaccess : \"always\",\n\t\tallownetworking : \"all\",\n\t\tallowfullscreen : \"true\"},\n\tflashvars : {\n\t\tfile : \"http%3A%2F%2Fwww.agriatv.hu%2Fwp-content%2Fuploads%2F2013%2F07%2F0709mszp.flv\",\n\t\tvolume : \"80\",\n\t\tbufferlength : \"5\",\n\t\tquality : \"false\",\n\t\t'logo.hide' : \"false\",\n\t\timage : \"http%3A%2F%2Fwww.agriatv.hu%2Fwp-content%2Fuploads%2F2013%2F07%2F0709mszp.jpg\",\n\t\ttitle : \"0709mszp.flv\",\n\t\tlinktarget : \"_self\"},\n\tattr : {\n\t\tid : \"WT1\",\n\t\tname : \"WT1\"},\n\tstart : function() {\n\t\tswfobject.embedSWF(\"https:\/\/www.agriatv.hu\/\/player.swf\", \"WT1_1\", \"320\", \"240\", \"9.0.0\", false, this.flashvars, this.params , this.attr );\n\t}\n}\nWT1_1.start();\n\t<\/script>\n<\/p>\n<p style=\"text-align: left;\">Ki\u00fcres\u00edtett\u00e9k a feln\u0151ttk\u00e9pz\u00e9si rendszert. Az \u00e1llam jelent\u0151s ter\u00fcleteket szab\u00e1lyozatlanul hagyott. Hosszabb ideig fog tartani, \u00e9s t\u00f6bbe fog ker\u00fclni, annak aki a feln\u0151ttk\u00e9pz\u00e9sben r\u00e9szt vesz.<\/p>\n<p style=\"text-align: left;\">A fels\u0151oktat\u00e1st, a f\u0151iskolai, egyetemi k\u00e9pz\u00e9st visszafejleszti a FIDESZ. A k\u00e9pz\u00e9st k\u00f6lts\u00e9gvet\u00e9si t\u00e9telk\u00e9nt \u00e9s nem egy hossz\u00fa t\u00e1v\u00fa befektet\u00e9sk\u00e9nt kezeli. Elvette az oktat\u00e1si int\u00e9zm\u00e9nyek auton\u00f3mi\u00e1j\u00e1t, \u00f6n\u00e1ll\u00f3s\u00e1g\u00e1t.<\/p>\n<p style=\"text-align: left;\">A szeg\u00e9ny ember, tehets\u00e9ges gyermek\u00e9nek szinte el\u00e9rhetetlen, hogy \u201emagasabb\u201d iskol\u00e1ba j\u00e1rjon.<\/p>\n<p style=\"text-align: left;\">\n<p style=\"text-align: left;\">Dr. S\u00f3s Tam\u00e1s \u00a0\u00a0\u00a0\u00a0\u00a0\u00a0\u00a0\u00a0\u00a0\u00a0\u00a0\u00a0\u00a0\u00a0\u00a0\u00a0\u00a0\u00a0\u00a0\u00a0\u00a0\u00a0\u00a0\u00a0\u00a0\u00a0\u00a0\u00a0\u00a0\u00a0\u00a0\u00a0\u00a0\u00a0\u00a0\u00a0\u00a0\u00a0\u00a0\u00a0\u00a0\u00a0\u00a0\u00a0\u00a0\u00a0\u00a0\u00a0\u00a0\u00a0\u00a0\u00a0\u00a0\u00a0\u00a0\u00a0\u00a0 Dr. Nagy Imre<\/p>\n<p style=\"text-align: left;\">Orsz\u00e1ggy\u0171l\u00e9si k\u00e9pvisel\u0151\u00a0\u00a0\u00a0\u00a0\u00a0\u00a0\u00a0\u00a0\u00a0\u00a0\u00a0\u00a0\u00a0\u00a0\u00a0\u00a0\u00a0\u00a0\u00a0\u00a0\u00a0\u00a0\u00a0\u00a0\u00a0\u00a0\u00a0\u00a0\u00a0\u00a0\u00a0\u00a0\u00a0\u00a0\u00a0\u00a0\u00a0\u00a0\u00a0 \u00a0\u00a0\u00a0\u00a0 Megyei frakci\u00f3vezet\u0151<\/p>\n<p style=\"text-align: left;\">MSZP \u00a0\u00a0\u00a0\u00a0\u00a0\u00a0\u00a0\u00a0\u00a0\u00a0\u00a0\u00a0\u00a0\u00a0\u00a0\u00a0\u00a0\u00a0\u00a0\u00a0\u00a0\u00a0\u00a0\u00a0\u00a0\u00a0\u00a0\u00a0\u00a0\u00a0\u00a0\u00a0\u00a0\u00a0\u00a0\u00a0\u00a0\u00a0\u00a0\u00a0\u00a0\u00a0\u00a0\u00a0\u00a0\u00a0\u00a0\u00a0\u00a0\u00a0\u00a0\u00a0\u00a0\u00a0\u00a0\u00a0\u00a0\u00a0\u00a0\u00a0\u00a0\u00a0\u00a0\u00a0\u00a0 \u00a0\u00a0\u00a0\u00a0\u00a0\u00a0MSZP<\/p>\n<p style=\"text-align: left;\">\n<p style=\"text-align: left;\">\n<p style=\"text-align: left;\">\n<p style=\"text-align: left;\" align=\"center\"><strong>Fidesz: A baloldal elj\u00e1tszotta a fiatalok j\u00f6v\u0151j\u00e9t<\/strong><\/p>\n<p style=\"text-align: left;\">\n<p style=\"text-align: left;\"><strong>A Heves megyeiek nem k\u00e9rnek azoknak a tan\u00e1csaib\u00f3l, akik t\u00f6nkretett\u00e9k az orsz\u00e1got, elad\u00f3s\u00edtott\u00e1k a magyar telep\u00fcl\u00e9seket, vesz\u00e9lybe sodort\u00e1k \u00e9s liber\u00e1lis k\u00eds\u00e9rleti terepp\u00e9 tett\u00e9k az oktat\u00e1st. A Gyurcs\u00e1ny-Bajnai-korm\u00e1ny sz\u00e9tverte az oktat\u00e1si rendszert: sz\u00e1zmilli\u00e1rdokat vont el az oktat\u00e1sb\u00f3l, t\u00f6bb t\u00edzezer pedag\u00f3gust tett az utc\u00e1ra, \u00e9s t\u00f6bb sz\u00e1z iskol\u00e1ra tett lakatot.<\/strong><strong> <\/strong>A baloldal m\u00e1r egyszer elj\u00e1tszotta a fiatalok j\u00f6v\u0151j\u00e9t, megdupl\u00e1zta a fiatalok munkan\u00e9lk\u00fclis\u00e9g\u00e9t. Ha rajtuk m\u00falna, ma is tand\u00edjat vezetn\u00e9nek be.<\/p>\n<p style=\"text-align: left;\">A fiatalok j\u00f6v\u0151je \u00e9rdek\u00e9ben a Fidesz-korm\u00e1ny \u00e1talak\u00edtotta a k\u00f6znevel\u00e9st \u00e9s a fels\u0151oktat\u00e1st. \u00c1tvette a kistelep\u00fcl\u00e9sek iskol\u00e1inak fenntart\u00e1s\u00e1nak terh\u00e9t az \u00f6nkorm\u00e1nyzatokt\u00f3l, ezzel iskol\u00e1k sz\u00e1zait \u00e9s pedag\u00f3gus\u00e1ll\u00e1sok t\u00edzezreit mentette meg. Az orsz\u00e1g jelenlegi vezet\u00e9se \u2013 a baloldallal szemben \u2013 nemcsak szavakban, hanem tettekben is a pedag\u00f3gusok mellett \u00e1ll. Az eg\u00e9szs\u00e9g\u00fcgyi dolgoz\u00f3k ut\u00e1n, a k\u00f6zelj\u00f6v\u0151ben megkezd\u0151dik a pedag\u00f3gusok b\u00e9remel\u00e9si programja \u00e9s a pedag\u00f3gus \u00e9letp\u00e1lya-modell bevezet\u00e9se is.<\/p>\n<p style=\"text-align: left;\">Az \u00e1llam a gyermekeket nevel\u0151ket is sz\u00e1mos m\u00f3don seg\u00edti, a csal\u00e1di ad\u00f3kedvezm\u00e9ny egymilli\u00f3 gyermekes csal\u00e1d meg\u00e9lhet\u00e9s\u00e9t k\u00f6nny\u00edti meg, emellett a gyermekek t\u00f6bb mint fele ma ingyen kapja a tank\u00f6nyveket. A fiatalok kez\u00e9be a munkaer\u0151piacon \u00e9rt\u00e9kes szaktud\u00e1st \u00e9s diplom\u00e1t ad az oktat\u00e1si rendszer, elhelyezked\u00e9s\u00fcket pedig c\u00e9lzottan nekik sz\u00f3l\u00f3 foglalkoztat\u00e1si programok \u00e9s ad\u00f3kedvezm\u00e9nyek seg\u00edtik. Ennek is k\u00f6sz\u00f6nhet\u0151, hogy a korm\u00e1nyv\u00e1lt\u00e1s \u00f3ta, imm\u00e1r 38. h\u00f3napja Heves megy\u00e9ben is t\u00f6retlen\u00fcl n\u0151 a foglalkoztatottak sz\u00e1ma, k\u00f6zt\u00fck a fiatalok\u00e9 is.<\/p>\n<p style=\"text-align: left;\">\n<p style=\"text-align: left;\">Eger, 2013. j\u00falius 10.<\/p>\n<p style=\"text-align: left;\">\n<p style=\"text-align: left;\" align=\"right\">Dr. Gondos Istv\u00e1n<\/p>\n<p style=\"text-align: left;\" align=\"right\">frakci\u00f3vezet\u0151<\/p>\n<p style=\"text-align: left;\" align=\"right\">Heves Megyei K\u00f6zgy\u0171l\u00e9s<\/p>\n<p style=\"text-align: left;\">Fidesz-KDNP<\/p>\n","protected":false},"excerpt":{"rendered":"<p>A korm\u00e1ny az oktat\u00e1st is saj\u00e1t hatalmi c\u00e9ljai al\u00e1 rendeli. Indokolatlan m\u00e9rt\u00e9k\u0171 p\u00e9nzkivon\u00e1s, \u00e1llamos\u00edt\u00e1s, centraliz\u00e1l\u00e1st visz v\u00e9ghez. T\u00f6nkre teszik Eger, Gy\u00f6ngy\u00f6s, Hatvan soksz\u00edn\u0171 iskolav\u00e1rosi jelleg\u00e9t.<br \/>\nBotr\u00e1ny, botr\u00e1ny h\u00e1t\u00e1n, kaotikus \u00e1llapotok vannak az oktat\u00e1sban.<br \/>\nA tan\u00e1rok \u00e9hb\u00e9r\u00e9rt dolgoznak, nem lehet tudni, hogy id\u00e9n ny\u00e1ron kiket bocs\u00e1tanak el. Az iskolaigazgat\u00f3kat k\u00f6zponti v\u00e9grehajt\u00f3 szerepre k\u00e1rhoztatj\u00e1k. A pedag\u00f3gusok b\u00e9re nem fog [&#8230;]<\/p>\n","protected":false},"author":4,"featured_media":0,"comment_status":"open","ping_status":"open","sticky":false,"template":"","format":"standard","meta":{"footnotes":""},"categories":[6,9,3],"tags":[1726,422,20,1725],"class_list":["post-10557","post","type-post","status-publish","format-standard","hentry","category-belfold","category-oktatas","category-politika","tag-ber","tag-oktatas-2","tag-pedagogus","tag-penzkivonas"],"_links":{"self":[{"href":"https:\/\/www.agriatv.hu\/index.php?rest_route=\/wp\/v2\/posts\/10557","targetHints":{"allow":["GET"]}}],"collection":[{"href":"https:\/\/www.agriatv.hu\/index.php?rest_route=\/wp\/v2\/posts"}],"about":[{"href":"https:\/\/www.agriatv.hu\/index.php?rest_route=\/wp\/v2\/types\/post"}],"author":[{"embeddable":true,"href":"https:\/\/www.agriatv.hu\/index.php?rest_route=\/wp\/v2\/users\/4"}],"replies":[{"embeddable":true,"href":"https:\/\/www.agriatv.hu\/index.php?rest_route=%2Fwp%2Fv2%2Fcomments&post=10557"}],"version-history":[{"count":5,"href":"https:\/\/www.agriatv.hu\/index.php?rest_route=\/wp\/v2\/posts\/10557\/revisions"}],"predecessor-version":[{"id":10562,"href":"https:\/\/www.agriatv.hu\/index.php?rest_route=\/wp\/v2\/posts\/10557\/revisions\/10562"}],"wp:attachment":[{"href":"https:\/\/www.agriatv.hu\/index.php?rest_route=%2Fwp%2Fv2%2Fmedia&parent=10557"}],"wp:term":[{"taxonomy":"category","embeddable":true,"href":"https:\/\/www.agriatv.hu\/index.php?rest_route=%2Fwp%2Fv2%2Fcategories&post=10557"},{"taxonomy":"post_tag","embeddable":true,"href":"https:\/\/www.agriatv.hu\/index.php?rest_route=%2Fwp%2Fv2%2Ftags&post=10557"}],"curies":[{"name":"wp","href":"https:\/\/api.w.org\/{rel}","templated":true}]}}