{"id":10583,"date":"2013-07-11T09:24:56","date_gmt":"2013-07-11T09:24:56","guid":{"rendered":"http:\/\/www.agriatv.hu\/?p=10583"},"modified":"2013-07-13T09:27:45","modified_gmt":"2013-07-13T09:27:45","slug":"ismet-foldrenges-volt-erdotelek-kozeleben","status":"publish","type":"post","link":"https:\/\/www.agriatv.hu\/?p=10583","title":{"rendered":"Ism\u00e9t f\u00f6ldreng\u00e9s volt Erd\u0151telek k\u00f6zel\u00e9ben"},"content":{"rendered":"<p><strong><a href=\"https:\/\/www.agriatv.hu\/wp-content\/uploads\/2013\/01\/0105heves_v.jpg\"><img loading=\"lazy\" decoding=\"async\" class=\"alignleft size-medium wp-image-9121\" alt=\"0105heves_v\" src=\"https:\/\/www.agriatv.hu\/wp-content\/uploads\/2013\/01\/0105heves_v-300x240.jpg\" width=\"125\" height=\"70\" \/><\/a>A Richter-sk\u00e1la szerinti 1,7-es erej\u0171 f\u00f6ldreng\u00e9s volt cs\u00fct\u00f6rt\u00f6k\u00f6n reggel a Heves megyei Erd\u0151telek k\u00f6zel\u00e9ben \u2013 k\u00f6z\u00f6lte a Magyar Tudom\u00e1nyos Akad\u00e9mia (MTA) szeizmol\u00f3giai obszervat\u00f3riuma az MTI-vel.<\/strong><\/p>\n<p>S\u00fcle B\u00e1lint szeizmol\u00f3gus t\u00e1j\u00e9koztat\u00e1sa szerint a mostani, 8 \u00f3ra 10 perckor t\u00f6rt\u00e9nt reng\u00e9s az \u00e1prilis 23-i, 4,8-as erej\u0171 f\u00f6ldmozg\u00e1s ut\u00f3reng\u00e9se volt. K\u00e1rokr\u00f3l nem \u00e9rkezett jelent\u00e9s \u2013 tette hozz\u00e1.<\/p>\n<p>\u00c1prilis 23-\u00e1n hajnalban 4,8-4,9 er\u0151ss\u00e9g\u0171 f\u00f6ldreng\u00e9st \u00e9szleltek a Heves megyei Heves v\u00e1ros k\u00f6zel\u00e9ben. Senki sem s\u00e9r\u00fclt meg, de a megye tizenegy telep\u00fcl\u00e9s\u00e9r\u0151l csaknem hatsz\u00e1z k\u00e1resetr\u0151l \u00e9rkezett bejelent\u00e9s, sz\u00e1mos lak\u00f3ingatlanban keletkezett kisebb m\u00e9rt\u00e9k\u0171 k\u00e1r. A f\u00f6ldmozg\u00e1snak m\u00e1snap kora reggel 2,5-es er\u0151ss\u00e9g\u0171 ut\u00f3reng\u00e9se volt a Heves megyei Tenk k\u00f6zs\u00e9g k\u00f6zel\u00e9ben.<\/p>\n<p>Magyarorsz\u00e1gon legut\u00f3bb j\u00fanius 2-\u00e1n volt f\u00f6ldreng\u00e9s, a N\u00f3gr\u00e1d megyei Sz\u00e1tok k\u00f6zs\u00e9g t\u00e9rs\u00e9g\u00e9ben. A Richter-f\u00e9le sk\u00e1la szerinti 3,6-es er\u0151ss\u00e9g\u0171 f\u00f6ldmozg\u00e1s a j\u00fanius 5-ei, \u00c9rsekvadkert k\u00f6zel\u00e9ben t\u00f6rt\u00e9nt 4,2-es er\u0151ss\u00e9g\u0171 f\u00f6ldreng\u00e9snek az ut\u00f3reng\u00e9se volt<\/p>\n","protected":false},"excerpt":{"rendered":"<p>A Richter-sk\u00e1la szerinti 1,7-es erej\u0171 f\u00f6ldreng\u00e9s volt cs\u00fct\u00f6rt\u00f6k\u00f6n reggel a Heves megyei Erd\u0151telek k\u00f6zel\u00e9ben \u2013 k\u00f6z\u00f6lte a Magyar Tudom\u00e1nyos Akad\u00e9mia (MTA) szeizmol\u00f3giai obszervat\u00f3riuma az MTI-vel.<br \/>\nS\u00fcle B\u00e1lint szeizmol\u00f3gus t\u00e1j\u00e9koztat\u00e1sa szerint a mostani, 8 \u00f3ra 10 perckor t\u00f6rt\u00e9nt reng\u00e9s az \u00e1prilis 23-i, 4,8-as erej\u0171 f\u00f6ldmozg\u00e1s ut\u00f3reng\u00e9se volt. K\u00e1rokr\u00f3l nem \u00e9rkezett jelent\u00e9s \u2013 tette hozz\u00e1.<br \/>\n\u00c1prilis 23-\u00e1n hajnalban 4,8-4,9 [&#8230;]<\/p>\n","protected":false},"author":4,"featured_media":0,"comment_status":"open","ping_status":"open","sticky":false,"template":"","format":"standard","meta":{"footnotes":""},"categories":[6],"tags":[1729,1050],"class_list":["post-10583","post","type-post","status-publish","format-standard","hentry","category-belfold","tag-erdotelek","tag-foldrenges"],"_links":{"self":[{"href":"https:\/\/www.agriatv.hu\/index.php?rest_route=\/wp\/v2\/posts\/10583","targetHints":{"allow":["GET"]}}],"collection":[{"href":"https:\/\/www.agriatv.hu\/index.php?rest_route=\/wp\/v2\/posts"}],"about":[{"href":"https:\/\/www.agriatv.hu\/index.php?rest_route=\/wp\/v2\/types\/post"}],"author":[{"embeddable":true,"href":"https:\/\/www.agriatv.hu\/index.php?rest_route=\/wp\/v2\/users\/4"}],"replies":[{"embeddable":true,"href":"https:\/\/www.agriatv.hu\/index.php?rest_route=%2Fwp%2Fv2%2Fcomments&post=10583"}],"version-history":[{"count":1,"href":"https:\/\/www.agriatv.hu\/index.php?rest_route=\/wp\/v2\/posts\/10583\/revisions"}],"predecessor-version":[{"id":10585,"href":"https:\/\/www.agriatv.hu\/index.php?rest_route=\/wp\/v2\/posts\/10583\/revisions\/10585"}],"wp:attachment":[{"href":"https:\/\/www.agriatv.hu\/index.php?rest_route=%2Fwp%2Fv2%2Fmedia&parent=10583"}],"wp:term":[{"taxonomy":"category","embeddable":true,"href":"https:\/\/www.agriatv.hu\/index.php?rest_route=%2Fwp%2Fv2%2Fcategories&post=10583"},{"taxonomy":"post_tag","embeddable":true,"href":"https:\/\/www.agriatv.hu\/index.php?rest_route=%2Fwp%2Fv2%2Ftags&post=10583"}],"curies":[{"name":"wp","href":"https:\/\/api.w.org\/{rel}","templated":true}]}}