{"id":10699,"date":"2013-07-29T21:43:40","date_gmt":"2013-07-29T21:43:40","guid":{"rendered":"http:\/\/www.agriatv.hu\/?p=10699"},"modified":"2013-07-29T21:43:40","modified_gmt":"2013-07-29T21:43:40","slug":"felujitjak-gardonyi-geza-sirjat","status":"publish","type":"post","link":"https:\/\/www.agriatv.hu\/?p=10699","title":{"rendered":"Fel\u00faj\u00edtj\u00e1k G\u00e1rdonyi G\u00e9za s\u00edrj\u00e1t"},"content":{"rendered":"<p><strong><a href=\"https:\/\/www.agriatv.hu\/wp-content\/uploads\/2013\/07\/0729gardonyi_eger_v.jpg\"><img loading=\"lazy\" decoding=\"async\" class=\"alignleft size-medium wp-image-10700\" alt=\"0729gardonyi_eger_v\" src=\"https:\/\/www.agriatv.hu\/wp-content\/uploads\/2013\/07\/0729gardonyi_eger_v-300x240.jpg\" width=\"142\" height=\"88\" \/><\/a>Fel\u00faj\u00edtj\u00e1k G\u00e1rdonyi G\u00e9za s\u00edrj\u00e1t, okt\u00f3berre v\u00e9geznek a munk\u00e1kkal, a s\u00edr jelleg\u00e9n nem v\u00e1ltoztatnak &#8211; hangzott el a r\u00e9szletekr\u0151l tartott h\u00e9tf\u0151i sajt\u00f3t\u00e1j\u00e9koztat\u00f3n a Dob\u00f3 Istv\u00e1n V\u00e1rm\u00fazeumban.<\/strong><\/p>\n<p>S\u00f3s Istv\u00e1n alpolg\u00e1rmester, az Egri V\u00e1rossz\u00e9p\u00edt\u0151 Egyes\u00fclet eln\u00f6ke kiemelte: id\u00e9n van G\u00e1rdonyi G\u00e9za sz\u00fclet\u00e9s\u00e9nek 150. \u00e9vfordul\u00f3ja, ez a fel\u00faj\u00edt\u00e1s aprop\u00f3ja. A munk\u00e1kat az\u00e9rt szeretn\u00e9k okt\u00f3berre befejezni, hogy m\u00e9lt\u00f3 k\u00f6r\u00fclm\u00e9nyek k\u00f6z\u00f6tt eml\u00e9kezhessenek G\u00e1rdonyi G\u00e9za hal\u00e1l\u00e1nak okt\u00f3ber 30-i \u00e9vfordul\u00f3j\u00e1ra.<\/p>\n<p>A fel\u00faj\u00edt\u00e1st k\u00f6z\u00f6sen szervezi a v\u00e1rossz\u00e9p\u00edt\u0151 egyes\u00fclet \u00e9s az Eger V\u00e1ra Bar\u00e1tainak K\u00f6re Egyes\u00fclet. Ut\u00f3bbi titk\u00e1ra, Szalain\u00e9 Kir\u00e1ly J\u00falia elmondta, hogy az \u00f6tlet az elm\u00falt \u00e9vben fogalmaz\u00f3dott meg, a munk\u00e1kban pedig sz\u00e1m\u00edtanak az egriekre. T\u00f6bb helyi c\u00e9g v\u00e1llalkozott m\u00e1r t\u00f6bbek k\u00f6z\u00f6tt k\u0151m\u0171vesmunk\u00e1ra, betonoz\u00e1sra, fafarag\u00e1sra, a n\u00f6v\u00e9nyzet \u00fajratelep\u00edt\u00e9s\u00e9re.<\/p>\n<p>A tervek szerint kiv\u00e1gj\u00e1k a s\u00edr t\u00f6v\u00e9ben \u00e1ll\u00f3 el\u00f6regedett ecetf\u00e1t, \u00e9s hely\u00e9re Ag\u00e1rdr\u00f3l, G\u00e1rdonyi sz\u00fcl\u0151hely\u00e9r\u0151l hozott r\u00f3zsasz\u00edn vir\u00e1g\u00fa gesztenyef\u00e1t \u00fcltetnek. A s\u00edr oldalr\u00e9zs\u0171it gyept\u00e9gl\u00e1val burkolj\u00e1k le, az als\u00f3 ter\u00fcleten vir\u00e1gos r\u00e9szt alak\u00edtanak ki.<div class=\"wordtube\">\n<div class=\"wordtube single950\" id=\"WT1_1\" style=\"width:320px; height:240px;\">\n<a href=\"http:\/\/www.macromedia.com\/go\/getflashplayer\">Get the Flash Player<\/a> to see the wordTube Media Player.\n<\/div><\/div>\n\t<script type=\"text\/javascript\" defer=\"defer\">\nvar WT1_1 = {\n\tparams : {\n\t\twmode : \"opaque\",\n\t\tallowscriptaccess : \"always\",\n\t\tallownetworking : \"all\",\n\t\tallowfullscreen : \"true\"},\n\tflashvars : {\n\t\tfile : \"http%3A%2F%2Fwww.agriatv.hu%2Fwp-content%2Fuploads%2F2013%2F07%2F0729gardonyi_eger.flv\",\n\t\tvolume : \"80\",\n\t\tbufferlength : \"5\",\n\t\tquality : \"false\",\n\t\t'logo.hide' : \"false\",\n\t\timage : \"http%3A%2F%2Fwww.agriatv.hu%2Fwp-content%2Fuploads%2F2013%2F07%2F0729gardonyi_eger.jpg\",\n\t\ttitle : \"0729gardonyi_eger.flv\",\n\t\tlinktarget : \"_self\"},\n\tattr : {\n\t\tid : \"WT1\",\n\t\tname : \"WT1\"},\n\tstart : function() {\n\t\tswfobject.embedSWF(\"https:\/\/www.agriatv.hu\/\/player.swf\", \"WT1_1\", \"320\", \"240\", \"9.0.0\", false, this.flashvars, this.params , this.attr );\n\t}\n}\nWT1_1.start();\n\t<\/script>\n<\/p>\n<p>A s\u00edrhoz vezet\u0151 l\u00e9pcs\u0151t kicser\u00e9lik, a s\u00edr k\u00f6r\u00fcli ker\u00edt\u00e9s valamennyi elem\u00e9t \u00fajra cser\u00e9lik. A s\u00edron l\u00e9v\u0151 keresztet kiemelik, ezut\u00e1n d\u0151l majd el, hogy megmenthet\u0151-e, vagy \u00fajat kell faragni.<\/p>\n<p>G\u00e1rdonyi G\u00e9za 1897-ben k\u00f6lt\u00f6z\u00f6tt Egerbe \u00e9s ott hunyt el 1922. okt\u00f3ber 30-\u00e1n. Az egri v\u00e1r Bebek-b\u00e1sty\u00e1j\u00e1n kialak\u00edtott d\u00edszs\u00edrhelyen helyezt\u00e9k \u00f6r\u00f6k nyugalomra.<\/p>\n<p>Forr\u00e1s: MTI<\/p>\n","protected":false},"excerpt":{"rendered":"<p>Fel\u00faj\u00edtj\u00e1k G\u00e1rdonyi G\u00e9za s\u00edrj\u00e1t, okt\u00f3berre v\u00e9geznek a munk\u00e1kkal, a s\u00edr jelleg\u00e9n nem v\u00e1ltoztatnak &#8211; hangzott el a r\u00e9szletekr\u0151l tartott h\u00e9tf\u0151i sajt\u00f3t\u00e1j\u00e9koztat\u00f3n a Dob\u00f3 Istv\u00e1n V\u00e1rm\u00fazeumban.<br \/>\nS\u00f3s Istv\u00e1n alpolg\u00e1rmester, az Egri V\u00e1rossz\u00e9p\u00edt\u0151 Egyes\u00fclet eln\u00f6ke kiemelte: id\u00e9n van G\u00e1rdonyi G\u00e9za sz\u00fclet\u00e9s\u00e9nek 150. \u00e9vfordul\u00f3ja, ez a fel\u00faj\u00edt\u00e1s aprop\u00f3ja. A munk\u00e1kat az\u00e9rt szeretn\u00e9k okt\u00f3berre befejezni, hogy m\u00e9lt\u00f3 k\u00f6r\u00fclm\u00e9nyek k\u00f6z\u00f6tt eml\u00e9kezhessenek [&#8230;]<\/p>\n","protected":false},"author":4,"featured_media":0,"comment_status":"open","ping_status":"open","sticky":false,"template":"","format":"standard","meta":{"footnotes":""},"categories":[8],"tags":[36,300,1494,1749,193],"class_list":["post-10699","post","type-post","status-publish","format-standard","hentry","category-kultura","tag-eger","tag-felujitas","tag-gardonyi","tag-sir","tag-var"],"_links":{"self":[{"href":"https:\/\/www.agriatv.hu\/index.php?rest_route=\/wp\/v2\/posts\/10699","targetHints":{"allow":["GET"]}}],"collection":[{"href":"https:\/\/www.agriatv.hu\/index.php?rest_route=\/wp\/v2\/posts"}],"about":[{"href":"https:\/\/www.agriatv.hu\/index.php?rest_route=\/wp\/v2\/types\/post"}],"author":[{"embeddable":true,"href":"https:\/\/www.agriatv.hu\/index.php?rest_route=\/wp\/v2\/users\/4"}],"replies":[{"embeddable":true,"href":"https:\/\/www.agriatv.hu\/index.php?rest_route=%2Fwp%2Fv2%2Fcomments&post=10699"}],"version-history":[{"count":3,"href":"https:\/\/www.agriatv.hu\/index.php?rest_route=\/wp\/v2\/posts\/10699\/revisions"}],"predecessor-version":[{"id":10703,"href":"https:\/\/www.agriatv.hu\/index.php?rest_route=\/wp\/v2\/posts\/10699\/revisions\/10703"}],"wp:attachment":[{"href":"https:\/\/www.agriatv.hu\/index.php?rest_route=%2Fwp%2Fv2%2Fmedia&parent=10699"}],"wp:term":[{"taxonomy":"category","embeddable":true,"href":"https:\/\/www.agriatv.hu\/index.php?rest_route=%2Fwp%2Fv2%2Fcategories&post=10699"},{"taxonomy":"post_tag","embeddable":true,"href":"https:\/\/www.agriatv.hu\/index.php?rest_route=%2Fwp%2Fv2%2Ftags&post=10699"}],"curies":[{"name":"wp","href":"https:\/\/api.w.org\/{rel}","templated":true}]}}