{"id":10735,"date":"2013-08-02T19:18:50","date_gmt":"2013-08-02T19:18:50","guid":{"rendered":"http:\/\/www.agriatv.hu\/?p=10735"},"modified":"2013-08-02T19:20:19","modified_gmt":"2013-08-02T19:20:19","slug":"rablas-gazpisztollyal-fenyegette-meg-az-idos-asszonyt","status":"publish","type":"post","link":"https:\/\/www.agriatv.hu\/?p=10735","title":{"rendered":"Rabl\u00e1s: g\u00e1zpisztollyal fenyegette meg az id\u0151s asszonyt"},"content":{"rendered":"<p><strong><a href=\"https:\/\/www.agriatv.hu\/wp-content\/uploads\/2013\/08\/0802rablas_felsotarkany_v.jpg\"><img loading=\"lazy\" decoding=\"async\" class=\"alignleft size-medium wp-image-10738\" alt=\"0802rablas_felsotarkany_v\" src=\"https:\/\/www.agriatv.hu\/wp-content\/uploads\/2013\/08\/0802rablas_felsotarkany_v-300x240.jpg\" width=\"111\" height=\"71\" \/><\/a>G\u00e1zpisztollyal fenyeget\u0151z\u00f6tt, p\u00e9nzt \u00e9s mobiltelefont zs\u00e1km\u00e1nyolt egy fels\u0151t\u00e1rk\u00e1nyi h\u00e1zb\u00f3l egy egri f\u00e9rfi p\u00e9nteken hajnalban.<\/strong><\/p>\n<p>Fegyvernek l\u00e1tsz\u00f3 t\u00e1rggyal fenyegette meg a fels\u0151t\u00e1rk\u00e1nyi id\u0151s asszonyt saj\u00e1t h\u00e1z\u00e1ban p\u00e9ntek\u00a0hajnalban egy egri f\u00e9rfi. P\u00e9nzt \u00e9s mobiltelefont zs\u00e1km\u00e1nyolt, \u00e1m nem \u00f6r\u00fclhetett sok\u00e1ig.<\/p>\n<p>\u00dagy tudjuk a\u00a0szem\u00e9lyle\u00edr\u00e1s alapj\u00e1n a k\u00f6rzeti megb\u00edzott r\u00f6vid id\u0151n bel\u00fcl elfogta az elk\u00f6vet\u0151t. A rabl\u00e1s egy k\u00e9tlak\u00e1sos csal\u00e1di h\u00e1zban t\u00f6rt\u00e9nt Fels\u0151t\u00e1rk\u00e1nyban hajnalban. A rend\u0151r\u00f6ket az id\u0151s n\u0151 l\u00e1nya \u00e9rtes\u00edtette az elk\u00f6vet\u0151 elmenek\u00fcl\u00e9s\u00e9t k\u00f6vet\u0151en.<\/p>\n<p>Inform\u00e1ci\u00f3ink szerint\u00a0az egri f\u00e9rfi bet\u00f6rt a h\u00e1zba. A zajra \u00e9bredt fel az id\u0151s asszony, akire fegyvernek l\u00e1tsz\u00f3 t\u00e1rgyat fogott a f\u00e9rfi \u00e9s a p\u00e9nz\u00e9t k\u00f6vetelte. Miut\u00e1n mobiltelefonj\u00e1t \u00e9s p\u00e9nz\u00e9t elvette, m\u00e9g kutatni kezdett a h\u00e1zban. M\u00e1s \u00e9rt\u00e9kes dolgot m\u00e1r nem tal\u00e1lt, \u00edgy elmenek\u00fclt a helysz\u00ednr\u0151l.<\/p>\n<p>A szem\u00e9lyle\u00edr\u00e1s alapj\u00e1n r\u00f6vid id\u0151n bel\u00fcl a nyom\u00e1ra akadtak az egri f\u00e9rfinak a rend\u0151r\u00f6k, akin\u00e9l eddigi inform\u00e1ci\u00f3ink szerint g\u00e1zpisztoly volt.<\/p>\n<p>Az egri \u00e9s fels\u0151t\u00e1rk\u00e1nyi k\u00f6rzeti megb\u00edzott 30 perc alatt elfogta az id\u0151s n\u0151t kirabl\u00f3 f\u00e9rfit.<div class=\"wordtube\">\n<div class=\"wordtube single952\" id=\"WT1_1\" style=\"width:320px; height:240px;\">\n<a href=\"http:\/\/www.macromedia.com\/go\/getflashplayer\">Get the Flash Player<\/a> to see the wordTube Media Player.\n<\/div><\/div>\n\t<script type=\"text\/javascript\" defer=\"defer\">\nvar WT1_1 = {\n\tparams : {\n\t\twmode : \"opaque\",\n\t\tallowscriptaccess : \"always\",\n\t\tallownetworking : \"all\",\n\t\tallowfullscreen : \"true\"},\n\tflashvars : {\n\t\tfile : \"http%3A%2F%2Fwww.agriatv.hu%2Fwp-content%2Fuploads%2F2013%2F08%2F0802rablas_felsotarkany.flv\",\n\t\tvolume : \"80\",\n\t\tbufferlength : \"5\",\n\t\tquality : \"false\",\n\t\t'logo.hide' : \"false\",\n\t\timage : \"http%3A%2F%2Fwww.agriatv.hu%2Fwp-content%2Fuploads%2F2013%2F08%2F0802rablas_felsotarkany.jpg\",\n\t\ttitle : \"0802rablas_felsotarkany.flv\",\n\t\tlinktarget : \"_self\"},\n\tattr : {\n\t\tid : \"WT1\",\n\t\tname : \"WT1\"},\n\tstart : function() {\n\t\tswfobject.embedSWF(\"https:\/\/www.agriatv.hu\/\/player.swf\", \"WT1_1\", \"320\", \"240\", \"9.0.0\", false, this.flashvars, this.params , this.attr );\n\t}\n}\nWT1_1.start();\n\t<\/script>\n<\/p>\n<p><strong>Friss\u00edt\u00e9s:<\/strong><\/p>\n<p>A Heves Megyei Rend\u0151r-f\u0151kapit\u00e1nys\u00e1g fegyveresen elk\u00f6vetett rabl\u00e1s b\u0171ntett elk\u00f6vet\u00e9s\u00e9nek megalapozott gyan\u00faja miatt vett \u0151rizetbe egy 33 \u00e9ves egri f\u00e9rfit.<\/p>\n<p>A rendelkez\u00e9sre \u00e1ll\u00f3 adatok szerint a gyan\u00fas\u00edtott 2013. augusztus 2-\u00e1n a hajnali \u00f3r\u00e1kban egy fels\u0151t\u00e1rk\u00e1nyi csal\u00e1di h\u00e1zba bement, ahol kutatni kezdett.<\/p>\n<p>A zajra fel\u00e9bredt az ott lak\u00f3 87 \u00e9ves id\u0151s h\u00f6lgy, aki k\u00e9rd\u0151re vonta az elk\u00f6vet\u0151t, hogy mit keres ott. Ekkor a f\u00e9rfi a n\u0151 fej\u00e9hez egy g\u00e1zriaszt\u00f3 fegyvert fogott \u00e9s p\u00e9nzt k\u00f6vetelt t\u0151le. A fenyeget\u00e9s hat\u00e1s\u00e1ra a s\u00e9rtett k\u00e9szp\u00e9nzt \u00e9s egy mobiltelefont adott \u00e1t a f\u00e9rfinak, amivel a gyan\u00fas\u00edtott elmenek\u00fclt.<\/p>\n<p>A helysz\u00ednre \u00e9rkez\u0151 egri \u00e9s fels\u0151t\u00e1rk\u00e1nyi k\u00f6rzeti megb\u00edzottak a hely- \u00e9s szem\u00e9lyismeret\u00fcknek k\u00f6sz\u00f6nhet\u0151en f\u00e9l \u00f3r\u00e1n bel\u00fcl elfogt\u00e1k V. Jen\u0151 egri lakost, akinek a ruh\u00e1zat\u00e1b\u00f3l el\u0151ker\u00fclt egy g\u00e1zriaszt\u00f3 fegyver, valamint az eltulajdon\u00edtott k\u00e9szp\u00e9nz \u00e9s mobiltelefon.<\/p>\n<p>V. Jen\u0151t el\u0151\u00e1ll\u00edtott\u00e1k a Heves Megyei Rend\u0151r-f\u0151kapit\u00e1nys\u00e1gra, ahol a nyomoz\u00f3k gyan\u00fas\u00edtottk\u00e9nt hallgatt\u00e1k ki \u00e9s kezdem\u00e9nyezt\u00e9k el\u0151zetes letart\u00f3ztat\u00e1s\u00e1t &#8211; t\u00e1j\u00e9koztatott V\u00e1mos Bogl\u00e1rka, a Heves Megyei Rend\u0151r-f\u0151kapit\u00e1nys\u00e1g sajt\u00f3referense.<\/p>\n<p>Forr\u00e1s: <a href=\"http:\/\/heol.hu\">Heol<\/a><\/p>\n","protected":false},"excerpt":{"rendered":"<p>G\u00e1zpisztollyal fenyeget\u0151z\u00f6tt, p\u00e9nzt \u00e9s mobiltelefont zs\u00e1km\u00e1nyolt egy fels\u0151t\u00e1rk\u00e1nyi h\u00e1zb\u00f3l egy egri f\u00e9rfi p\u00e9nteken hajnalban.<br \/>\nFegyvernek l\u00e1tsz\u00f3 t\u00e1rggyal fenyegette meg a fels\u0151t\u00e1rk\u00e1nyi id\u0151s asszonyt saj\u00e1t h\u00e1z\u00e1ban p\u00e9ntek\u00a0hajnalban egy egri f\u00e9rfi. P\u00e9nzt \u00e9s mobiltelefont zs\u00e1km\u00e1nyolt, \u00e1m nem \u00f6r\u00fclhetett sok\u00e1ig.<br \/>\n\u00dagy tudjuk a\u00a0szem\u00e9lyle\u00edr\u00e1s alapj\u00e1n a k\u00f6rzeti megb\u00edzott r\u00f6vid id\u0151n bel\u00fcl elfogta az elk\u00f6vet\u0151t. A rabl\u00e1s egy k\u00e9tlak\u00e1sos csal\u00e1di h\u00e1zban t\u00f6rt\u00e9nt [&#8230;]<\/p>\n","protected":false},"author":4,"featured_media":0,"comment_status":"open","ping_status":"open","sticky":false,"template":"","format":"standard","meta":{"footnotes":""},"categories":[5],"tags":[1364,1036,692,122],"class_list":["post-10735","post","type-post","status-publish","format-standard","hentry","category-kek-hirek","tag-fegyver","tag-felsotarkany","tag-rablas","tag-rendorseg"],"_links":{"self":[{"href":"https:\/\/www.agriatv.hu\/index.php?rest_route=\/wp\/v2\/posts\/10735","targetHints":{"allow":["GET"]}}],"collection":[{"href":"https:\/\/www.agriatv.hu\/index.php?rest_route=\/wp\/v2\/posts"}],"about":[{"href":"https:\/\/www.agriatv.hu\/index.php?rest_route=\/wp\/v2\/types\/post"}],"author":[{"embeddable":true,"href":"https:\/\/www.agriatv.hu\/index.php?rest_route=\/wp\/v2\/users\/4"}],"replies":[{"embeddable":true,"href":"https:\/\/www.agriatv.hu\/index.php?rest_route=%2Fwp%2Fv2%2Fcomments&post=10735"}],"version-history":[{"count":4,"href":"https:\/\/www.agriatv.hu\/index.php?rest_route=\/wp\/v2\/posts\/10735\/revisions"}],"predecessor-version":[{"id":10740,"href":"https:\/\/www.agriatv.hu\/index.php?rest_route=\/wp\/v2\/posts\/10735\/revisions\/10740"}],"wp:attachment":[{"href":"https:\/\/www.agriatv.hu\/index.php?rest_route=%2Fwp%2Fv2%2Fmedia&parent=10735"}],"wp:term":[{"taxonomy":"category","embeddable":true,"href":"https:\/\/www.agriatv.hu\/index.php?rest_route=%2Fwp%2Fv2%2Fcategories&post=10735"},{"taxonomy":"post_tag","embeddable":true,"href":"https:\/\/www.agriatv.hu\/index.php?rest_route=%2Fwp%2Fv2%2Ftags&post=10735"}],"curies":[{"name":"wp","href":"https:\/\/api.w.org\/{rel}","templated":true}]}}