{"id":10743,"date":"2013-08-04T23:11:45","date_gmt":"2013-08-04T23:11:45","guid":{"rendered":"http:\/\/www.agriatv.hu\/?p=10743"},"modified":"2013-08-04T23:12:39","modified_gmt":"2013-08-04T23:12:39","slug":"baleset-az-m3-ason-ittas-lehetett-a-vezeto","status":"publish","type":"post","link":"https:\/\/www.agriatv.hu\/?p=10743","title":{"rendered":"Baleset az M3-ason, ittas lehetett a vezet\u0151"},"content":{"rendered":"<p><strong><a href=\"https:\/\/www.agriatv.hu\/wp-content\/uploads\/2013\/08\/0805baleset_m3_v.jpg\"><img loading=\"lazy\" decoding=\"async\" class=\"alignleft size-medium wp-image-10745\" alt=\"0805baleset_m3_v\" src=\"https:\/\/www.agriatv.hu\/wp-content\/uploads\/2013\/08\/0805baleset_m3_v-300x240.jpg\" width=\"110\" height=\"70\" \/><\/a>Baleset t\u00f6rt\u00e9nt az M3 aut\u00f3p\u00e1ly\u00e1n vas\u00e1rnap \u00e9jszaka. A helysz\u00ednel\u00e9s idej\u00e9re leterelt\u00e9k a forgalmat a p\u00e1ly\u00e1r\u00f3l.<\/strong><\/p>\n<p>Az els\u0151dleges\u00a0 inform\u00e1ci\u00f3k szerint szem\u00e9lyi s\u00e9r\u00fcl\u00e9ssel is j\u00e1r\u00f3 baleset t\u00f6rt\u00e9nt az M3-as aut\u00f3p\u00e1lya Ny\u00edregyh\u00e1za fel\u00e9 vezet\u0151 oldal\u00e1n\u00a0Szihalomn\u00e1l vas\u00e1rnap este t\u00edz ut\u00e1n.<\/p>\n<p>Egyel\u0151re csak annyit tudni, hogy a hogy a baleset a 124-es kilom\u00e9terszelv\u00e9nyben t\u00f6rt\u00e9nt. Teljes a p\u00e1lyaz\u00e1r. A forgalom F\u00fczesabony \u00e9s Mez\u0151k\u00f6vesd k\u00f6z\u00f6tt a 3 sz f\u0151\u00faton haladhat. Az aut\u00f3p\u00e1ly\u00e1n a baleset miatt sokan benn ragadtak, \u0151ket rend\u0151rs\u00e9gi felvezet\u00e9ssel pr\u00f3b\u00e1lj\u00e1k vissza vezetni a f\u00fczesabonyi lehajt\u00f3hoz.<\/p>\n<p><strong>Friss\u00edt\u00e9s:<\/strong><\/p>\n<p>S\u00falyos s\u00e9r\u00fcl\u00e9seket szenvedett az a f\u00e9rfi, aki vas\u00e1rnap k\u00e9s\u0151 este Mez\u0151k\u00f6vesd k\u00f6rny\u00e9k\u00e9n az M3-as aut\u00f3p\u00e1ly\u00e1n a g\u00e9pkocsij\u00e1val a szalagkorl\u00e1tnak hajtott \u2013k\u00f6z\u00f6lte a Borsod-Aba\u00faj-Zempl\u00e9n Megyei Rend\u0151r-f\u0151kapit\u00e1nys\u00e1g sz\u00f3viv\u0151je az MTI-vel.<\/p>\n<p>Egyedn\u00e9 Novodonszki \u00c9va elmondta, hogy az M3-as ezen szakasz\u00e1n \u00e1ll a forgalom, az utat lez\u00e1rt\u00e1k.<div class=\"wordtube\">\n<div class=\"wordtube single953\" id=\"WT1_1\" style=\"width:320px; height:240px;\">\n<a href=\"http:\/\/www.macromedia.com\/go\/getflashplayer\">Get the Flash Player<\/a> to see the wordTube Media Player.\n<\/div><\/div>\n\t<script type=\"text\/javascript\" defer=\"defer\">\nvar WT1_1 = {\n\tparams : {\n\t\twmode : \"opaque\",\n\t\tallowscriptaccess : \"always\",\n\t\tallownetworking : \"all\",\n\t\tallowfullscreen : \"true\"},\n\tflashvars : {\n\t\tfile : \"http%3A%2F%2Fwww.agriatv.hu%2Fwp-content%2Fuploads%2F2013%2F08%2F0805baleset_m3.flv\",\n\t\tvolume : \"80\",\n\t\tbufferlength : \"5\",\n\t\tquality : \"false\",\n\t\t'logo.hide' : \"false\",\n\t\timage : \"http%3A%2F%2Fwww.agriatv.hu%2Fwp-content%2Fuploads%2F2013%2F08%2F0805baleset_m3_2.jpg\",\n\t\ttitle : \"0805baleset_m3.flv\",\n\t\tlinktarget : \"_self\"},\n\tattr : {\n\t\tid : \"WT1\",\n\t\tname : \"WT1\"},\n\tstart : function() {\n\t\tswfobject.embedSWF(\"https:\/\/www.agriatv.hu\/\/player.swf\", \"WT1_1\", \"320\", \"240\", \"9.0.0\", false, this.flashvars, this.params , this.attr );\n\t}\n}\nWT1_1.start();\n\t<\/script>\n<\/p>\n<p>Szemtan\u00fak szerint a kocsi nagy sebess\u00e9ggel a bels\u0151 s\u00e1vb\u00f3l v\u00e1g\u00f3dott a k\u00fcls\u0151 szalagkorl\u00e1tnak. Meg\u00e1ll\u00f3 aut\u00f3sok pr\u00f3b\u00e1lt\u00e1k kiszedni a s\u00e9r\u00fcltet. Azt is mondt\u00e1k, hogy a vezet\u0151 alkoholt fogyasztott a vezet\u00e9s el\u0151tt.<\/p>\n<p>A rend\u0151rs\u00e9g vizsg\u00e1lja a baleset r\u00e9szleteit.<\/p>\n","protected":false},"excerpt":{"rendered":"<p>Baleset t\u00f6rt\u00e9nt az M3 aut\u00f3p\u00e1ly\u00e1n vas\u00e1rnap \u00e9jszaka. A helysz\u00ednel\u00e9s idej\u00e9re leterelt\u00e9k a forgalmat a p\u00e1ly\u00e1r\u00f3l.<br \/>\nAz els\u0151dleges\u00a0 inform\u00e1ci\u00f3k szerint szem\u00e9lyi s\u00e9r\u00fcl\u00e9ssel is j\u00e1r\u00f3 baleset t\u00f6rt\u00e9nt az M3-as aut\u00f3p\u00e1lya Ny\u00edregyh\u00e1za fel\u00e9 vezet\u0151 oldal\u00e1n\u00a0Szihalomn\u00e1l vas\u00e1rnap este t\u00edz ut\u00e1n.<br \/>\nEgyel\u0151re csak annyit tudni, hogy a hogy a baleset a 124-es kilom\u00e9terszelv\u00e9nyben t\u00f6rt\u00e9nt. Teljes a p\u00e1lyaz\u00e1r. A forgalom F\u00fczesabony \u00e9s Mez\u0151k\u00f6vesd [&#8230;]<\/p>\n","protected":false},"author":4,"featured_media":0,"comment_status":"open","ping_status":"open","sticky":false,"template":"","format":"standard","meta":{"footnotes":""},"categories":[5],"tags":[921,41,844,122],"class_list":["post-10743","post","type-post","status-publish","format-standard","hentry","category-kek-hirek","tag-alkohol","tag-baleset","tag-m3","tag-rendorseg"],"_links":{"self":[{"href":"https:\/\/www.agriatv.hu\/index.php?rest_route=\/wp\/v2\/posts\/10743","targetHints":{"allow":["GET"]}}],"collection":[{"href":"https:\/\/www.agriatv.hu\/index.php?rest_route=\/wp\/v2\/posts"}],"about":[{"href":"https:\/\/www.agriatv.hu\/index.php?rest_route=\/wp\/v2\/types\/post"}],"author":[{"embeddable":true,"href":"https:\/\/www.agriatv.hu\/index.php?rest_route=\/wp\/v2\/users\/4"}],"replies":[{"embeddable":true,"href":"https:\/\/www.agriatv.hu\/index.php?rest_route=%2Fwp%2Fv2%2Fcomments&post=10743"}],"version-history":[{"count":2,"href":"https:\/\/www.agriatv.hu\/index.php?rest_route=\/wp\/v2\/posts\/10743\/revisions"}],"predecessor-version":[{"id":10746,"href":"https:\/\/www.agriatv.hu\/index.php?rest_route=\/wp\/v2\/posts\/10743\/revisions\/10746"}],"wp:attachment":[{"href":"https:\/\/www.agriatv.hu\/index.php?rest_route=%2Fwp%2Fv2%2Fmedia&parent=10743"}],"wp:term":[{"taxonomy":"category","embeddable":true,"href":"https:\/\/www.agriatv.hu\/index.php?rest_route=%2Fwp%2Fv2%2Fcategories&post=10743"},{"taxonomy":"post_tag","embeddable":true,"href":"https:\/\/www.agriatv.hu\/index.php?rest_route=%2Fwp%2Fv2%2Ftags&post=10743"}],"curies":[{"name":"wp","href":"https:\/\/api.w.org\/{rel}","templated":true}]}}