{"id":10748,"date":"2013-08-07T11:49:29","date_gmt":"2013-08-07T11:49:29","guid":{"rendered":"http:\/\/www.agriatv.hu\/?p=10748"},"modified":"2013-08-07T11:50:51","modified_gmt":"2013-08-07T11:50:51","slug":"ismet-megmozdult-a-fold-hevesben","status":"publish","type":"post","link":"https:\/\/www.agriatv.hu\/?p=10748","title":{"rendered":"Ism\u00e9t megmozdult a f\u00f6ld Hevesben"},"content":{"rendered":"<p><strong><a href=\"https:\/\/www.agriatv.hu\/wp-content\/uploads\/2013\/04\/0425tenk_v.jpg\"><img loading=\"lazy\" decoding=\"async\" class=\"alignleft size-full wp-image-10010\" alt=\"0425tenk_v\" src=\"https:\/\/www.agriatv.hu\/wp-content\/uploads\/2013\/04\/0425tenk_v.jpg\" width=\"156\" height=\"87\" \/><\/a>F\u00f6ldmozg\u00e1st \u00e9rz\u00e9keltek Heves k\u00f6zel\u00e9ben szerda d\u00e9lel\u0151tt t\u00edz \u00f3rakor.<\/strong><\/p>\n<p>Az Magyar Tudom\u00e1nyos Akad\u00e9mia K\u00f6vesligethy Rad\u00f3 Szeizmol\u00f3giai Obszervat\u00f3rium\u00e1nak k\u00f6zlem\u00e9nye szerint szerd\u00e1n, helyi id\u0151 szerint 10:01-kor \u00fajabb \u00e9rezhet\u0151 f\u00f6ldreng\u00e9s keletkezett Heves v\u00e1ros k\u00f6zel\u00e9ben.<\/p>\n<p>A reng\u00e9s <a href=\"http:\/\/www.heol.hu\/heves\/kek-hirek-bulvar\/tobb-mint-4500-kart-okozott-az-aprilisi-foldrenges-496660\" target=\"_blank\">az \u00e1prilis 23-i reng\u00e9s <\/a>ut\u00f3reng\u00e9se lehetett. A f\u00f6ldmozg\u00e1s\u00a0a Richter Sk\u00e1la szerint 3-as er\u0151ss\u00e9g\u0171nek m\u00e9rt\u00e9k. A f\u00f6ldreng\u00e9st n\u00e9h\u00e1nyan \u00e9rezt\u00e9k, ezen ut\u00f3reng\u00e9shez k\u00f6thet\u0151 k\u00e1rokr\u00f3l a Szeizmol\u00f3giai Obszervat\u00f3riumba eddig nem \u00e9rkezett lakoss\u00e1gi bejelent\u00e9s.<\/p>\n<p>A Heves Megyei Katasztr\u00f3fav\u00e9delmi Igazgat\u00f3s\u00e1g t\u00e1j\u00e9koztat\u00e1sa szerint a d\u00e9lel\u0151tti f\u00f6ldmozg\u00e1st Erd\u0151telek \u00e9s Tarnabod t\u00e9rs\u00e9g\u00e9ben \u00e9rz\u00e9kelt\u00e9k. A reng\u00e9s sek\u00e9ly m\u00e9lys\u00e9gben pattant ki, magnit\u00fad\u00f3ja az automatikus rendszer meghat\u00e1roz\u00e1sa szerint 2,9 volt a Richter sk\u00e1l\u00e1n. A f\u00f6ldmozg\u00e1st t\u00f6bb telep\u00fcl\u00e9sen a lakoss\u00e1g is \u00e9rz\u00e9kelte, der\u00fcl ki a katasztr\u00f3fav\u00e9d\u0151k k\u00f6zlem\u00e9ny\u00e9b\u0151l.<\/p>\n<p>A f\u00f6ldreng\u00e9ssel kapcsolatban ezid\u00e1ig a Heves Megyei Katasztr\u00f3fav\u00e9delmi Igazgat\u00f3s\u00e1g f\u0151\u00fcgyelet\u00e9re szem\u00e9lyi s\u00e9r\u00fcl\u00e9sr\u0151l illetve k\u00e1rokr\u00f3l nem \u00e9rkezett bejelent\u00e9s.<\/p>\n<p>Cs\u00e1ki Zsigmond, Heves polg\u00e1rmestere, a Hevesi V\u00e9delmi Bizotts\u00e1g eln\u00f6ke elmondta: a k\u00f6vetkez\u0151 \u00fcl\u00e9s\u00fck\u00f6n kezdem\u00e9nyezni fogja \u2013 a f\u00f6ldreng\u00e9sek sz\u00e1m\u00e1nak megszaporod\u00e1sa miatt \u2013, hogy t\u00e1rgyalj\u00e1k meg, sz\u00fcks\u00e9ges-e tov\u00e1bbi int\u00e9zked\u00e9seket hozni a vagyonv\u00e9delem ok\u00e1n. \u00dagy gondolja, a j\u00f6v\u0151ben m\u00e1r jobban fel kell k\u00e9sz\u00fclni a sz\u00e9ls\u0151s\u00e9gekre.<\/p>\n<p>Forr\u00e1s:<a href=\"heol.hu\">Heol<\/a><\/p>\n<p>&nbsp;<\/p>\n","protected":false},"excerpt":{"rendered":"<p>F\u00f6ldmozg\u00e1st \u00e9rz\u00e9keltek Heves k\u00f6zel\u00e9ben szerda d\u00e9lel\u0151tt t\u00edz \u00f3rakor.<br \/>\nAz Magyar Tudom\u00e1nyos Akad\u00e9mia K\u00f6vesligethy Rad\u00f3 Szeizmol\u00f3giai Obszervat\u00f3rium\u00e1nak k\u00f6zlem\u00e9nye szerint szerd\u00e1n, helyi id\u0151 szerint 10:01-kor \u00fajabb \u00e9rezhet\u0151 f\u00f6ldreng\u00e9s keletkezett Heves v\u00e1ros k\u00f6zel\u00e9ben.<br \/>\nA reng\u00e9s az \u00e1prilis 23-i reng\u00e9s ut\u00f3reng\u00e9se lehetett. A f\u00f6ldmozg\u00e1s\u00a0a Richter Sk\u00e1la szerint 3-as er\u0151ss\u00e9g\u0171nek m\u00e9rt\u00e9k. A f\u00f6ldreng\u00e9st n\u00e9h\u00e1nyan \u00e9rezt\u00e9k, ezen ut\u00f3reng\u00e9shez k\u00f6thet\u0151 k\u00e1rokr\u00f3l a Szeizmol\u00f3giai Obszervat\u00f3riumba [&#8230;]<\/p>\n","protected":false},"author":4,"featured_media":0,"comment_status":"open","ping_status":"open","sticky":false,"template":"","format":"standard","meta":{"footnotes":""},"categories":[6],"tags":[1050,237],"class_list":["post-10748","post","type-post","status-publish","format-standard","hentry","category-belfold","tag-foldrenges","tag-heves"],"_links":{"self":[{"href":"https:\/\/www.agriatv.hu\/index.php?rest_route=\/wp\/v2\/posts\/10748","targetHints":{"allow":["GET"]}}],"collection":[{"href":"https:\/\/www.agriatv.hu\/index.php?rest_route=\/wp\/v2\/posts"}],"about":[{"href":"https:\/\/www.agriatv.hu\/index.php?rest_route=\/wp\/v2\/types\/post"}],"author":[{"embeddable":true,"href":"https:\/\/www.agriatv.hu\/index.php?rest_route=\/wp\/v2\/users\/4"}],"replies":[{"embeddable":true,"href":"https:\/\/www.agriatv.hu\/index.php?rest_route=%2Fwp%2Fv2%2Fcomments&post=10748"}],"version-history":[{"count":3,"href":"https:\/\/www.agriatv.hu\/index.php?rest_route=\/wp\/v2\/posts\/10748\/revisions"}],"predecessor-version":[{"id":10755,"href":"https:\/\/www.agriatv.hu\/index.php?rest_route=\/wp\/v2\/posts\/10748\/revisions\/10755"}],"wp:attachment":[{"href":"https:\/\/www.agriatv.hu\/index.php?rest_route=%2Fwp%2Fv2%2Fmedia&parent=10748"}],"wp:term":[{"taxonomy":"category","embeddable":true,"href":"https:\/\/www.agriatv.hu\/index.php?rest_route=%2Fwp%2Fv2%2Fcategories&post=10748"},{"taxonomy":"post_tag","embeddable":true,"href":"https:\/\/www.agriatv.hu\/index.php?rest_route=%2Fwp%2Fv2%2Ftags&post=10748"}],"curies":[{"name":"wp","href":"https:\/\/api.w.org\/{rel}","templated":true}]}}