{"id":10973,"date":"2013-08-30T21:36:01","date_gmt":"2013-08-30T21:36:01","guid":{"rendered":"http:\/\/www.agriatv.hu\/?p=10973"},"modified":"2013-08-30T21:36:01","modified_gmt":"2013-08-30T21:36:01","slug":"ugralnak-gyongyoson","status":"publish","type":"post","link":"https:\/\/www.agriatv.hu\/?p=10973","title":{"rendered":"Ugr\u00e1lnak Gy\u00f6ngy\u00f6s\u00f6n"},"content":{"rendered":"<p style=\"text-align: justify;\"><a href=\"https:\/\/www.agriatv.hu\/wp-content\/uploads\/2013\/08\/0830kenguru_v.jpg\"><img loading=\"lazy\" decoding=\"async\" class=\"alignleft size-medium wp-image-10974\" alt=\"0830kenguru_v\" src=\"https:\/\/www.agriatv.hu\/wp-content\/uploads\/2013\/08\/0830kenguru_v-300x240.jpg\" width=\"106\" height=\"68\" \/><\/a>K\u00e9t \u00faj lak\u00f3ja van a gy\u00f6ngy\u00f6si \u00e1llatkertnek: meg\u00e9rkeztek a kenguruk. A j\u00f6vev\u00e9nyek m\u00e9g nagyon f\u00e9lnek, de m\u00e1r egyik\u00fck megmutatta mag\u00e1t a l\u00e1togat\u00f3knak \u00e9s a kamer\u00e1nak.<div class=\"wordtube\">\n<div class=\"wordtube single980\" id=\"WT1_1\" style=\"width:320px; height:240px;\">\n<a href=\"http:\/\/www.macromedia.com\/go\/getflashplayer\">Get the Flash Player<\/a> to see the wordTube Media Player.\n<\/div><\/div>\n\t<script type=\"text\/javascript\" defer=\"defer\">\nvar WT1_1 = {\n\tparams : {\n\t\twmode : \"opaque\",\n\t\tallowscriptaccess : \"always\",\n\t\tallownetworking : \"all\",\n\t\tallowfullscreen : \"true\"},\n\tflashvars : {\n\t\tfile : \"http%3A%2F%2Fwww.agriatv.hu%2Fwp-content%2Fuploads%2F2013%2F08%2F0830kenguru.flv\",\n\t\tvolume : \"80\",\n\t\tbufferlength : \"5\",\n\t\tquality : \"false\",\n\t\t'logo.hide' : \"false\",\n\t\timage : \"http%3A%2F%2Fwww.agriatv.hu%2Fwp-content%2Fuploads%2F2013%2F08%2F0830kenguru.jpg\",\n\t\ttitle : \"0830kenguru.flv\",\n\t\tlinktarget : \"_self\"},\n\tattr : {\n\t\tid : \"WT1\",\n\t\tname : \"WT1\"},\n\tstart : function() {\n\t\tswfobject.embedSWF(\"https:\/\/www.agriatv.hu\/\/player.swf\", \"WT1_1\", \"320\", \"240\", \"9.0.0\", false, this.flashvars, this.params , this.attr );\n\t}\n}\nWT1_1.start();\n\t<\/script>\n<\/p>\n","protected":false},"excerpt":{"rendered":"<p>K\u00e9t \u00faj lak\u00f3ja van a gy\u00f6ngy\u00f6si \u00e1llatkertnek: meg\u00e9rkeztek a kenguruk. A j\u00f6vev\u00e9nyek m\u00e9g nagyon f\u00e9lnek, de m\u00e1r egyik\u00fck megmutatta mag\u00e1t a l\u00e1togat\u00f3knak \u00e9s a kamer\u00e1nak.<\/p>\n","protected":false},"author":4,"featured_media":0,"comment_status":"open","ping_status":"open","sticky":false,"template":"","format":"standard","meta":{"footnotes":""},"categories":[4],"tags":[1225,235,1777],"class_list":["post-10973","post","type-post","status-publish","format-standard","hentry","category-szabadido","tag-allatkert","tag-gyongyos","tag-kenguru"],"_links":{"self":[{"href":"https:\/\/www.agriatv.hu\/index.php?rest_route=\/wp\/v2\/posts\/10973","targetHints":{"allow":["GET"]}}],"collection":[{"href":"https:\/\/www.agriatv.hu\/index.php?rest_route=\/wp\/v2\/posts"}],"about":[{"href":"https:\/\/www.agriatv.hu\/index.php?rest_route=\/wp\/v2\/types\/post"}],"author":[{"embeddable":true,"href":"https:\/\/www.agriatv.hu\/index.php?rest_route=\/wp\/v2\/users\/4"}],"replies":[{"embeddable":true,"href":"https:\/\/www.agriatv.hu\/index.php?rest_route=%2Fwp%2Fv2%2Fcomments&post=10973"}],"version-history":[{"count":1,"href":"https:\/\/www.agriatv.hu\/index.php?rest_route=\/wp\/v2\/posts\/10973\/revisions"}],"predecessor-version":[{"id":10975,"href":"https:\/\/www.agriatv.hu\/index.php?rest_route=\/wp\/v2\/posts\/10973\/revisions\/10975"}],"wp:attachment":[{"href":"https:\/\/www.agriatv.hu\/index.php?rest_route=%2Fwp%2Fv2%2Fmedia&parent=10973"}],"wp:term":[{"taxonomy":"category","embeddable":true,"href":"https:\/\/www.agriatv.hu\/index.php?rest_route=%2Fwp%2Fv2%2Fcategories&post=10973"},{"taxonomy":"post_tag","embeddable":true,"href":"https:\/\/www.agriatv.hu\/index.php?rest_route=%2Fwp%2Fv2%2Ftags&post=10973"}],"curies":[{"name":"wp","href":"https:\/\/api.w.org\/{rel}","templated":true}]}}