{"id":10976,"date":"2013-08-31T20:33:15","date_gmt":"2013-08-31T20:33:15","guid":{"rendered":"http:\/\/www.agriatv.hu\/?p=10976"},"modified":"2013-08-31T20:33:15","modified_gmt":"2013-08-31T20:33:15","slug":"motoros-baleset-monosbelnel","status":"publish","type":"post","link":"https:\/\/www.agriatv.hu\/?p=10976","title":{"rendered":"Motoros baleset M\u00f3nosb\u00e9ln\u00e9l"},"content":{"rendered":"<p><a href=\"https:\/\/www.agriatv.hu\/wp-content\/uploads\/2013\/08\/0901motoros_agria_v.jpg\"><img loading=\"lazy\" decoding=\"async\" class=\"alignleft size-medium wp-image-10978\" alt=\"0901motoros_agria_v\" src=\"https:\/\/www.agriatv.hu\/wp-content\/uploads\/2013\/08\/0901motoros_agria_v-300x240.jpg\" width=\"122\" height=\"76\" \/><\/a>N\u00e9gy motoros k\u00f6zlekedett szombaton este 7 \u00f3ra k\u00f6r\u00fcli id\u0151ben Egerb\u0151l Kazincbarcika fel\u00e9, amikor M\u00f3nosb\u00e9l el\u0151tt ketten balesetet szevedtek.<\/p>\n<p>Az el\u0151l halad\u00f3 motoros \u00e1tsodr\u00f3dott a szemk\u00f6zti s\u00e1vba, ott egy \u00e9pp arra halad\u00f3 kocsit jobbr\u00f3l \u00e9rintve a szalagkorl\u00e1tnak cs\u00faszott. A m\u00f6g\u00f6tte \u00e9rkez\u0151 motoros azonban m\u00e1r nem tudta kiker\u00fclni az egy\u00e9bk\u00e9nt szab\u00e1lyosan halad\u00f3 aut\u00f3t, \u00e9s a bal elej\u00e9nek csap\u00f3dott.<\/p>\n<p>A h\u00e1tul \u00e9rkez\u0151 k\u00e9t motoros m\u00e9g id\u0151ben meg tudott \u00e1llni.<\/p>\n<p>Az el\u0151l halad\u00f3 \u00f6sszet\u00f6rte a motort, de s\u00e9r\u00fcl\u00e9sek n\u00e9lk\u00fcl \u00faszta meg a kalandot.<\/p>\n<p>A m\u00e1sodik, \u00fctk\u00f6z\u0151 g\u00e9p vezet\u0151je nem volt ilyen szerencs\u00e9s: \u00fagy tudjuk k\u00e9z- \u00e9s l\u00e1bt\u00f6r\u00e9ssel sz\u00e1ll\u00edtott\u00e1k k\u00f3rh\u00e1zba.<\/p>\n<p>A helysz\u00ednel\u00e9s idej\u00e9n el\u0151sz\u00f6r teljes \u00fatz\u00e1r volt, majd v\u00e1ltott ir\u00e1nyban megindult 1 s\u00e1von a forgalom.<div class=\"wordtube\">\n<div class=\"wordtube single981\" id=\"WT1_1\" style=\"width:320px; height:240px;\">\n<a href=\"http:\/\/www.macromedia.com\/go\/getflashplayer\">Get the Flash Player<\/a> to see the wordTube Media Player.\n<\/div><\/div>\n\t<script type=\"text\/javascript\" defer=\"defer\">\nvar WT1_1 = {\n\tparams : {\n\t\twmode : \"opaque\",\n\t\tallowscriptaccess : \"always\",\n\t\tallownetworking : \"all\",\n\t\tallowfullscreen : \"true\"},\n\tflashvars : {\n\t\tfile : \"http%3A%2F%2Fwww.agriatv.hu%2Fwp-content%2Fuploads%2F2013%2F08%2F0901motoros_agria.flv\",\n\t\tvolume : \"80\",\n\t\tbufferlength : \"5\",\n\t\tquality : \"false\",\n\t\t'logo.hide' : \"false\",\n\t\timage : \"http%3A%2F%2Fwww.agriatv.hu%2Fwp-content%2Fuploads%2F2013%2F08%2F0901motoros_agria.jpg\",\n\t\ttitle : \"0901motoros_agria.flv\",\n\t\tlinktarget : \"_self\"},\n\tattr : {\n\t\tid : \"WT1\",\n\t\tname : \"WT1\"},\n\tstart : function() {\n\t\tswfobject.embedSWF(\"https:\/\/www.agriatv.hu\/\/player.swf\", \"WT1_1\", \"320\", \"240\", \"9.0.0\", false, this.flashvars, this.params , this.attr );\n\t}\n}\nWT1_1.start();\n\t<\/script>\n<\/p>\n","protected":false},"excerpt":{"rendered":"<p>N\u00e9gy motoros k\u00f6zlekedett szombaton este 7 \u00f3ra k\u00f6r\u00fcli id\u0151ben Egerb\u0151l Kazincbarcika fel\u00e9, amikor M\u00f3nosb\u00e9l el\u0151tt ketten balesetet szevedtek.<br \/>\nAz el\u0151l halad\u00f3 motoros \u00e1tsodr\u00f3dott a szemk\u00f6zti s\u00e1vba, ott egy \u00e9pp arra halad\u00f3 kocsit jobbr\u00f3l \u00e9rintve a szalagkorl\u00e1tnak cs\u00faszott. A m\u00f6g\u00f6tte \u00e9rkez\u0151 motoros azonban m\u00e1r nem tudta kiker\u00fclni az egy\u00e9bk\u00e9nt szab\u00e1lyosan halad\u00f3 aut\u00f3t, \u00e9s a bal elej\u00e9nek csap\u00f3dott.<br \/>\nA [&#8230;]<\/p>\n","protected":false},"author":4,"featured_media":0,"comment_status":"open","ping_status":"open","sticky":false,"template":"","format":"standard","meta":{"footnotes":""},"categories":[5],"tags":[41,1779,39,1778,458],"class_list":["post-10976","post","type-post","status-publish","format-standard","hentry","category-kek-hirek","tag-baleset","tag-kanyar","tag-motoros","tag-rendorseg-auto","tag-serult"],"_links":{"self":[{"href":"https:\/\/www.agriatv.hu\/index.php?rest_route=\/wp\/v2\/posts\/10976","targetHints":{"allow":["GET"]}}],"collection":[{"href":"https:\/\/www.agriatv.hu\/index.php?rest_route=\/wp\/v2\/posts"}],"about":[{"href":"https:\/\/www.agriatv.hu\/index.php?rest_route=\/wp\/v2\/types\/post"}],"author":[{"embeddable":true,"href":"https:\/\/www.agriatv.hu\/index.php?rest_route=\/wp\/v2\/users\/4"}],"replies":[{"embeddable":true,"href":"https:\/\/www.agriatv.hu\/index.php?rest_route=%2Fwp%2Fv2%2Fcomments&post=10976"}],"version-history":[{"count":2,"href":"https:\/\/www.agriatv.hu\/index.php?rest_route=\/wp\/v2\/posts\/10976\/revisions"}],"predecessor-version":[{"id":10979,"href":"https:\/\/www.agriatv.hu\/index.php?rest_route=\/wp\/v2\/posts\/10976\/revisions\/10979"}],"wp:attachment":[{"href":"https:\/\/www.agriatv.hu\/index.php?rest_route=%2Fwp%2Fv2%2Fmedia&parent=10976"}],"wp:term":[{"taxonomy":"category","embeddable":true,"href":"https:\/\/www.agriatv.hu\/index.php?rest_route=%2Fwp%2Fv2%2Fcategories&post=10976"},{"taxonomy":"post_tag","embeddable":true,"href":"https:\/\/www.agriatv.hu\/index.php?rest_route=%2Fwp%2Fv2%2Ftags&post=10976"}],"curies":[{"name":"wp","href":"https:\/\/api.w.org\/{rel}","templated":true}]}}