{"id":11048,"date":"2013-09-12T19:29:09","date_gmt":"2013-09-12T19:29:09","guid":{"rendered":"http:\/\/www.agriatv.hu\/?p=11048"},"modified":"2013-09-12T19:30:00","modified_gmt":"2013-09-12T19:30:00","slug":"atadtak-a-marai-latogatokozpontot","status":"publish","type":"post","link":"https:\/\/www.agriatv.hu\/?p=11048","title":{"rendered":"\u00c1tadt\u00e1k a M\u00e1rai L\u00e1togat\u00f3k\u00f6zpontot"},"content":{"rendered":"<p style=\"text-align: justify;\"><a href=\"https:\/\/www.agriatv.hu\/wp-content\/uploads\/2013\/09\/0912marai_v.jpg\"><img loading=\"lazy\" decoding=\"async\" class=\"alignleft size-medium wp-image-11053\" alt=\"0912marai_v\" src=\"https:\/\/www.agriatv.hu\/wp-content\/uploads\/2013\/09\/0912marai_v-300x225.jpg\" width=\"143\" height=\"80\" \/><\/a>A projekt c\u00e9lja olyan egyed\u00fcl\u00e1ll\u00f3, az akt\u00edv \u00e9s \u00f6koturizmust n\u00e9pszer\u0171s\u00edt\u0151 projekt megval\u00f3s\u00edt\u00e1sa, melyhez komplexit\u00e1s\u00e1ban \u00e9s szakmai tartalm\u00e1ban hasonl\u00f3 jelenleg nincs az orsz\u00e1gban, vagyis l\u00e9trehozni az egri Sz\u00e9passzonyv\u00f6lgyi M\u00e1rai Akt\u00edv Turisztikai L\u00e1togat\u00f3k\u00f6zpontot, amely az els\u0151 magyarorsz\u00e1gi integr\u00e1lt l\u00e1togat\u00f3k\u00f6zpont szabadt\u00e9ri sz\u00ednpaddal.<\/p>\n<p style=\"text-align: justify;\">A projekt \u00f6sszk\u00f6lts\u00e9ge 385 915 600 Ft, a meg\u00edt\u00e9lt t\u00e1mogat\u00e1s m\u00e9rt\u00e9ke 85% (328 028 260 Ft).<\/p>\n<p style=\"text-align: justify;\">Az integr\u00e1lt turisztikai projekt egyszerre Turisztikai L\u00e1togat\u00f3k\u00f6zpont, Szabadt\u00e9ri Sz\u00ednpad, Kultur\u00e1lis \u00d6r\u00f6ks\u00e9gi Eml\u00e9khely, Interakt\u00edv Bemutat\u00f3hely, amely a m\u0171k\u00f6d\u00e9si enged\u00e9ly megszerz\u00e9se ut\u00e1n 2013 \u0151sz\u00e9n v\u00e1rja m\u00e1r a l\u00e1togat\u00f3it.<br \/>\nA Szabadt\u00e9ri Sz\u00ednpad teljesen meg\u00fajult: r\u00e9szleges speci\u00e1lis fed\u00e9s, valamint a sz\u00ednpadra helyezhet\u0151 mobil sz\u00ednpad is rendelkez\u00e9sre \u00e1ll. Itt rendszeres n\u00e9pzenei-, k\u00f6nny\u0171zenei koncerteket, sz\u00ednh\u00e1zi, t\u00e1ncos el\u0151ad\u00e1sokat tekinthetnek meg a l\u00e1togat\u00f3k, akik a 795 f\u00e9r\u0151helyes, \u00faj n\u00e9z\u0151t\u00e9ren foglalhatnak helyet.<br \/>\nAz \u00e9p\u00fcletben t\u00f6bb, k\u00fcl\u00f6nb\u00f6z\u0151 funkci\u00f3t ell\u00e1t\u00f3 teret alak\u00edtottak ki. Gyermekeknek j\u00e1tsz\u00f3h\u00e1z, \u00e1lland\u00f3 t\u00e1rlatk\u00e9nt boros dug\u00f3kat \u00e9s sz\u00e1mos, a bork\u00e9sz\u00edt\u00e9shez haszn\u00e1latos eszk\u00f6zt tekinthetnek meg a V\u00f6lgyk\u00f6zpontba \u00e9rkez\u0151k. Mindemellett id\u0151szakos ki\u00e1ll\u00edt\u00e1sokat tervez az \u00fczemeltet\u0151, melyek a borral, M\u00e1rai S\u00e1ndorral, a gasztron\u00f3mi\u00e1val, a Sz\u00e9passzonyv\u00f6lggyel, illetve Egerrel \u00e1llnak kapcsolatban. A M\u00e1rai szob\u00e1ban az \u00edr\u00f3 \u00e9let\u00e9r\u0151l \u00e9s m\u0171veib\u0151l k\u00e9sz\u00edtett filmeket l\u00e1thatnak az \u00e9rdekl\u0151d\u0151k, tov\u00e1bb\u00e1 elmerenghetnek M\u00e1rai S\u00e1ndor alkot\u00e1sait olvasva. Az eg\u00e9szs\u00e9gcentrum programjain a l\u00e1togat\u00f3k egy\u00e9nileg \u00e9s csoportosan is r\u00e9szt vehetnek, \u00e9rdekl\u0151d\u00e9s\u00fcknek megfelel\u0151en: GabuChi-Ja keleti massz\u00e1zs \u00e9s testedz\u00e9si technik\u00e1k alkalmaz\u00e1sa, otthoni egy\u00e9ni haszn\u00e1lata, Utaz\u00e1s a St\u00edlus birodalm\u00e1ba c\u00edmen zajlik \u00f6lt\u00f6zk\u00f6d\u00e9si \u00e9s\/vagy sminktan\u00e1csad\u00e1s, kr\u00e9mhaszn\u00e1lat, sz\u0151l\u0151 alap\u00fa term\u00e9kek bemutat\u00f3ja.<br \/>\nK\u00fcl\u00f6n helysz\u00ednen tal\u00e1lhat\u00f3 az Akad\u00e1ly-V\u00f6lgy J\u00e1tsz\u00f3park, itt t\u00f6bb koroszt\u00e1ly t\u00f6ltheti el szabadidej\u00e9t \u00e9lm\u00e9nyszer\u0171en \u00e9s hasznosan. Lehet\u0151s\u00e9g ny\u00edlik t\u00far\u00e1z\u00e1sra, erre a c\u00e9lra speci\u00e1lis, kit\u00e1bl\u00e1zott t\u00fara\u00fatvonalat jel\u00f6ltek ki.<br \/>\nA beruh\u00e1z\u00e1snak k\u00f6sz\u00f6nhet\u0151en 6 \u00faj munkahely is l\u00e9trej\u00f6tt.<div class=\"wordtube\">\n<div class=\"wordtube single994\" id=\"WT1_1\" style=\"width:320px; height:240px;\">\n<a href=\"http:\/\/www.macromedia.com\/go\/getflashplayer\">Get the Flash Player<\/a> to see the wordTube Media Player.\n<\/div><\/div>\n\t<script type=\"text\/javascript\" defer=\"defer\">\nvar WT1_1 = {\n\tparams : {\n\t\twmode : \"opaque\",\n\t\tallowscriptaccess : \"always\",\n\t\tallownetworking : \"all\",\n\t\tallowfullscreen : \"true\"},\n\tflashvars : {\n\t\tfile : \"http%3A%2F%2Fwww.agriatv.hu%2Fwp-content%2Fuploads%2F2013%2F09%2F0912marai.flv\",\n\t\tvolume : \"80\",\n\t\tbufferlength : \"5\",\n\t\tquality : \"false\",\n\t\t'logo.hide' : \"false\",\n\t\timage : \"http%3A%2F%2Fwww.agriatv.hu%2Fwp-content%2Fuploads%2F2013%2F09%2F0912marai.jpg\",\n\t\ttitle : \"0912marai.flv\",\n\t\tlinktarget : \"_self\"},\n\tattr : {\n\t\tid : \"WT1\",\n\t\tname : \"WT1\"},\n\tstart : function() {\n\t\tswfobject.embedSWF(\"https:\/\/www.agriatv.hu\/\/player.swf\", \"WT1_1\", \"320\", \"240\", \"9.0.0\", false, this.flashvars, this.params , this.attr );\n\t}\n}\nWT1_1.start();\n\t<\/script>\n<\/p>\n","protected":false},"excerpt":{"rendered":"<p>A projekt c\u00e9lja olyan egyed\u00fcl\u00e1ll\u00f3, az akt\u00edv \u00e9s \u00f6koturizmust n\u00e9pszer\u0171s\u00edt\u0151 projekt megval\u00f3s\u00edt\u00e1sa, melyhez komplexit\u00e1s\u00e1ban \u00e9s szakmai tartalm\u00e1ban hasonl\u00f3 jelenleg nincs az orsz\u00e1gban, vagyis l\u00e9trehozni az egri Sz\u00e9passzonyv\u00f6lgyi M\u00e1rai Akt\u00edv Turisztikai L\u00e1togat\u00f3k\u00f6zpontot, amely az els\u0151 magyarorsz\u00e1gi integr\u00e1lt l\u00e1togat\u00f3k\u00f6zpont szabadt\u00e9ri sz\u00ednpaddal.<br \/>\nA projekt \u00f6sszk\u00f6lts\u00e9ge 385 915 600 Ft, a meg\u00edt\u00e9lt t\u00e1mogat\u00e1s m\u00e9rt\u00e9ke 85% (328 028 260 Ft).<br \/>\nAz integr\u00e1lt [&#8230;]<\/p>\n","protected":false},"author":4,"featured_media":0,"comment_status":"open","ping_status":"open","sticky":false,"template":"","format":"standard","meta":{"footnotes":""},"categories":[8,9,4],"tags":[36,262,1794],"class_list":["post-11048","post","type-post","status-publish","format-standard","hentry","category-kultura","category-oktatas","category-szabadido","tag-eger","tag-ekmk","tag-latogatokozpont"],"_links":{"self":[{"href":"https:\/\/www.agriatv.hu\/index.php?rest_route=\/wp\/v2\/posts\/11048","targetHints":{"allow":["GET"]}}],"collection":[{"href":"https:\/\/www.agriatv.hu\/index.php?rest_route=\/wp\/v2\/posts"}],"about":[{"href":"https:\/\/www.agriatv.hu\/index.php?rest_route=\/wp\/v2\/types\/post"}],"author":[{"embeddable":true,"href":"https:\/\/www.agriatv.hu\/index.php?rest_route=\/wp\/v2\/users\/4"}],"replies":[{"embeddable":true,"href":"https:\/\/www.agriatv.hu\/index.php?rest_route=%2Fwp%2Fv2%2Fcomments&post=11048"}],"version-history":[{"count":4,"href":"https:\/\/www.agriatv.hu\/index.php?rest_route=\/wp\/v2\/posts\/11048\/revisions"}],"predecessor-version":[{"id":11056,"href":"https:\/\/www.agriatv.hu\/index.php?rest_route=\/wp\/v2\/posts\/11048\/revisions\/11056"}],"wp:attachment":[{"href":"https:\/\/www.agriatv.hu\/index.php?rest_route=%2Fwp%2Fv2%2Fmedia&parent=11048"}],"wp:term":[{"taxonomy":"category","embeddable":true,"href":"https:\/\/www.agriatv.hu\/index.php?rest_route=%2Fwp%2Fv2%2Fcategories&post=11048"},{"taxonomy":"post_tag","embeddable":true,"href":"https:\/\/www.agriatv.hu\/index.php?rest_route=%2Fwp%2Fv2%2Ftags&post=11048"}],"curies":[{"name":"wp","href":"https:\/\/api.w.org\/{rel}","templated":true}]}}