{"id":11067,"date":"2013-09-14T08:22:27","date_gmt":"2013-09-14T08:22:27","guid":{"rendered":"http:\/\/www.agriatv.hu\/?p=11067"},"modified":"2013-09-15T06:39:14","modified_gmt":"2013-09-15T06:39:14","slug":"halalos-baleset-az-autopalyan-2","status":"publish","type":"post","link":"https:\/\/www.agriatv.hu\/?p=11067","title":{"rendered":"Hal\u00e1los baleset az aut\u00f3p\u00e1ly\u00e1n"},"content":{"rendered":"<p style=\"text-align: justify;\"><a href=\"https:\/\/www.agriatv.hu\/wp-content\/uploads\/2013\/09\/0914baleset_m3_v.jpg\"><img loading=\"lazy\" decoding=\"async\" class=\"alignleft size-medium wp-image-11068\" alt=\"0914baleset_m3_v\" src=\"https:\/\/www.agriatv.hu\/wp-content\/uploads\/2013\/09\/0914baleset_m3_v-300x225.jpg\" width=\"119\" height=\"71\" \/><\/a>Egy ember meghalt, egy s\u00falyosan \u00e9s t\u00f6bben k\u00f6nnyebben s\u00e9r\u00fcltek meg az M3 aut\u00f3p\u00e1ly\u00e1n szeptember 13-\u00e1n \u00e9jjel 23:30-kor t\u00f6rt\u00e9nt balesetben. Inform\u00e1ci\u00f3ink szerint agy BMW nagy sebess\u00e9ggel csap\u00f3dott bele az el\u0151tte halad\u00f3 aut\u00f3kba. A kocsi vezet\u0151je kiesett a j\u00e1rm\u0171b\u0151l \u00e9s meghalt.<\/p>\n<p style=\"text-align: justify;\">T\u00f6bben pr\u00f3b\u00e1ltak seg\u00edteni a bajba jutottakon, amikor az egyik seg\u00edt\u0151t egy aut\u00f3 elsodorta. \u0150 s\u00falyos s\u00e9r\u00fcl\u00e9sekkel ker\u00fclt k\u00f3rh\u00e1zba.<\/p>\n<p style=\"text-align: justify;\">A helysz\u00ednel\u00e9s idej\u00e9re az aut\u00f3p\u00e1ly\u00e1t lez\u00e1rt\u00e1k, a k\u00f6zleked\u0151knek ker\u00fclni\u00fck kellet.<\/p>\n<p style=\"text-align: justify;\">Reggel\u00a0 6:30 k\u00f6r\u00fcli id\u0151ben f\u00e9lp\u00e1ly\u00e1n, majd 8:30-kor teljes p\u00e1ly\u00e1n megindulhatott a forgalom.<\/p>\n<p style=\"text-align: justify;\">A beleset k\u00f6r\u00fclm\u00e9nyeit a rend\u0151rs\u00e9g vizsg\u00e1lja.<div class=\"wordtube\">\n<div class=\"wordtube single995\" id=\"WT1_1\" style=\"width:320px; height:240px;\">\n<a href=\"http:\/\/www.macromedia.com\/go\/getflashplayer\">Get the Flash Player<\/a> to see the wordTube Media Player.\n<\/div><\/div>\n\t<script type=\"text\/javascript\" defer=\"defer\">\nvar WT1_1 = {\n\tparams : {\n\t\twmode : \"opaque\",\n\t\tallowscriptaccess : \"always\",\n\t\tallownetworking : \"all\",\n\t\tallowfullscreen : \"true\"},\n\tflashvars : {\n\t\tfile : \"http%3A%2F%2Fwww.agriatv.hu%2Fwp-content%2Fuploads%2F2013%2F09%2F0914baleset_m3.flv\",\n\t\tvolume : \"80\",\n\t\tbufferlength : \"5\",\n\t\tquality : \"false\",\n\t\t'logo.hide' : \"false\",\n\t\timage : \"http%3A%2F%2Fwww.agriatv.hu%2Fwp-content%2Fuploads%2F2013%2F09%2F0914baleset_m3.Still005.jpg\",\n\t\ttitle : \"0914baleset_m3.flv\",\n\t\tlinktarget : \"_self\"},\n\tattr : {\n\t\tid : \"WT1\",\n\t\tname : \"WT1\"},\n\tstart : function() {\n\t\tswfobject.embedSWF(\"https:\/\/www.agriatv.hu\/\/player.swf\", \"WT1_1\", \"320\", \"240\", \"9.0.0\", false, this.flashvars, this.params , this.attr );\n\t}\n}\nWT1_1.start();\n\t<\/script>\n<\/p>\n","protected":false},"excerpt":{"rendered":"<p>Egy ember meghalt, egy s\u00falyosan \u00e9s t\u00f6bben k\u00f6nnyebben s\u00e9r\u00fcltek meg az M3 aut\u00f3p\u00e1ly\u00e1n szeptember 13-\u00e1n \u00e9jjel 23:30-kor t\u00f6rt\u00e9nt balesetben. Inform\u00e1ci\u00f3ink szerint agy BMW nagy sebess\u00e9ggel csap\u00f3dott bele az el\u0151tte halad\u00f3 aut\u00f3kba. A kocsi vezet\u0151je kiesett a j\u00e1rm\u0171b\u0151l \u00e9s meghalt.<br \/>\nT\u00f6bben pr\u00f3b\u00e1ltak seg\u00edteni a bajba jutottakon, amikor az egyik seg\u00edt\u0151t egy aut\u00f3 elsodorta. \u0150 s\u00falyos s\u00e9r\u00fcl\u00e9sekkel ker\u00fclt [&#8230;]<\/p>\n","protected":false},"author":4,"featured_media":0,"comment_status":"open","ping_status":"open","sticky":false,"template":"","format":"standard","meta":{"footnotes":""},"categories":[5],"tags":[41,771,313,122,458],"class_list":["post-11067","post","type-post","status-publish","format-standard","hentry","category-kek-hirek","tag-baleset","tag-halal","tag-katasztrofavedelem","tag-rendorseg","tag-serult"],"_links":{"self":[{"href":"https:\/\/www.agriatv.hu\/index.php?rest_route=\/wp\/v2\/posts\/11067","targetHints":{"allow":["GET"]}}],"collection":[{"href":"https:\/\/www.agriatv.hu\/index.php?rest_route=\/wp\/v2\/posts"}],"about":[{"href":"https:\/\/www.agriatv.hu\/index.php?rest_route=\/wp\/v2\/types\/post"}],"author":[{"embeddable":true,"href":"https:\/\/www.agriatv.hu\/index.php?rest_route=\/wp\/v2\/users\/4"}],"replies":[{"embeddable":true,"href":"https:\/\/www.agriatv.hu\/index.php?rest_route=%2Fwp%2Fv2%2Fcomments&post=11067"}],"version-history":[{"count":3,"href":"https:\/\/www.agriatv.hu\/index.php?rest_route=\/wp\/v2\/posts\/11067\/revisions"}],"predecessor-version":[{"id":11080,"href":"https:\/\/www.agriatv.hu\/index.php?rest_route=\/wp\/v2\/posts\/11067\/revisions\/11080"}],"wp:attachment":[{"href":"https:\/\/www.agriatv.hu\/index.php?rest_route=%2Fwp%2Fv2%2Fmedia&parent=11067"}],"wp:term":[{"taxonomy":"category","embeddable":true,"href":"https:\/\/www.agriatv.hu\/index.php?rest_route=%2Fwp%2Fv2%2Fcategories&post=11067"},{"taxonomy":"post_tag","embeddable":true,"href":"https:\/\/www.agriatv.hu\/index.php?rest_route=%2Fwp%2Fv2%2Ftags&post=11067"}],"curies":[{"name":"wp","href":"https:\/\/api.w.org\/{rel}","templated":true}]}}