{"id":11141,"date":"2013-09-23T14:30:54","date_gmt":"2013-09-23T14:30:54","guid":{"rendered":"http:\/\/www.agriatv.hu\/?p=11141"},"modified":"2013-09-23T14:38:08","modified_gmt":"2013-09-23T14:38:08","slug":"klorgaz-szivargott-gyongyoson","status":"publish","type":"post","link":"https:\/\/www.agriatv.hu\/?p=11141","title":{"rendered":"Kl\u00f3rg\u00e1z sziv\u00e1rgott Gy\u00f6ngy\u00f6s\u00f6n"},"content":{"rendered":"<p style=\"text-align: justify;\"><a href=\"https:\/\/www.agriatv.hu\/wp-content\/uploads\/2013\/09\/0923gyongyos_gaz_v.jpg\"><img loading=\"lazy\" decoding=\"async\" class=\"alignleft size-medium wp-image-11143\" alt=\"0923gyongyos_gaz_v\" src=\"https:\/\/www.agriatv.hu\/wp-content\/uploads\/2013\/09\/0923gyongyos_gaz_v-300x240.jpg\" width=\"130\" height=\"83\" \/><\/a>H\u00e9tf\u0151n d\u00e9lut\u00e1n \u00e9rkezett a bejelent\u00e9s a Heves Megyei Katasztr\u00f3fav\u00e9delmi Igazgat\u00f3s\u00e1g f\u0151\u00fcgyelet\u00e9re, miszerint Gy\u00f6ngy\u00f6s\u00f6n, a V\u00cdZM\u0170 telephely\u00e9n egy negyven kilogrammos kl\u00f3rg\u00e1zpalack sziv\u00e1rog, mert a telepen dolgoz\u00f3k nem tudj\u00e1k elz\u00e1rni a szelepors\u00f3t.<\/p>\n<p style=\"text-align: justify;\">A helysz\u00ednre riasztott\u00e1k a gy\u00f6ngy\u00f6si t\u0171zolt\u00f3kat, a Katasztr\u00f3fav\u00e9delmi M\u0171veleti Szolg\u00e1latot \u00e9s a Katasztr\u00f3fav\u00e9delmi Mobil Labort. A gy\u00f6ngy\u00f6si t\u0171zolt\u00f3k a legmagasabb v\u00e9delmi szint\u0171 v\u00e9d\u0151ruh\u00e1ban a k\u00e1rment\u0151be helyezt\u00e9k a csek\u00e9ly m\u00e9rt\u00e9kben sziv\u00e1rg\u00f3 palackot.<div class=\"wordtube\">\n<div class=\"wordtube single1007\" id=\"WT1_1\" style=\"width:320px; height:240px;\">\n<a href=\"http:\/\/www.macromedia.com\/go\/getflashplayer\">Get the Flash Player<\/a> to see the wordTube Media Player.\n<\/div><\/div>\n\t<script type=\"text\/javascript\" defer=\"defer\">\nvar WT1_1 = {\n\tparams : {\n\t\twmode : \"opaque\",\n\t\tallowscriptaccess : \"always\",\n\t\tallownetworking : \"all\",\n\t\tallowfullscreen : \"true\"},\n\tflashvars : {\n\t\tfile : \"http%3A%2F%2Fwww.agriatv.hu%2Fwp-content%2Fuploads%2F2013%2F09%2F0923gyongyos_gaz.flv\",\n\t\tvolume : \"80\",\n\t\tbufferlength : \"5\",\n\t\tquality : \"false\",\n\t\t'logo.hide' : \"false\",\n\t\timage : \"http%3A%2F%2Fwww.agriatv.hu%2Fwp-content%2Fuploads%2F2013%2F09%2F0923gyongyos_gaz.jpg\",\n\t\ttitle : \"0923gyongyos_gaz.flv\",\n\t\tlinktarget : \"_self\"},\n\tattr : {\n\t\tid : \"WT1\",\n\t\tname : \"WT1\"},\n\tstart : function() {\n\t\tswfobject.embedSWF(\"https:\/\/www.agriatv.hu\/\/player.swf\", \"WT1_1\", \"320\", \"240\", \"9.0.0\", false, this.flashvars, this.params , this.attr );\n\t}\n}\nWT1_1.start();\n\t<\/script>\n<\/p>\n<p style=\"text-align: justify;\">&#8211; A k\u00f6rnyez\u0151 \u00e9p\u00fcletekb\u0151l h\u00e9t f\u0151t k\u00e9rt\u00fcnk meg, hogy ideiglenesen hagyja el az otthon\u00e1t. A ment\u00e9svezet\u0151 biztons\u00e1gi z\u00f3n\u00e1t jel\u00f6lt ki, melyen bel\u00fcl a Katasztr\u00f3fav\u00e9delmi Mobil Labor v\u00e9gzett m\u00e9r\u00e9seket. Jelent\u0151s mennyis\u00e9g\u0171 kl\u00f3rg\u00e1z nem ker\u00fclt a k\u00f6rnyezetbe, \u00edgy nem volt sz\u00fcks\u00e9g tov\u00e1bbi lakoss\u00e1gv\u00e9delmi int\u00e9zked\u00e9sekre. A sziv\u00e1rg\u00f3 palack kezel\u00e9s\u00e9t a tov\u00e1bbiakban a V\u00cdZM\u0170 v\u00e9gzi &#8211; mondta el Antal Erika, megyei katasztr\u00f3fav\u00e9delmi sz\u00f3viv\u0151.<\/p>\n<p style=\"text-align: justify;\">Forr\u00e1s: <a href=\"http:\/\/gyongyostv.hu\/\">gyongyostv.hu<\/a><\/p>\n","protected":false},"excerpt":{"rendered":"<p>H\u00e9tf\u0151n d\u00e9lut\u00e1n \u00e9rkezett a bejelent\u00e9s a Heves Megyei Katasztr\u00f3fav\u00e9delmi Igazgat\u00f3s\u00e1g f\u0151\u00fcgyelet\u00e9re, miszerint Gy\u00f6ngy\u00f6s\u00f6n, a V\u00cdZM\u0170 telephely\u00e9n egy negyven kilogrammos kl\u00f3rg\u00e1zpalack sziv\u00e1rog, mert a telepen dolgoz\u00f3k nem tudj\u00e1k elz\u00e1rni a szelepors\u00f3t.<br \/>\nA helysz\u00ednre riasztott\u00e1k a gy\u00f6ngy\u00f6si t\u0171zolt\u00f3kat, a Katasztr\u00f3fav\u00e9delmi M\u0171veleti Szolg\u00e1latot \u00e9s a Katasztr\u00f3fav\u00e9delmi Mobil Labort. A gy\u00f6ngy\u00f6si t\u0171zolt\u00f3k a legmagasabb v\u00e9delmi szint\u0171 v\u00e9d\u0151ruh\u00e1ban a k\u00e1rment\u0151be helyezt\u00e9k [&#8230;]<\/p>\n","protected":false},"author":4,"featured_media":0,"comment_status":"open","ping_status":"open","sticky":false,"template":"","format":"standard","meta":{"footnotes":""},"categories":[5],"tags":[235,313,1808,1199],"class_list":["post-11141","post","type-post","status-publish","format-standard","hentry","category-kek-hirek","tag-gyongyos","tag-katasztrofavedelem","tag-klorgaz","tag-palack"],"_links":{"self":[{"href":"https:\/\/www.agriatv.hu\/index.php?rest_route=\/wp\/v2\/posts\/11141","targetHints":{"allow":["GET"]}}],"collection":[{"href":"https:\/\/www.agriatv.hu\/index.php?rest_route=\/wp\/v2\/posts"}],"about":[{"href":"https:\/\/www.agriatv.hu\/index.php?rest_route=\/wp\/v2\/types\/post"}],"author":[{"embeddable":true,"href":"https:\/\/www.agriatv.hu\/index.php?rest_route=\/wp\/v2\/users\/4"}],"replies":[{"embeddable":true,"href":"https:\/\/www.agriatv.hu\/index.php?rest_route=%2Fwp%2Fv2%2Fcomments&post=11141"}],"version-history":[{"count":4,"href":"https:\/\/www.agriatv.hu\/index.php?rest_route=\/wp\/v2\/posts\/11141\/revisions"}],"predecessor-version":[{"id":11146,"href":"https:\/\/www.agriatv.hu\/index.php?rest_route=\/wp\/v2\/posts\/11141\/revisions\/11146"}],"wp:attachment":[{"href":"https:\/\/www.agriatv.hu\/index.php?rest_route=%2Fwp%2Fv2%2Fmedia&parent=11141"}],"wp:term":[{"taxonomy":"category","embeddable":true,"href":"https:\/\/www.agriatv.hu\/index.php?rest_route=%2Fwp%2Fv2%2Fcategories&post=11141"},{"taxonomy":"post_tag","embeddable":true,"href":"https:\/\/www.agriatv.hu\/index.php?rest_route=%2Fwp%2Fv2%2Ftags&post=11141"}],"curies":[{"name":"wp","href":"https:\/\/api.w.org\/{rel}","templated":true}]}}