{"id":11152,"date":"2013-09-25T13:15:34","date_gmt":"2013-09-25T13:15:34","guid":{"rendered":"http:\/\/www.agriatv.hu\/?p=11152"},"modified":"2013-09-25T13:15:34","modified_gmt":"2013-09-25T13:15:34","slug":"meretes-darazsfeszek-tarnameran","status":"publish","type":"post","link":"https:\/\/www.agriatv.hu\/?p=11152","title":{"rendered":"M\u00e9retes dar\u00e1zsf\u00e9szek Tarnam\u00e9r\u00e1n"},"content":{"rendered":"<p style=\"text-align: justify;\"><a href=\"https:\/\/www.agriatv.hu\/wp-content\/uploads\/2013\/09\/0925darazs_v.jpg\"><img loading=\"lazy\" decoding=\"async\" class=\"alignleft size-medium wp-image-11153\" alt=\"0925darazs_v\" src=\"https:\/\/www.agriatv.hu\/wp-content\/uploads\/2013\/09\/0925darazs_v-300x240.jpg\" width=\"111\" height=\"64\" \/><\/a>\u00d3ri\u00e1si f\u00e9szket \u00e9p\u00edtettek a darazsak a tarnam\u00e9rai Palotai csal\u00e1d h\u00e1z\u00e1n\u00e1l. A tulajdonos egy nap azzal szembes\u00fclt, hogy a h\u00e1z fal\u00e1hoz bef\u00e9szkelt\u00e9k magukat a cs\u00edp\u0151s rovarok. \u00dagy d\u00f6nt\u00f6tt h\u00e1t, megsz\u00fcnteti a lakot, le\u00e9gette a f\u00e9szket. A darazsak azonban nem hagyt\u00e1k magukat: k\u00e9t nap leforg\u00e1sa alatt egy sokkal nagyobb f\u00e9szket \u00e9p\u00edtettek.<\/p>\n<p style=\"text-align: justify;\">Palotai K\u00e1roly elmondta: egyel\u0151re nem zaklatja a darazsakat, \u0151k sem b\u00e1ntj\u00e1k a csal\u00e1dot, b\u00e1r f\u00e9lnek t\u0151l\u00fck. A hideg be\u00e1llt\u00e1val azonban megsz\u00fcnteti a dar\u00e1zsf\u00e9szket.<div class=\"wordtube\">\n<div class=\"wordtube single1009\" id=\"WT1_1\" style=\"width:320px; height:240px;\">\n<a href=\"http:\/\/www.macromedia.com\/go\/getflashplayer\">Get the Flash Player<\/a> to see the wordTube Media Player.\n<\/div><\/div>\n\t<script type=\"text\/javascript\" defer=\"defer\">\nvar WT1_1 = {\n\tparams : {\n\t\twmode : \"opaque\",\n\t\tallowscriptaccess : \"always\",\n\t\tallownetworking : \"all\",\n\t\tallowfullscreen : \"true\"},\n\tflashvars : {\n\t\tfile : \"http%3A%2F%2Fwww.agriatv.hu%2Fwp-content%2Fuploads%2F2013%2F09%2F0925darazs.flv\",\n\t\tvolume : \"80\",\n\t\tbufferlength : \"5\",\n\t\tquality : \"false\",\n\t\t'logo.hide' : \"false\",\n\t\timage : \"http%3A%2F%2Fwww.agriatv.hu%2Fwp-content%2Fuploads%2F2013%2F09%2F0925darazs.jpg\",\n\t\ttitle : \"0925darazs.flv\",\n\t\tlinktarget : \"_self\"},\n\tattr : {\n\t\tid : \"WT1\",\n\t\tname : \"WT1\"},\n\tstart : function() {\n\t\tswfobject.embedSWF(\"https:\/\/www.agriatv.hu\/\/player.swf\", \"WT1_1\", \"320\", \"240\", \"9.0.0\", false, this.flashvars, this.params , this.attr );\n\t}\n}\nWT1_1.start();\n\t<\/script>\n<\/p>\n","protected":false},"excerpt":{"rendered":"<p>\u00d3ri\u00e1si f\u00e9szket \u00e9p\u00edtettek a darazsak a tarnam\u00e9rai Palotai csal\u00e1d h\u00e1z\u00e1n\u00e1l. A tulajdonos egy nap azzal szembes\u00fclt, hogy a h\u00e1z fal\u00e1hoz bef\u00e9szkelt\u00e9k magukat a cs\u00edp\u0151s rovarok. \u00dagy d\u00f6nt\u00f6tt h\u00e1t, megsz\u00fcnteti a lakot, le\u00e9gette a f\u00e9szket. A darazsak azonban nem hagyt\u00e1k magukat: k\u00e9t nap leforg\u00e1sa alatt egy sokkal nagyobb f\u00e9szket \u00e9p\u00edtettek.<br \/>\nPalotai K\u00e1roly elmondta: egyel\u0151re nem zaklatja a [&#8230;]<\/p>\n","protected":false},"author":4,"featured_media":0,"comment_status":"open","ping_status":"open","sticky":false,"template":"","format":"standard","meta":{"footnotes":""},"categories":[4],"tags":[1809,940,1810],"class_list":["post-11152","post","type-post","status-publish","format-standard","hentry","category-szabadido","tag-darazs","tag-feszek","tag-tarnamera"],"_links":{"self":[{"href":"https:\/\/www.agriatv.hu\/index.php?rest_route=\/wp\/v2\/posts\/11152","targetHints":{"allow":["GET"]}}],"collection":[{"href":"https:\/\/www.agriatv.hu\/index.php?rest_route=\/wp\/v2\/posts"}],"about":[{"href":"https:\/\/www.agriatv.hu\/index.php?rest_route=\/wp\/v2\/types\/post"}],"author":[{"embeddable":true,"href":"https:\/\/www.agriatv.hu\/index.php?rest_route=\/wp\/v2\/users\/4"}],"replies":[{"embeddable":true,"href":"https:\/\/www.agriatv.hu\/index.php?rest_route=%2Fwp%2Fv2%2Fcomments&post=11152"}],"version-history":[{"count":1,"href":"https:\/\/www.agriatv.hu\/index.php?rest_route=\/wp\/v2\/posts\/11152\/revisions"}],"predecessor-version":[{"id":11154,"href":"https:\/\/www.agriatv.hu\/index.php?rest_route=\/wp\/v2\/posts\/11152\/revisions\/11154"}],"wp:attachment":[{"href":"https:\/\/www.agriatv.hu\/index.php?rest_route=%2Fwp%2Fv2%2Fmedia&parent=11152"}],"wp:term":[{"taxonomy":"category","embeddable":true,"href":"https:\/\/www.agriatv.hu\/index.php?rest_route=%2Fwp%2Fv2%2Fcategories&post=11152"},{"taxonomy":"post_tag","embeddable":true,"href":"https:\/\/www.agriatv.hu\/index.php?rest_route=%2Fwp%2Fv2%2Ftags&post=11152"}],"curies":[{"name":"wp","href":"https:\/\/api.w.org\/{rel}","templated":true}]}}