{"id":11205,"date":"2013-07-02T08:37:03","date_gmt":"2013-07-02T08:37:03","guid":{"rendered":"http:\/\/www.agriatv.hu\/?p=11205"},"modified":"2013-10-04T08:37:55","modified_gmt":"2013-10-04T08:37:55","slug":"falumegujitas-es-fejlesztes-nyertes-palyazoi","status":"publish","type":"post","link":"https:\/\/www.agriatv.hu\/?p=11205","title":{"rendered":"Falumeg\u00faj\u00edt\u00e1s \u00e9s -fejleszt\u00e9s nyertes p\u00e1ly\u00e1z\u00f3i"},"content":{"rendered":"<p><a href=\"https:\/\/www.agriatv.hu\/wp-content\/uploads\/2013\/10\/egervidek.jpg\"><img loading=\"lazy\" decoding=\"async\" class=\"alignleft size-full wp-image-11203\" alt=\"egervidek\" src=\"https:\/\/www.agriatv.hu\/wp-content\/uploads\/2013\/10\/egervidek.jpg\" width=\"178\" height=\"55\" \/><\/a>A 102\/2012. (X. 1.) VM rendelet\u00a0 alapj\u00e1n az Eur\u00f3pai Mez\u00f5gazdas\u00e1gi Vid\u00e9kfejleszt\u00e9si Alapb\u00f3l\u00a0 falumeg\u00faj\u00edt\u00e1sra \u00e9s -fejleszt\u00e9sre\u00a02012.10.15. \u2013 2012.11.30. k\u00f6z\u00f6tt lehetett t\u00e1mogat\u00e1si k\u00e9relmeket beny\u00fajtani akci\u00f3csoportunk illet\u00e9kess\u00e9gi ter\u00fclet\u00e9n. A be\u00e9rkezett p\u00e1ly\u00e1zatokb\u00f3l a nyertesek \u00e9s a j\u00f3v\u00e1hagyott t\u00e1mogat\u00e1si \u00f6sszegek:<\/p>\n<table width=\"100%\" border=\"1\" cellspacing=\"0\" cellpadding=\"0\">\n<tbody>\n<tr>\n<td><b>\u00dcgyf\u00e9l neve<\/b><\/td>\n<td>\n<p align=\"center\"><b>Projekt megnevez\u00e9se<\/b><\/p>\n<\/td>\n<td>\n<p align=\"center\"><b>Megval\u00f3sul\u00e1s helysz\u00edne<\/b><\/p>\n<\/td>\n<td>\n<p align=\"center\"><b>J\u00f3v\u00e1hagyott t\u00e1mogat\u00e1si \u00f6sszeg<\/b><\/p>\n<\/td>\n<\/tr>\n<tr>\n<td>\u00a0Andornakt\u00e1lya K\u00f6zs\u00e9gi \u00d6nkorm\u00e1nyzat<\/td>\n<td nowrap=\"nowrap\">\n<p align=\"center\">Andornakt\u00e1lyai ravataloz\u00f3 fel\u00faj\u00edt\u00e1sa, b\u0151v\u00edt\u00e9se<\/p>\n<\/td>\n<td nowrap=\"nowrap\">\n<p align=\"center\">Andornakt\u00e1lya<\/p>\n<\/td>\n<td nowrap=\"nowrap\">\n<p align=\"center\">\u00a0\u00a0\u00a0\u00a0\u00a0\u00a0\u00a0\u00a0 6 956 074<\/p>\n<\/td>\n<\/tr>\n<tr>\n<td>\u00a0Egersz\u00f3l\u00e1t K\u00f6zs\u00e9g \u00d6nkorm\u00e1nyzat<\/td>\n<td nowrap=\"nowrap\">\n<p align=\"center\">Egersz\u00f3l\u00e1t ravataloz\u00f3 fel\u00faj\u00edt\u00e1sa<\/p>\n<\/td>\n<td nowrap=\"nowrap\">\n<p align=\"center\">Egersz\u00f3l\u00e1t<\/p>\n<\/td>\n<td nowrap=\"nowrap\">\n<p align=\"center\">\u00a0\u00a0\u00a0\u00a0\u00a0\u00a0\u00a0\u00a0 6 999 987<\/p>\n<\/td>\n<\/tr>\n<tr>\n<td>\u00a0Novaj K\u00f6zs\u00e9gi \u00d6nkorm\u00e1nyzat<\/td>\n<td nowrap=\"nowrap\">\n<p align=\"center\">Ravataloz\u00f3 korszer\u0171s\u00edt\u00e9se \u00e9s a temet\u0151 infrastrukt\u00far\u00e1lis fejleszt\u00e9se<\/p>\n<\/td>\n<td nowrap=\"nowrap\">\n<p align=\"center\">Novaj<\/p>\n<\/td>\n<td nowrap=\"nowrap\">\n<p align=\"center\">\u00a0\u00a0\u00a0\u00a0\u00a0\u00a0\u00a0\u00a0 6 315 379<\/p>\n<\/td>\n<\/tr>\n<\/tbody>\n<\/table>\n<p>&nbsp;<\/p>\n<p>Forr\u00e1s: <a href=\"http:\/\/www.evk-egyesulet.hu\">www.evk-egyesulet.hu<\/a><\/p>\n","protected":false},"excerpt":{"rendered":"<p>A 102\/2012. (X. 1.) VM rendelet\u00a0 alapj\u00e1n az Eur\u00f3pai Mez\u00f5gazdas\u00e1gi Vid\u00e9kfejleszt\u00e9si Alapb\u00f3l\u00a0 falumeg\u00faj\u00edt\u00e1sra \u00e9s -fejleszt\u00e9sre\u00a02012.10.15. \u2013 2012.11.30. k\u00f6z\u00f6tt lehetett t\u00e1mogat\u00e1si k\u00e9relmeket beny\u00fajtani akci\u00f3csoportunk illet\u00e9kess\u00e9gi ter\u00fclet\u00e9n. A be\u00e9rkezett p\u00e1ly\u00e1zatokb\u00f3l a nyertesek \u00e9s a j\u00f3v\u00e1hagyott t\u00e1mogat\u00e1si \u00f6sszegek:<\/p>\n<p>\u00dcgyf\u00e9l neve<\/p>\n<p>Projekt megnevez\u00e9se<\/p>\n<p>Megval\u00f3sul\u00e1s helysz\u00edne<\/p>\n<p>J\u00f3v\u00e1hagyott t\u00e1mogat\u00e1si \u00f6sszeg<\/p>\n<p>\u00a0Andornakt\u00e1lya K\u00f6zs\u00e9gi \u00d6nkorm\u00e1nyzat<\/p>\n<p>Andornakt\u00e1lyai ravataloz\u00f3 fel\u00faj\u00edt\u00e1sa, b\u0151v\u00edt\u00e9se<\/p>\n<p>Andornakt\u00e1lya<\/p>\n<p>\u00a0\u00a0\u00a0\u00a0\u00a0\u00a0\u00a0\u00a0 6 956 074<\/p>\n<p>\u00a0Egersz\u00f3l\u00e1t K\u00f6zs\u00e9g \u00d6nkorm\u00e1nyzat<\/p>\n<p>Egersz\u00f3l\u00e1t ravataloz\u00f3 fel\u00faj\u00edt\u00e1sa<\/p>\n<p>Egersz\u00f3l\u00e1t<\/p>\n<p>\u00a0\u00a0\u00a0\u00a0\u00a0\u00a0\u00a0\u00a0 6 999 987<\/p>\n<p>\u00a0Novaj [&#8230;]<\/p>\n","protected":false},"author":4,"featured_media":0,"comment_status":"open","ping_status":"open","sticky":false,"template":"","format":"standard","meta":{"footnotes":""},"categories":[6],"tags":[],"class_list":["post-11205","post","type-post","status-publish","format-standard","hentry","category-belfold"],"_links":{"self":[{"href":"https:\/\/www.agriatv.hu\/index.php?rest_route=\/wp\/v2\/posts\/11205","targetHints":{"allow":["GET"]}}],"collection":[{"href":"https:\/\/www.agriatv.hu\/index.php?rest_route=\/wp\/v2\/posts"}],"about":[{"href":"https:\/\/www.agriatv.hu\/index.php?rest_route=\/wp\/v2\/types\/post"}],"author":[{"embeddable":true,"href":"https:\/\/www.agriatv.hu\/index.php?rest_route=\/wp\/v2\/users\/4"}],"replies":[{"embeddable":true,"href":"https:\/\/www.agriatv.hu\/index.php?rest_route=%2Fwp%2Fv2%2Fcomments&post=11205"}],"version-history":[{"count":1,"href":"https:\/\/www.agriatv.hu\/index.php?rest_route=\/wp\/v2\/posts\/11205\/revisions"}],"predecessor-version":[{"id":11206,"href":"https:\/\/www.agriatv.hu\/index.php?rest_route=\/wp\/v2\/posts\/11205\/revisions\/11206"}],"wp:attachment":[{"href":"https:\/\/www.agriatv.hu\/index.php?rest_route=%2Fwp%2Fv2%2Fmedia&parent=11205"}],"wp:term":[{"taxonomy":"category","embeddable":true,"href":"https:\/\/www.agriatv.hu\/index.php?rest_route=%2Fwp%2Fv2%2Fcategories&post=11205"},{"taxonomy":"post_tag","embeddable":true,"href":"https:\/\/www.agriatv.hu\/index.php?rest_route=%2Fwp%2Fv2%2Ftags&post=11205"}],"curies":[{"name":"wp","href":"https:\/\/api.w.org\/{rel}","templated":true}]}}