{"id":11209,"date":"2013-08-05T08:40:10","date_gmt":"2013-08-05T08:40:10","guid":{"rendered":"http:\/\/www.agriatv.hu\/?p=11209"},"modified":"2013-10-04T08:42:59","modified_gmt":"2013-10-04T08:42:59","slug":"ertesites-forum-megtartasarol","status":"publish","type":"post","link":"https:\/\/www.agriatv.hu\/?p=11209","title":{"rendered":"\u00c9rtes\u00edt\u00e9s f\u00f3rum megtart\u00e1s\u00e1r\u00f3l"},"content":{"rendered":"<p align=\"center\"><a href=\"https:\/\/www.agriatv.hu\/wp-content\/uploads\/2013\/10\/egervidek.jpg\"><img loading=\"lazy\" decoding=\"async\" class=\"alignleft size-full wp-image-11203\" alt=\"egervidek\" src=\"https:\/\/www.agriatv.hu\/wp-content\/uploads\/2013\/10\/egervidek.jpg\" width=\"178\" height=\"55\" \/><\/a><\/p>\n<p align=\"center\">\n<p align=\"center\">Az Eger Vid\u00e9k Kincsei Egyes\u00fclet<\/p>\n<p align=\"center\">F\u00f3rumot tart<\/p>\n<p align=\"center\">2013. Augusztus 15.-\u00e9n 15 \u00f3r\u00e1t\u00f3l,<\/p>\n<p align=\"center\">amelyre minden \u00e9rdekl\u0151d\u0151t tisztelettel v\u00e1rnak!<\/p>\n<p align=\"center\">Helysz\u00edn: Egerszal\u00f3k, Faluh\u00e1z<\/p>\n<p align=\"center\">Id\u0151pont: 2013. augusztus 15. 15 \u00f3ra<\/p>\n<p align=\"center\">T\u00e9ma:<\/p>\n<p align=\"center\">LEADER t\u00e9rs\u00e9gek k\u00f6z\u00f6tti egy\u00fcttm\u0171k\u00f6d\u00e9s v\u00e9grehajt\u00e1s\u00e1hoz ny\u00fajtand\u00f3 t\u00e1mogat\u00e1sok r\u00e9szletes felt\u00e9teleir\u0151l<\/p>\n<p align=\"center\">Egyebek<\/p>\n<p align=\"center\">Batki Szabolcs sk.\u00a0\u00a0\u00a0\u00a0\u00a0\u00a0\u00a0\u00a0\u00a0\u00a0\u00a0\u00a0\u00a0\u00a0\u00a0\u00a0 T\u0151gyi G\u00e1bor sk.<\/p>\n<p>\u00a0\u00a0\u00a0\u00a0\u00a0\u00a0\u00a0\u00a0\u00a0\u00a0\u00a0\u00a0\u00a0\u00a0\u00a0\u00a0\u00a0\u00a0\u00a0\u00a0\u00a0\u00a0\u00a0\u00a0\u00a0\u00a0\u00a0\u00a0\u00a0\u00a0 \u00a0\u00a0\u00a0\u00a0\u00a0\u00a0 Munkaszervezet vezet\u0151\u00a0\u00a0\u00a0\u00a0\u00a0\u00a0\u00a0\u00a0\u00a0\u00a0\u00a0\u00a0\u00a0\u00a0\u00a0 Polg\u00e1rmester<\/p>\n<p>&nbsp;<\/p>\n<p>Forr\u00e1s: <a href=\"http:\/\/www.evk-egyesulet.hu\">www.evk-egyesulet.hu<\/a><\/p>\n","protected":false},"excerpt":{"rendered":"<p>Az Eger Vid\u00e9k Kincsei Egyes\u00fclet<br \/>\nF\u00f3rumot tart<br \/>\n2013. Augusztus 15.-\u00e9n 15 \u00f3r\u00e1t\u00f3l,<br \/>\namelyre minden \u00e9rdekl\u0151d\u0151t tisztelettel v\u00e1rnak!<br \/>\nHelysz\u00edn: Egerszal\u00f3k, Faluh\u00e1z<br \/>\nId\u0151pont: 2013. augusztus 15. 15 \u00f3ra<br \/>\nT\u00e9ma:<br \/>\nLEADER t\u00e9rs\u00e9gek k\u00f6z\u00f6tti egy\u00fcttm\u0171k\u00f6d\u00e9s v\u00e9grehajt\u00e1s\u00e1hoz ny\u00fajtand\u00f3 t\u00e1mogat\u00e1sok r\u00e9szletes felt\u00e9teleir\u0151l<br \/>\nEgyebek<br \/>\nBatki Szabolcs sk.\u00a0\u00a0\u00a0\u00a0\u00a0\u00a0\u00a0\u00a0\u00a0\u00a0\u00a0\u00a0\u00a0\u00a0\u00a0\u00a0 T\u0151gyi G\u00e1bor sk.<br \/>\n\u00a0\u00a0\u00a0\u00a0\u00a0\u00a0\u00a0\u00a0\u00a0\u00a0\u00a0\u00a0\u00a0\u00a0\u00a0\u00a0\u00a0\u00a0\u00a0\u00a0\u00a0\u00a0\u00a0\u00a0\u00a0\u00a0\u00a0\u00a0\u00a0\u00a0 \u00a0\u00a0\u00a0\u00a0\u00a0\u00a0 Munkaszervezet vezet\u0151\u00a0\u00a0\u00a0\u00a0\u00a0\u00a0\u00a0\u00a0\u00a0\u00a0\u00a0\u00a0\u00a0\u00a0\u00a0 Polg\u00e1rmester<br \/>\n&nbsp;<br \/>\nForr\u00e1s: www.evk-egyesulet.hu<\/p>\n","protected":false},"author":4,"featured_media":0,"comment_status":"open","ping_status":"open","sticky":false,"template":"","format":"standard","meta":{"footnotes":""},"categories":[6],"tags":[],"class_list":["post-11209","post","type-post","status-publish","format-standard","hentry","category-belfold"],"_links":{"self":[{"href":"https:\/\/www.agriatv.hu\/index.php?rest_route=\/wp\/v2\/posts\/11209","targetHints":{"allow":["GET"]}}],"collection":[{"href":"https:\/\/www.agriatv.hu\/index.php?rest_route=\/wp\/v2\/posts"}],"about":[{"href":"https:\/\/www.agriatv.hu\/index.php?rest_route=\/wp\/v2\/types\/post"}],"author":[{"embeddable":true,"href":"https:\/\/www.agriatv.hu\/index.php?rest_route=\/wp\/v2\/users\/4"}],"replies":[{"embeddable":true,"href":"https:\/\/www.agriatv.hu\/index.php?rest_route=%2Fwp%2Fv2%2Fcomments&post=11209"}],"version-history":[{"count":4,"href":"https:\/\/www.agriatv.hu\/index.php?rest_route=\/wp\/v2\/posts\/11209\/revisions"}],"predecessor-version":[{"id":11213,"href":"https:\/\/www.agriatv.hu\/index.php?rest_route=\/wp\/v2\/posts\/11209\/revisions\/11213"}],"wp:attachment":[{"href":"https:\/\/www.agriatv.hu\/index.php?rest_route=%2Fwp%2Fv2%2Fmedia&parent=11209"}],"wp:term":[{"taxonomy":"category","embeddable":true,"href":"https:\/\/www.agriatv.hu\/index.php?rest_route=%2Fwp%2Fv2%2Fcategories&post=11209"},{"taxonomy":"post_tag","embeddable":true,"href":"https:\/\/www.agriatv.hu\/index.php?rest_route=%2Fwp%2Fv2%2Ftags&post=11209"}],"curies":[{"name":"wp","href":"https:\/\/api.w.org\/{rel}","templated":true}]}}