{"id":11251,"date":"2013-10-09T18:46:13","date_gmt":"2013-10-09T18:46:13","guid":{"rendered":"http:\/\/www.agriatv.hu\/?p=11251"},"modified":"2013-10-09T18:46:13","modified_gmt":"2013-10-09T18:46:13","slug":"videozas-kozben-gazolta-halalra-a-not","status":"publish","type":"post","link":"https:\/\/www.agriatv.hu\/?p=11251","title":{"rendered":"Vide\u00f3z\u00e1s k\u00f6zben g\u00e1zolta hal\u00e1lra a n\u0151t"},"content":{"rendered":"<p style=\"text-align: justify;\"><a href=\"https:\/\/www.agriatv.hu\/wp-content\/uploads\/2013\/10\/1009motoros_szilvasvarad_v.jpg\"><img loading=\"lazy\" decoding=\"async\" class=\"alignleft size-medium wp-image-11252\" alt=\"1009motoros_szilvasvarad_v\" src=\"https:\/\/www.agriatv.hu\/wp-content\/uploads\/2013\/10\/1009motoros_szilvasvarad_v-300x240.jpg\" width=\"101\" height=\"62\" \/><\/a>Vas\u00e1rnap kora d\u00e9lut\u00e1n t\u00f6rt\u00e9nt motoros baleset, mondta el Solt\u00e9sz B\u00e1lint, a Heves Megyei Rend\u0151r-f\u0151kapit\u00e1nys\u00e1g sajt\u00f3sz\u00f3viv\u0151je. \u2013 Az eset Szilv\u00e1sv\u00e1rad k\u00fclter\u00fclet\u00e9n, egy f\u00f6ld\u00faton t\u00f6rt\u00e9nt. Jelenleg vizsg\u00e1ljuk a baleset k\u00f6r\u00fclm\u00e9nyeit, a budapesti illet\u0151s\u00e9g\u0171 f\u00e9rfi ellen b\u00fcntet\u0151elj\u00e1r\u00e1s indult.<\/p>\n<p style=\"text-align: justify;\">\u00dagy tudjuk, a baleset akkor t\u00f6rt\u00e9nt, amikor a helyben \u00e9l\u0151 fiatal n\u0151 kamer\u00e1val r\u00f6gz\u00edtette a motoros bemutat\u00f3j\u00e1t.<\/p>\n<p style=\"text-align: justify;\">A fiatal n\u0151 s\u00e9r\u00fcl\u00e9sei \u00e9letvesz\u00e9lyesek voltak, ez\u00e9rt \u00e9rkezett ment\u0151helikopter is a helysz\u00ednre, \u00e1m a gondos orvosi ell\u00e1t\u00e1s ellen\u00e9re h\u00e9tf\u0151n a k\u00f3rh\u00e1zban belehalt s\u00e9r\u00fcl\u00e9seibe.<div class=\"wordtube\">\n<div class=\"wordtube single1021\" id=\"WT1_1\" style=\"width:320px; height:240px;\">\n<a href=\"http:\/\/www.macromedia.com\/go\/getflashplayer\">Get the Flash Player<\/a> to see the wordTube Media Player.\n<\/div><\/div>\n\t<script type=\"text\/javascript\" defer=\"defer\">\nvar WT1_1 = {\n\tparams : {\n\t\twmode : \"opaque\",\n\t\tallowscriptaccess : \"always\",\n\t\tallownetworking : \"all\",\n\t\tallowfullscreen : \"true\"},\n\tflashvars : {\n\t\tfile : \"http%3A%2F%2Fwww.agriatv.hu%2Fwp-content%2Fuploads%2F2013%2F10%2F1009motoros_szilvasvarad.flv\",\n\t\tvolume : \"80\",\n\t\tbufferlength : \"5\",\n\t\tquality : \"false\",\n\t\t'logo.hide' : \"false\",\n\t\timage : \"http%3A%2F%2Fwww.agriatv.hu%2Fwp-content%2Fuploads%2F2013%2F10%2F1009motoros_szilvasvarad.jpg\",\n\t\ttitle : \"1009motoros_szilvasvarad.flv\",\n\t\tlinktarget : \"_self\"},\n\tattr : {\n\t\tid : \"WT1\",\n\t\tname : \"WT1\"},\n\tstart : function() {\n\t\tswfobject.embedSWF(\"https:\/\/www.agriatv.hu\/\/player.swf\", \"WT1_1\", \"320\", \"240\", \"9.0.0\", false, this.flashvars, this.params , this.attr );\n\t}\n}\nWT1_1.start();\n\t<\/script>\n<\/p>\n","protected":false},"excerpt":{"rendered":"<p>Vas\u00e1rnap kora d\u00e9lut\u00e1n t\u00f6rt\u00e9nt motoros baleset, mondta el Solt\u00e9sz B\u00e1lint, a Heves Megyei Rend\u0151r-f\u0151kapit\u00e1nys\u00e1g sajt\u00f3sz\u00f3viv\u0151je. \u2013 Az eset Szilv\u00e1sv\u00e1rad k\u00fclter\u00fclet\u00e9n, egy f\u00f6ld\u00faton t\u00f6rt\u00e9nt. Jelenleg vizsg\u00e1ljuk a baleset k\u00f6r\u00fclm\u00e9nyeit, a budapesti illet\u0151s\u00e9g\u0171 f\u00e9rfi ellen b\u00fcntet\u0151elj\u00e1r\u00e1s indult.<br \/>\n\u00dagy tudjuk, a baleset akkor t\u00f6rt\u00e9nt, amikor a helyben \u00e9l\u0151 fiatal n\u0151 kamer\u00e1val r\u00f6gz\u00edtette a motoros bemutat\u00f3j\u00e1t.<br \/>\nA fiatal n\u0151 s\u00e9r\u00fcl\u00e9sei \u00e9letvesz\u00e9lyesek [&#8230;]<\/p>\n","protected":false},"author":4,"featured_media":0,"comment_status":"open","ping_status":"open","sticky":false,"template":"","format":"standard","meta":{"footnotes":""},"categories":[5],"tags":[41,771,39,1305],"class_list":["post-11251","post","type-post","status-publish","format-standard","hentry","category-kek-hirek","tag-baleset","tag-halal","tag-motoros","tag-szilvasvarad"],"_links":{"self":[{"href":"https:\/\/www.agriatv.hu\/index.php?rest_route=\/wp\/v2\/posts\/11251","targetHints":{"allow":["GET"]}}],"collection":[{"href":"https:\/\/www.agriatv.hu\/index.php?rest_route=\/wp\/v2\/posts"}],"about":[{"href":"https:\/\/www.agriatv.hu\/index.php?rest_route=\/wp\/v2\/types\/post"}],"author":[{"embeddable":true,"href":"https:\/\/www.agriatv.hu\/index.php?rest_route=\/wp\/v2\/users\/4"}],"replies":[{"embeddable":true,"href":"https:\/\/www.agriatv.hu\/index.php?rest_route=%2Fwp%2Fv2%2Fcomments&post=11251"}],"version-history":[{"count":1,"href":"https:\/\/www.agriatv.hu\/index.php?rest_route=\/wp\/v2\/posts\/11251\/revisions"}],"predecessor-version":[{"id":11253,"href":"https:\/\/www.agriatv.hu\/index.php?rest_route=\/wp\/v2\/posts\/11251\/revisions\/11253"}],"wp:attachment":[{"href":"https:\/\/www.agriatv.hu\/index.php?rest_route=%2Fwp%2Fv2%2Fmedia&parent=11251"}],"wp:term":[{"taxonomy":"category","embeddable":true,"href":"https:\/\/www.agriatv.hu\/index.php?rest_route=%2Fwp%2Fv2%2Fcategories&post=11251"},{"taxonomy":"post_tag","embeddable":true,"href":"https:\/\/www.agriatv.hu\/index.php?rest_route=%2Fwp%2Fv2%2Ftags&post=11251"}],"curies":[{"name":"wp","href":"https:\/\/api.w.org\/{rel}","templated":true}]}}