{"id":11298,"date":"2013-10-17T19:05:14","date_gmt":"2013-10-17T19:05:14","guid":{"rendered":"http:\/\/www.agriatv.hu\/?p=11298"},"modified":"2013-10-17T19:05:14","modified_gmt":"2013-10-17T19:05:14","slug":"atadas-elott-bicikliut-egerben","status":"publish","type":"post","link":"https:\/\/www.agriatv.hu\/?p=11298","title":{"rendered":"\u00c1tad\u00e1s el\u0151tt: bicikli\u00fat Egerben"},"content":{"rendered":"<p style=\"text-align: justify;\"><a href=\"https:\/\/www.agriatv.hu\/wp-content\/uploads\/2013\/10\/1017patak_eger_v.jpg\"><img loading=\"lazy\" decoding=\"async\" class=\"alignleft size-medium wp-image-11299\" alt=\"1017patak_eger_v\" src=\"https:\/\/www.agriatv.hu\/wp-content\/uploads\/2013\/10\/1017patak_eger_v-300x240.jpg\" width=\"116\" height=\"76\" \/><\/a>\u00c1tad\u00e1s el\u0151tt \u00e1ll Egerben, a patakmederben \u00e9p\u00edtett bicikli\u00fat. A ny\u00e1ri es\u0151z\u00e9sek t\u00f6bbsz\u00f6r lebontott\u00e1k az el\u0151k\u00e9sz\u00edtett alapot. A p\u00e1lya elk\u00e9sz\u00fclt \u00e9s az els\u0151, b\u00e1r kicsi \u0151szi es\u0151ben be is mutatkozott. Az utat el\u00e1rasztotta a v\u00edz \u00e9s a s\u00e1r. Az interneten megjelentek a bicikli\u00fatr\u00f3l sz\u00f3l\u00f3 m\u00e9mek, ostorozz\u00e1k a projekt ki\u00f6tl\u0151it, n\u00e9h\u00e1ny honlapon egyenesen lemond\u00e1sra sz\u00f3l\u00edtj\u00e1k fel a polg\u00e1rmestert.<\/p>\n<p style=\"text-align: justify;\">A v\u00e1ros lak\u00f3it megosztja a tervezett, majd meg\u00e9p\u00edtett \u00fat: sokak szerint teljesen felesleges volt 150 milli\u00f3 forintot bele\u00f6lni ebbe a projektbe, hiszen nem lesz haszn\u00e1lhat\u00f3. A hidak miatt n\u00e9h\u00e1ny helyen alacsonyabban fut a p\u00e1lya, \u00edgy m\u00e1r kisebb v\u00edzemelked\u00e9s eset\u00e9n is el\u00e1rasztja azt.<\/p>\n<p style=\"text-align: justify;\">Szerett\u00fck volna megtudni a V\u00e1rosh\u00e1za \u00e1ll\u00e1spontj\u00e1t is, de \u0151k a V\u00e1rosfejleszt\u00e9si KFT. igazgat\u00f3j\u00e1t jel\u00f6lt\u00e9k meg a v\u00e1laszad\u00e1sra.<\/p>\n<p>T\u00f6bbsz\u00f6r kerest\u00fck a KFT igazgat\u00f3j\u00e1t: el\u0151sz\u00f6r visszah\u00edv\u00e1st \u00edg\u00e9rtek, majd m\u00e1r azt sem. \u00cdgy nem siker\u00fclt megtudnunk, mi az \u00e1ll\u00e1spontjuk a kialakult \u00e1llapotr\u00f3l.<div class=\"wordtube\">\n<div class=\"wordtube single1027\" id=\"WT1_1\" style=\"width:320px; height:240px;\">\n<a href=\"http:\/\/www.macromedia.com\/go\/getflashplayer\">Get the Flash Player<\/a> to see the wordTube Media Player.\n<\/div><\/div>\n\t<script type=\"text\/javascript\" defer=\"defer\">\nvar WT1_1 = {\n\tparams : {\n\t\twmode : \"opaque\",\n\t\tallowscriptaccess : \"always\",\n\t\tallownetworking : \"all\",\n\t\tallowfullscreen : \"true\"},\n\tflashvars : {\n\t\tfile : \"http%3A%2F%2Fwww.agriatv.hu%2Fwp-content%2Fuploads%2F2013%2F10%2F1017patak_eger.flv\",\n\t\tvolume : \"80\",\n\t\tbufferlength : \"5\",\n\t\tquality : \"false\",\n\t\t'logo.hide' : \"false\",\n\t\timage : \"http%3A%2F%2Fwww.agriatv.hu%2Fwp-content%2Fuploads%2F2013%2F10%2F1017patak_eger.jpg\",\n\t\ttitle : \"1017patak_eger.flv\",\n\t\tlinktarget : \"_self\"},\n\tattr : {\n\t\tid : \"WT1\",\n\t\tname : \"WT1\"},\n\tstart : function() {\n\t\tswfobject.embedSWF(\"https:\/\/www.agriatv.hu\/\/player.swf\", \"WT1_1\", \"320\", \"240\", \"9.0.0\", false, this.flashvars, this.params , this.attr );\n\t}\n}\nWT1_1.start();\n\t<\/script>\n<\/p>\n","protected":false},"excerpt":{"rendered":"<p>\u00c1tad\u00e1s el\u0151tt \u00e1ll Egerben, a patakmederben \u00e9p\u00edtett bicikli\u00fat. A ny\u00e1ri es\u0151z\u00e9sek t\u00f6bbsz\u00f6r lebontott\u00e1k az el\u0151k\u00e9sz\u00edtett alapot. A p\u00e1lya elk\u00e9sz\u00fclt \u00e9s az els\u0151, b\u00e1r kicsi \u0151szi es\u0151ben be is mutatkozott. Az utat el\u00e1rasztotta a v\u00edz \u00e9s a s\u00e1r. Az interneten megjelentek a bicikli\u00fatr\u00f3l sz\u00f3l\u00f3 m\u00e9mek, ostorozz\u00e1k a projekt ki\u00f6tl\u0151it, n\u00e9h\u00e1ny honlapon egyenesen lemond\u00e1sra sz\u00f3l\u00edtj\u00e1k fel a [&#8230;]<\/p>\n","protected":false},"author":4,"featured_media":0,"comment_status":"open","ping_status":"open","sticky":false,"template":"","format":"standard","meta":{"footnotes":""},"categories":[6,3,4],"tags":[1722,36,1215,523,653,1826],"class_list":["post-11298","post","type-post","status-publish","format-standard","hentry","category-belfold","category-politika","category-szabadido","tag-bicikliut","tag-eger","tag-eso","tag-internet","tag-projekt","tag-varosfejlesztesi-kft"],"_links":{"self":[{"href":"https:\/\/www.agriatv.hu\/index.php?rest_route=\/wp\/v2\/posts\/11298","targetHints":{"allow":["GET"]}}],"collection":[{"href":"https:\/\/www.agriatv.hu\/index.php?rest_route=\/wp\/v2\/posts"}],"about":[{"href":"https:\/\/www.agriatv.hu\/index.php?rest_route=\/wp\/v2\/types\/post"}],"author":[{"embeddable":true,"href":"https:\/\/www.agriatv.hu\/index.php?rest_route=\/wp\/v2\/users\/4"}],"replies":[{"embeddable":true,"href":"https:\/\/www.agriatv.hu\/index.php?rest_route=%2Fwp%2Fv2%2Fcomments&post=11298"}],"version-history":[{"count":1,"href":"https:\/\/www.agriatv.hu\/index.php?rest_route=\/wp\/v2\/posts\/11298\/revisions"}],"predecessor-version":[{"id":11300,"href":"https:\/\/www.agriatv.hu\/index.php?rest_route=\/wp\/v2\/posts\/11298\/revisions\/11300"}],"wp:attachment":[{"href":"https:\/\/www.agriatv.hu\/index.php?rest_route=%2Fwp%2Fv2%2Fmedia&parent=11298"}],"wp:term":[{"taxonomy":"category","embeddable":true,"href":"https:\/\/www.agriatv.hu\/index.php?rest_route=%2Fwp%2Fv2%2Fcategories&post=11298"},{"taxonomy":"post_tag","embeddable":true,"href":"https:\/\/www.agriatv.hu\/index.php?rest_route=%2Fwp%2Fv2%2Ftags&post=11298"}],"curies":[{"name":"wp","href":"https:\/\/api.w.org\/{rel}","templated":true}]}}