{"id":11303,"date":"2013-10-18T20:14:02","date_gmt":"2013-10-18T20:14:02","guid":{"rendered":"http:\/\/www.agriatv.hu\/?p=11303"},"modified":"2013-10-19T13:20:14","modified_gmt":"2013-10-19T13:20:14","slug":"fidesz-a-rezsicsokkentes-tovabb-folytatodik","status":"publish","type":"post","link":"https:\/\/www.agriatv.hu\/?p=11303","title":{"rendered":"Fidesz: A rezsics\u00f6kkent\u00e9s tov\u00e1bb folytat\u00f3dik"},"content":{"rendered":"<p style=\"text-align: justify;\"><a href=\"https:\/\/www.agriatv.hu\/wp-content\/uploads\/2013\/10\/fidesz.jpg\"><img loading=\"lazy\" decoding=\"async\" class=\"alignleft size-medium wp-image-11309\" alt=\"fidesz\" src=\"https:\/\/www.agriatv.hu\/wp-content\/uploads\/2013\/10\/fidesz-300x225.jpg\" width=\"72\" height=\"54\" srcset=\"https:\/\/www.agriatv.hu\/wp-content\/uploads\/2013\/10\/fidesz-300x225.jpg 300w, https:\/\/www.agriatv.hu\/wp-content\/uploads\/2013\/10\/fidesz.jpg 480w\" sizes=\"auto, (max-width: 72px) 100vw, 72px\" \/><\/a>Sajt\u00f3t\u00e1j\u00e9koztat\u00f3t tartottak a rezsics\u00f6kkent\u00e9s kapcs\u00e1n:<\/p>\n<p style=\"text-align: justify;\">A korm\u00e1ny 2010-ben d\u00f6nt\u00f6tt az energia\u00e1rak re\u00e1l\u00e9rt\u00e9ken t\u00f6rt\u00e9n\u0151 befagyaszt\u00e1s\u00e1r\u00f3l, majd az elm\u00falt egy \u00e9vben a g\u00e1z, a villamosenergia \u00e9s a t\u00e1vh\u0151 \u00e1r\u00e1nak el\u0151bb 10, majd tov\u00e1bbi 11,1 sz\u00e1zal\u00e9kos cs\u00f6kkent\u00e9s\u00e9r\u0151l. Ezzel megkezd\u0151d\u00f6tt a magyar csal\u00e1dok terheinek enyh\u00edt\u00e9se \u2013 mondta Ifj. Herman Istv\u00e1n, a Heves Megyei K\u00f6zgy\u0171l\u00e9s aleln\u00f6ke a Heves Megyei V\u00edzm\u0171 Zrt. el\u0151tt tartott sajt\u00f3t\u00e1j\u00e9koztat\u00f3n, p\u00e9nteken. Hangs\u00falyozta, hogy 2013. janu\u00e1r 1-t\u0151l cs\u00f6kkent a f\u00f6ldg\u00e1z, az \u00e1ram \u00e9s a t\u00e1vh\u0151 \u00e1ra, j\u00faliust\u00f3l pedig<i> <\/i>a v\u00edzd\u00edj, a csatornad\u00edj, a szem\u00e9tsz\u00e1ll\u00edt\u00e1s, a PB-g\u00e1z, a szippantott szennyv\u00edz \u00e9s a k\u00e9m\u00e9nysepr\u00e9s d\u00edja is m\u00e9rs\u00e9kl\u0151d\u00f6tt. Az aleln\u00f6k hozz\u00e1tette, hogy november 1-j\u00e9t\u0151l tov\u00e1bbi 11,1%-kal lesz kevesebb a g\u00e1z, az \u00e1ram \u00e9s a t\u00e1vh\u0151 \u00e1ra, \u00edgy a tavaly decemberi \u00e1rakhoz k\u00e9pest \u00f6sszesen mintegy 20%-kal kell kevesebbet fizetni ezek\u00e9rt a szolg\u00e1ltat\u00e1sok\u00e9rt. A sajt\u00f3t\u00e1j\u00e9koztat\u00f3n elhangzott tov\u00e1bb\u00e1, hogy a novemberi rezsics\u00f6kkent\u00e9st fogyaszt\u00f3v\u00e9delmi int\u00e9zked\u00e9sek is k\u00eds\u00e9rik, a szolg\u00e1ltat\u00f3knak vil\u00e1gosan fel kell majd t\u00fcntetni\u00fck a sz\u00e1ml\u00e1n, hogy a fogyaszt\u00f3 november 1-j\u00e9t\u0151l mennyit takar\u00edtott meg, illetve, hogy mennyit kellene fizetnie a rezsics\u00f6kkent\u00e9s n\u00e9lk\u00fcl.\u00a0 Arr\u00f3l is d\u00f6nt\u00e9s sz\u00fcletett, hogy a csatlakoz\u00f3 vezet\u00e9kek \u00e9s a felhaszn\u00e1l\u00f3i berendez\u00e9sek, p\u00e9ld\u00e1ul a g\u00e1zkaz\u00e1nok m\u0171szaki-biztons\u00e1gi fel\u00fclvizsg\u00e1lat\u00e1nak k\u00f6lts\u00e9g\u00e9t a szolg\u00e1ltat\u00f3knak kell \u00e1llniuk. Ezzel tov\u00e1bbi 50-60 ezer forintot takar\u00edthatnak meg a h\u00e1ztart\u00e1sok.<i> <\/i>Az aleln\u00f6k hangs\u00falyozta, hogy a korm\u00e1ny tov\u00e1bb folytatja a rezsics\u00f6kkent\u00e9st \u2013 amely n\u00e9gymilli\u00f3 magyar h\u00e1ztart\u00e1st \u00e9rint \u2013, s t\u00f6rv\u00e9nyt k\u00e9sz\u00edt el\u0151, amelynek \u00e9rtelm\u00e9ben a k\u00f6zm\u0171szolg\u00e1ltat\u00f3kat nonprofit szervezett\u00e9 alak\u00edtan\u00e1 \u00e1t.<\/p>\n<p style=\"text-align: justify;\">Szab\u00f3 R\u00f3bert, a Heves Megyei K\u00f6zgy\u0171l\u00e9s eln\u00f6ke elmondta: 1994 \u00e9s 1998 k\u00f6z\u00f6tt a szocialista korm\u00e1ny a val\u00f3s \u00e9rt\u00e9k t\u00f6red\u00e9k\u00e9\u00e9rt privatiz\u00e1lta a k\u00f6zm\u0171- \u00e9s energiaszolg\u00e1ltat\u00f3kat. S\u0151t, a szocialist\u00e1k ezen t\u00falmen\u0151en 2002 \u00e9s 2010 k\u00f6z\u00f6tt a g\u00e1z \u00e1r\u00e1t 15, a villamosenergia \u00e1r\u00e1t pedig 9 alkalommal emelt\u00e9k. H\u00e1romszoros\u00e1ra n\u0151tt a g\u00e1z, \u00e9s k\u00e9tszeres\u00e9re a villamosenergia \u00e1ra, ez\u00e1ltal is tov\u00e1bb n\u00f6velve a k\u00fclf\u00f6ldi tulajdonba adott c\u00e9gek garant\u00e1lt profitj\u00e1t. Szab\u00f3 R\u00f3bert hangs\u00falyozta: a rezsics\u00f6kkent\u00e9s kapcs\u00e1n a szocialist\u00e1k \u00e1ls\u00e1gos \u00fczenget\u00e9ssel pr\u00f3b\u00e1lnak gy\u0171l\u00f6letet sz\u00edtani egyes t\u00e1rsadalmi csoportok k\u00f6z\u00f6tt, ez Heves megy\u00e9ben is tapasztalhat\u00f3. Szab\u00f3 R\u00f3bert arra k\u00e9rte a Heves megyei embereket, hogy ne hagyj\u00e1k magukat megt\u00e9veszteni a baloldali politikusok \u00e1ltal: a rezsics\u00f6kkent\u00e9s minden magyar csal\u00e1d sz\u00e1m\u00e1ra hossz\u00fa t\u00e1v\u00fa k\u00f6nnyebbs\u00e9get jelent. A rezsics\u00f6kkent\u00e9s kapcs\u00e1n a baloldal \u00fczenget\u00e9se egy\u00e9rtelm\u0171en azt jelenti, hogy \u0151k m\u00e9g mindig az extraprofitjukat f\u00e9lt\u0151, legt\u00f6bbsz\u00f6r k\u00fclf\u00f6ldi tulajdon\u00fa k\u00f6zm\u0171szolg\u00e1ltat\u00f3 c\u00e9gek \u00e9rdekeit k\u00e9pviselik.<\/p>\n","protected":false},"excerpt":{"rendered":"<p>Sajt\u00f3t\u00e1j\u00e9koztat\u00f3t tartottak a rezsics\u00f6kkent\u00e9s kapcs\u00e1n:<br \/>\nA korm\u00e1ny 2010-ben d\u00f6nt\u00f6tt az energia\u00e1rak re\u00e1l\u00e9rt\u00e9ken t\u00f6rt\u00e9n\u0151 befagyaszt\u00e1s\u00e1r\u00f3l, majd az elm\u00falt egy \u00e9vben a g\u00e1z, a villamosenergia \u00e9s a t\u00e1vh\u0151 \u00e1r\u00e1nak el\u0151bb 10, majd tov\u00e1bbi 11,1 sz\u00e1zal\u00e9kos cs\u00f6kkent\u00e9s\u00e9r\u0151l. Ezzel megkezd\u0151d\u00f6tt a magyar csal\u00e1dok terheinek enyh\u00edt\u00e9se \u2013 mondta Ifj. Herman Istv\u00e1n, a Heves Megyei K\u00f6zgy\u0171l\u00e9s aleln\u00f6ke a Heves Megyei V\u00edzm\u0171 Zrt. [&#8230;]<\/p>\n","protected":false},"author":4,"featured_media":0,"comment_status":"open","ping_status":"open","sticky":false,"template":"","format":"standard","meta":{"footnotes":""},"categories":[6,3],"tags":[36,80,1827],"class_list":["post-11303","post","type-post","status-publish","format-standard","hentry","category-belfold","category-politika","tag-eger","tag-fidesz","tag-rezsi"],"_links":{"self":[{"href":"https:\/\/www.agriatv.hu\/index.php?rest_route=\/wp\/v2\/posts\/11303","targetHints":{"allow":["GET"]}}],"collection":[{"href":"https:\/\/www.agriatv.hu\/index.php?rest_route=\/wp\/v2\/posts"}],"about":[{"href":"https:\/\/www.agriatv.hu\/index.php?rest_route=\/wp\/v2\/types\/post"}],"author":[{"embeddable":true,"href":"https:\/\/www.agriatv.hu\/index.php?rest_route=\/wp\/v2\/users\/4"}],"replies":[{"embeddable":true,"href":"https:\/\/www.agriatv.hu\/index.php?rest_route=%2Fwp%2Fv2%2Fcomments&post=11303"}],"version-history":[{"count":3,"href":"https:\/\/www.agriatv.hu\/index.php?rest_route=\/wp\/v2\/posts\/11303\/revisions"}],"predecessor-version":[{"id":11311,"href":"https:\/\/www.agriatv.hu\/index.php?rest_route=\/wp\/v2\/posts\/11303\/revisions\/11311"}],"wp:attachment":[{"href":"https:\/\/www.agriatv.hu\/index.php?rest_route=%2Fwp%2Fv2%2Fmedia&parent=11303"}],"wp:term":[{"taxonomy":"category","embeddable":true,"href":"https:\/\/www.agriatv.hu\/index.php?rest_route=%2Fwp%2Fv2%2Fcategories&post=11303"},{"taxonomy":"post_tag","embeddable":true,"href":"https:\/\/www.agriatv.hu\/index.php?rest_route=%2Fwp%2Fv2%2Ftags&post=11303"}],"curies":[{"name":"wp","href":"https:\/\/api.w.org\/{rel}","templated":true}]}}