{"id":11340,"date":"2013-10-21T20:23:27","date_gmt":"2013-10-21T20:23:27","guid":{"rendered":"http:\/\/www.agriatv.hu\/?p=11340"},"modified":"2013-10-21T20:23:38","modified_gmt":"2013-10-21T20:23:38","slug":"eger-alpolgarmestere-ertjuk-a-trefat","status":"publish","type":"post","link":"https:\/\/www.agriatv.hu\/?p=11340","title":{"rendered":"Eger alpolg\u00e1rmestere: \u00e9rtj\u00fck a tr\u00e9f\u00e1t"},"content":{"rendered":"<p style=\"text-align: justify;\"><a href=\"https:\/\/www.agriatv.hu\/wp-content\/uploads\/2013\/10\/1021szobor_eger_v.jpg\"><img loading=\"lazy\" decoding=\"async\" class=\"alignleft size-medium wp-image-11341\" alt=\"1021szobor_eger_v\" src=\"https:\/\/www.agriatv.hu\/wp-content\/uploads\/2013\/10\/1021szobor_eger_v-300x240.jpg\" width=\"102\" height=\"64\" \/><\/a>Furcsa jelens\u00e9ggel tal\u00e1lt\u00e1k magukat szembe a Dob\u00f3 t\u00e9ren s\u00e9t\u00e1l\u00f3k h\u00e9tf\u0151n reggel: n\u00e9h\u00e1nyan becsomagolt\u00e1k a Dob\u00f3 t\u00e9ri lovasszobor egyik alakj\u00e1t.<\/p>\n<p style=\"text-align: justify;\">Megindultak a tal\u00e1lgat\u00e1sok is. Voltak, akik szerint politikai jelz\u00e9s volt, m\u00e1sok fiatalok cs\u00ednytev\u00e9s\u00e9nek tulajdon\u00edtott\u00e1k az alkot\u00e1st.<\/p>\n<p style=\"text-align: justify;\">Hosszas nyomoz\u00e1s ut\u00e1n kider\u00fclt: f\u0151iskol\u00e1s fiatalok a beadand\u00f3 feladatukhoz k\u00e9sz\u00edtett\u00e9k a m\u0171vet \u00e9jf\u00e9l \u00e9s hajnali 1 \u00f3ra k\u00f6z\u00f6tt. K\u00e9s\u0151bb az \u00f6nkorm\u00e1nyzat szakemberei ellen\u0151rizhett\u00e9k is a webkamera k\u00e9pein.<\/p>\n<p style=\"text-align: justify;\">\u00d6sszek\u00f6t\u0151k\u00f6n keresztel el\u00e9rt\u00fck a csomagol\u00f3 fiatalokat is, akik n\u00e9vtelens\u00e9gben k\u00edv\u00e1ntak maradni. Annyit meg\u00fczentek: f\u00e9lnek a k\u00f6vetkezm\u00e9nyekt\u0151l.<\/p>\n<p style=\"text-align: justify;\">R\u00e1zsi Botond, Eger alpolg\u00e1rmestere elmondta: \u00e9rtik a tr\u00e9f\u00e1t. A szoborban k\u00e1r nem esett, a csomagol\u00f3 anyagot k\u00f6nnyen leszedt\u00e9k a munk\u00e1sok. \u0150k nem k\u00edv\u00e1nnak egy\u00e9b l\u00e9p\u00e9seket tenni.<\/p>\n<p style=\"text-align: justify;\">\u00dagy tudjuk, a f\u0151iskola sem kutakodik az \u00fcgyben, a fiatalok fell\u00e9legezhetnek.<div class=\"wordtube\">\n<div class=\"wordtube single1032\" id=\"WT1_1\" style=\"width:320px; height:240px;\">\n<a href=\"http:\/\/www.macromedia.com\/go\/getflashplayer\">Get the Flash Player<\/a> to see the wordTube Media Player.\n<\/div><\/div>\n\t<script type=\"text\/javascript\" defer=\"defer\">\nvar WT1_1 = {\n\tparams : {\n\t\twmode : \"opaque\",\n\t\tallowscriptaccess : \"always\",\n\t\tallownetworking : \"all\",\n\t\tallowfullscreen : \"true\"},\n\tflashvars : {\n\t\tfile : \"http%3A%2F%2Fwww.agriatv.hu%2Fwp-content%2Fuploads%2F2013%2F10%2F1021szobor_eger.flv\",\n\t\tvolume : \"80\",\n\t\tbufferlength : \"5\",\n\t\tquality : \"false\",\n\t\t'logo.hide' : \"false\",\n\t\timage : \"http%3A%2F%2Fwww.agriatv.hu%2Fwp-content%2Fuploads%2F2013%2F10%2F1021szobor_eger.jpg\",\n\t\ttitle : \"1021szobor_eger.flv\",\n\t\tlinktarget : \"_self\"},\n\tattr : {\n\t\tid : \"WT1\",\n\t\tname : \"WT1\"},\n\tstart : function() {\n\t\tswfobject.embedSWF(\"https:\/\/www.agriatv.hu\/\/player.swf\", \"WT1_1\", \"320\", \"240\", \"9.0.0\", false, this.flashvars, this.params , this.attr );\n\t}\n}\nWT1_1.start();\n\t<\/script>\n<\/p>\n","protected":false},"excerpt":{"rendered":"<p>Furcsa jelens\u00e9ggel tal\u00e1lt\u00e1k magukat szembe a Dob\u00f3 t\u00e9ren s\u00e9t\u00e1l\u00f3k h\u00e9tf\u0151n reggel: n\u00e9h\u00e1nyan becsomagolt\u00e1k a Dob\u00f3 t\u00e9ri lovasszobor egyik alakj\u00e1t.<br \/>\nMegindultak a tal\u00e1lgat\u00e1sok is. Voltak, akik szerint politikai jelz\u00e9s volt, m\u00e1sok fiatalok cs\u00ednytev\u00e9s\u00e9nek tulajdon\u00edtott\u00e1k az alkot\u00e1st.<br \/>\nHosszas nyomoz\u00e1s ut\u00e1n kider\u00fclt: f\u0151iskol\u00e1s fiatalok a beadand\u00f3 feladatukhoz k\u00e9sz\u00edtett\u00e9k a m\u0171vet \u00e9jf\u00e9l \u00e9s hajnali 1 \u00f3ra k\u00f6z\u00f6tt. K\u00e9s\u0151bb az \u00f6nkorm\u00e1nyzat szakemberei [&#8230;]<\/p>\n","protected":false},"author":4,"featured_media":0,"comment_status":"open","ping_status":"open","sticky":false,"template":"","format":"standard","meta":{"footnotes":""},"categories":[8,4],"tags":[1829,36,35,1218],"class_list":["post-11340","post","type-post","status-publish","format-standard","hentry","category-kultura","category-szabadido","tag-csomagolas","tag-eger","tag-foiskola","tag-szobor"],"_links":{"self":[{"href":"https:\/\/www.agriatv.hu\/index.php?rest_route=\/wp\/v2\/posts\/11340","targetHints":{"allow":["GET"]}}],"collection":[{"href":"https:\/\/www.agriatv.hu\/index.php?rest_route=\/wp\/v2\/posts"}],"about":[{"href":"https:\/\/www.agriatv.hu\/index.php?rest_route=\/wp\/v2\/types\/post"}],"author":[{"embeddable":true,"href":"https:\/\/www.agriatv.hu\/index.php?rest_route=\/wp\/v2\/users\/4"}],"replies":[{"embeddable":true,"href":"https:\/\/www.agriatv.hu\/index.php?rest_route=%2Fwp%2Fv2%2Fcomments&post=11340"}],"version-history":[{"count":2,"href":"https:\/\/www.agriatv.hu\/index.php?rest_route=\/wp\/v2\/posts\/11340\/revisions"}],"predecessor-version":[{"id":11343,"href":"https:\/\/www.agriatv.hu\/index.php?rest_route=\/wp\/v2\/posts\/11340\/revisions\/11343"}],"wp:attachment":[{"href":"https:\/\/www.agriatv.hu\/index.php?rest_route=%2Fwp%2Fv2%2Fmedia&parent=11340"}],"wp:term":[{"taxonomy":"category","embeddable":true,"href":"https:\/\/www.agriatv.hu\/index.php?rest_route=%2Fwp%2Fv2%2Fcategories&post=11340"},{"taxonomy":"post_tag","embeddable":true,"href":"https:\/\/www.agriatv.hu\/index.php?rest_route=%2Fwp%2Fv2%2Ftags&post=11340"}],"curies":[{"name":"wp","href":"https:\/\/api.w.org\/{rel}","templated":true}]}}