{"id":11385,"date":"2013-10-28T19:41:25","date_gmt":"2013-10-28T19:41:25","guid":{"rendered":"http:\/\/www.agriatv.hu\/?p=11385"},"modified":"2013-10-28T19:42:36","modified_gmt":"2013-10-28T19:42:36","slug":"tiltott-helyen-szemeteltek","status":"publish","type":"post","link":"https:\/\/www.agriatv.hu\/?p=11385","title":{"rendered":"Tiltott helyen szemeteltek"},"content":{"rendered":"<p style=\"text-align: justify;\"><a href=\"https:\/\/www.agriatv.hu\/wp-content\/uploads\/2013\/10\/1028szemet_poroszlo_v.jpg\"><img loading=\"lazy\" decoding=\"async\" class=\"alignleft size-medium wp-image-11386\" alt=\"1028szemet_poroszlo_v\" src=\"https:\/\/www.agriatv.hu\/wp-content\/uploads\/2013\/10\/1028szemet_poroszlo_v-300x240.jpg\" width=\"137\" height=\"83\" \/><\/a>A K\u00e9szenl\u00e9ti Rend\u0151rs\u00e9g F\u00fczesabony t\u00e9rs\u00e9g\u00e9ben szolg\u00e1latot ell\u00e1t\u00f3 j\u00e1r\u0151rei vas\u00e1rnap 15 \u00f3ra 30 perckor Poroszl\u00f3 k\u00fclter\u00fclet\u00e9n tetten \u00e9rtek t\u00f6bb szem\u00e9lyt, akik egy szem\u00e9lyg\u00e9pkocsihoz kapcsolt ut\u00e1nfut\u00f3r\u00f3l h\u00e1ztart\u00e1si szemetet rakodtak ki.<\/p>\n<p style=\"text-align: justify;\">A f\u00e9rfiak az azt tilt\u00f3 t\u00e1bl\u00e1t\u00f3l kb. 5 m\u00e9terre pakolt\u00e1k ki a legink\u00e1bb s\u00f6r\u00f6s dobozokb\u00f3l \u00e9s m\u0171anyag palackokb\u00f3l \u00e1ll\u00f3 rakom\u00e1nyukat, amelyet k\u00e9s\u0151bb &#8211; a rend\u0151ri int\u00e9zked\u00e9s hat\u00e1s\u00e1ra &#8211; visszapakoltak az ut\u00e1nfut\u00f3ra.<\/p>\n<p style=\"text-align: justify;\">Az eset kapcs\u00e1n szab\u00e1lys\u00e9rt\u00e9si feljelent\u00e9st tettek az egyenruh\u00e1sok &#8211; t\u00e1j\u00e9koztatott Solt\u00e9sz B\u00e1lint, a Heves Megyei Rend\u0151r-f\u0151kapit\u00e1nys\u00e1g sajt\u00f3sz\u00f3viv\u0151je.<div class=\"wordtube\">\n<div class=\"wordtube single1038\" id=\"WT1_1\" style=\"width:320px; height:240px;\">\n<a href=\"http:\/\/www.macromedia.com\/go\/getflashplayer\">Get the Flash Player<\/a> to see the wordTube Media Player.\n<\/div><\/div>\n\t<script type=\"text\/javascript\" defer=\"defer\">\nvar WT1_1 = {\n\tparams : {\n\t\twmode : \"opaque\",\n\t\tallowscriptaccess : \"always\",\n\t\tallownetworking : \"all\",\n\t\tallowfullscreen : \"true\"},\n\tflashvars : {\n\t\tfile : \"http%3A%2F%2Fwww.agriatv.hu%2Fwp-content%2Fuploads%2F2013%2F10%2F1028szemet_poroszlo.flv\",\n\t\tvolume : \"80\",\n\t\tbufferlength : \"5\",\n\t\tquality : \"false\",\n\t\t'logo.hide' : \"false\",\n\t\timage : \"http%3A%2F%2Fwww.agriatv.hu%2Fwp-content%2Fuploads%2F2013%2F10%2F1028szemet_poroszlo.jpg\",\n\t\ttitle : \"1028szemet_poroszlo.flv\",\n\t\tlinktarget : \"_self\"},\n\tattr : {\n\t\tid : \"WT1\",\n\t\tname : \"WT1\"},\n\tstart : function() {\n\t\tswfobject.embedSWF(\"https:\/\/www.agriatv.hu\/\/player.swf\", \"WT1_1\", \"320\", \"240\", \"9.0.0\", false, this.flashvars, this.params , this.attr );\n\t}\n}\nWT1_1.start();\n\t<\/script>\n<\/p>\n","protected":false},"excerpt":{"rendered":"<p>A K\u00e9szenl\u00e9ti Rend\u0151rs\u00e9g F\u00fczesabony t\u00e9rs\u00e9g\u00e9ben szolg\u00e1latot ell\u00e1t\u00f3 j\u00e1r\u0151rei vas\u00e1rnap 15 \u00f3ra 30 perckor Poroszl\u00f3 k\u00fclter\u00fclet\u00e9n tetten \u00e9rtek t\u00f6bb szem\u00e9lyt, akik egy szem\u00e9lyg\u00e9pkocsihoz kapcsolt ut\u00e1nfut\u00f3r\u00f3l h\u00e1ztart\u00e1si szemetet rakodtak ki.<br \/>\nA f\u00e9rfiak az azt tilt\u00f3 t\u00e1bl\u00e1t\u00f3l kb. 5 m\u00e9terre pakolt\u00e1k ki a legink\u00e1bb s\u00f6r\u00f6s dobozokb\u00f3l \u00e9s m\u0171anyag palackokb\u00f3l \u00e1ll\u00f3 rakom\u00e1nyukat, amelyet k\u00e9s\u0151bb &#8211; a rend\u0151ri int\u00e9zked\u00e9s hat\u00e1s\u00e1ra &#8211; [&#8230;]<\/p>\n","protected":false},"author":4,"featured_media":0,"comment_status":"open","ping_status":"open","sticky":false,"template":"","format":"standard","meta":{"footnotes":""},"categories":[5],"tags":[1834,122,1192],"class_list":["post-11385","post","type-post","status-publish","format-standard","hentry","category-kek-hirek","tag-illegalis","tag-rendorseg","tag-szemet"],"_links":{"self":[{"href":"https:\/\/www.agriatv.hu\/index.php?rest_route=\/wp\/v2\/posts\/11385","targetHints":{"allow":["GET"]}}],"collection":[{"href":"https:\/\/www.agriatv.hu\/index.php?rest_route=\/wp\/v2\/posts"}],"about":[{"href":"https:\/\/www.agriatv.hu\/index.php?rest_route=\/wp\/v2\/types\/post"}],"author":[{"embeddable":true,"href":"https:\/\/www.agriatv.hu\/index.php?rest_route=\/wp\/v2\/users\/4"}],"replies":[{"embeddable":true,"href":"https:\/\/www.agriatv.hu\/index.php?rest_route=%2Fwp%2Fv2%2Fcomments&post=11385"}],"version-history":[{"count":3,"href":"https:\/\/www.agriatv.hu\/index.php?rest_route=\/wp\/v2\/posts\/11385\/revisions"}],"predecessor-version":[{"id":11389,"href":"https:\/\/www.agriatv.hu\/index.php?rest_route=\/wp\/v2\/posts\/11385\/revisions\/11389"}],"wp:attachment":[{"href":"https:\/\/www.agriatv.hu\/index.php?rest_route=%2Fwp%2Fv2%2Fmedia&parent=11385"}],"wp:term":[{"taxonomy":"category","embeddable":true,"href":"https:\/\/www.agriatv.hu\/index.php?rest_route=%2Fwp%2Fv2%2Fcategories&post=11385"},{"taxonomy":"post_tag","embeddable":true,"href":"https:\/\/www.agriatv.hu\/index.php?rest_route=%2Fwp%2Fv2%2Ftags&post=11385"}],"curies":[{"name":"wp","href":"https:\/\/api.w.org\/{rel}","templated":true}]}}