{"id":11431,"date":"2013-10-30T08:51:49","date_gmt":"2013-10-30T08:51:49","guid":{"rendered":"http:\/\/www.agriatv.hu\/?p=11431"},"modified":"2013-11-07T19:48:33","modified_gmt":"2013-11-07T19:48:33","slug":"megalakult-a-leader-egyesuletek-szovetsege","status":"publish","type":"post","link":"https:\/\/www.agriatv.hu\/?p=11431","title":{"rendered":"Megalakult a LEADER Egyes\u00fcletek Sz\u00f6vets\u00e9ge"},"content":{"rendered":"<p style=\"text-align: justify;\"><a href=\"https:\/\/www.agriatv.hu\/wp-content\/uploads\/2013\/10\/egervidek.jpg\"><img loading=\"lazy\" decoding=\"async\" class=\"alignleft size-full wp-image-11203\" alt=\"egervidek\" src=\"https:\/\/www.agriatv.hu\/wp-content\/uploads\/2013\/10\/egervidek.jpg\" width=\"178\" height=\"55\" \/><\/a>2013. okt\u00f3ber 29-\u00e9n, 62 LEADER Helyi Akci\u00f3csoport k\u00f6zrem\u0171k\u00f6d\u00e9s\u00e9vel Tat\u00e1rszentgy\u00f6rgy-Sarl\u00f3spuszt\u00e1n l\u00e9trej\u00f6tt a LEADER Egyes\u00fcletek Sz\u00f6vets\u00e9ge orsz\u00e1gos hat\u00e1sk\u00f6r\u0171 civil szervezet melynek c\u00e9lja a LEADER szervezetek szakmai munk\u00e1j\u00e1nak seg\u00edt\u00e9se.<\/p>\n<p style=\"text-align: justify;\">Az orsz\u00e1gos erny\u0151szervezetk\u00e9nt m\u0171k\u00f6d\u0151 egyes\u00fclet v\u00e1llalja fel a hazai LEADER m\u00f3dszer elveinek megfelel\u0151 vid\u00e9kfejleszt\u00e9si program szakmai k\u00e9pviselet\u00e9t, a Helyi Akci\u00f3csoportokn\u00e1l felhalmoz\u00f3dott tud\u00e1s- \u00e9s tapasztalat \u00f6sszegy\u0171jt\u00e9s\u00e9t \u00e9s megoszt\u00e1s\u00e1t, valamint az Eur\u00f3pai Mez\u0151gazdas\u00e1gi \u00e9s Vid\u00e9kfejleszt\u00e9si Alap t\u00e1rsfinansz\u00edroz\u00e1s\u00e1ban megval\u00f3s\u00edtand\u00f3 program n\u00e9pszer\u0171s\u00edt\u00e9s\u00e9t. A szervezet tov\u00e1bbi c\u00e9ljai k\u00f6z\u00f6tt szerepel az egy\u00fcttm\u0171k\u00f6d\u00e9s a vid\u00e9kfejleszt\u00e9ssel foglalkoz\u00f3 \u00e1llami \u00e9s \u00f6nkorm\u00e1nyzati szervekkel a ter\u00fcletfejleszt\u00e9si \u00e9s ter\u00fcletrendez\u00e9si feladatok ell\u00e1t\u00e1s\u00e1ban, valamint a nemzetk\u00f6zi kapcsolatok er\u0151s\u00edt\u00e9se a vid\u00e9kfejleszt\u00e9s ter\u00fclet\u00e9n.<\/p>\n<p style=\"text-align: justify;\">Az alakul\u00f3 \u00fcl\u00e9sen r\u00e9szt vett dr. Ma\u00e1cz Mikl\u00f3s, a Vid\u00e9kfejleszt\u00e9si Miniszt\u00e9rium f\u0151oszt\u00e1lyvezet\u0151je, \u00e9s Tar Gyula megb\u00edzott igazgat\u00f3, oszt\u00e1lyvezet\u0151, a Nemzeti Agr\u00e1rszaktan\u00e1csad\u00e1si K\u00e9pz\u00e9si \u00e9s Vid\u00e9kfejleszt\u00e9si Int\u00e9zet k\u00e9pviselet\u00e9ben.<\/p>\n<p style=\"text-align: justify;\">Az orsz\u00e1gos szervezet megalakul\u00e1s\u00e1ban a Magyarorsz\u00e1gon m\u0171k\u00f6d\u0151 LEADER Helyi Akci\u00f3csoportok k\u00f6zel fele, 46 alap\u00edt\u00f3 tagszervezet vett r\u00e9szt.\u00a0 Mind a h\u00e9t magyarorsz\u00e1gi r\u00e9gi\u00f3 k\u00e9pviselteti mag\u00e1t a megalakult egyes\u00fcletben, \u00e9s a szervezethez val\u00f3 csatlakoz\u00e1s lehet\u0151s\u00e9ge tov\u00e1bbra is nyitva \u00e1ll a Helyi Vid\u00e9kfejleszt\u00e9si Akci\u00f3csoportok el\u0151tt.<\/p>\n<p style=\"text-align: justify;\">Az alakul\u00f3 k\u00f6zgy\u0171l\u00e9sen a tags\u00e1g a LEADER Szervezetek Sz\u00f6vets\u00e9g\u00e9nek eln\u00f6k\u00e9v\u00e9 v\u00e1lasztotta dr. Finta Istv\u00e1nt, a Mecsek \u2013 V\u00f6lgys\u00e9g \u2013 Hegyh\u00e1t Egyes\u00fclet eln\u00f6k\u00e9t. A szervezet aleln\u00f6ke R\u00e1cz Judit a Fels\u0151-Homokh\u00e1ts\u00e1g Vid\u00e9kfejleszt\u00e9si Egyes\u00fclet munkaszervezet vezet\u0151je, \u00e9s Gelencs\u00e9r G\u00e9za, Kopp\u00e1nyv\u00f6lgyi Vid\u00e9kfejleszt\u00e9si K\u00f6zhaszn\u00fa Egyes\u00fclet eln\u00f6ke.\u00a0 A k\u00f6zgy\u0171l\u00e9s \u00e1ltal v\u00e1lasztott\u00a0 Eln\u00f6ks\u00e9g tagjai: \u00a0Hutv\u00e1gnern\u00e9 Kasper Judit munkaszervezet vezet\u0151, \u201eA BAKONY\u00c9RT\u201d Vid\u00e9kfejleszt\u00e9si Akci\u00f3csoport Egyes\u00fclet, Kod\u00e1k J\u00f3zsef munkaszervezet vezet\u0151, Cserh\u00e1talja Vid\u00e9kfejleszt\u00e9si Egyes\u00fclet, Szab\u00f3 Tibor munkaszervezet vezet\u0151, Zala Term\u00e1lv\u00f6lgye Egyes\u00fclet, Szendr\u0151i J\u00falia munkaszervezet vezet\u0151, V\u00f6lgy-Vid\u00e9k Vid\u00e9kfejleszt\u00e9si K\u00f6z\u00f6ss\u00e9g K\u00f6zhaszn\u00fa Egyes\u00fclet, Dr. Szem\u00e1n \u00c1kos munkaszervezet vezet\u0151, \u00a0D\u00e9l-Zempl\u00e9n Fejl\u0151d\u00e9s\u00e9\u00e9rt LEADER Egyes\u00fclet, V\u00f6lgyi Tam\u00e1s titk\u00e1r, Szinergia Egyes\u00fclet.<\/p>\n<p style=\"text-align: justify;\">A Fel\u00fcgyel\u0151 Bizotts\u00e1g eln\u00f6ke B\u00edr\u00f3n\u00e9 Nagy Csilla munkaszervezet vezet\u0151, Hortob\u00e1gyi LEADER Egyes\u00fclet, a bizotts\u00e1g tagjai: Dr. V\u00e9n Gabriella munkaszervezet vezet\u0151, Homokh\u00e1ts\u00e1g Fejl\u0151d\u00e9s\u00e9\u00e9rt Vid\u00e9kfejleszt\u00e9si Egyes\u00fclet, \u00e9s Szab\u00f3 Istv\u00e1n eln\u00f6k, Tisza-T\u00f3 T\u00e9rs\u00e9ge LEADER Egyes\u00fclet.<\/p>\n<p style=\"text-align: justify;\">A LEADER Egyes\u00fcletek Sz\u00f6vets\u00e9ge, (r\u00f6vid nev\u00e9n LESZ), er\u0151s\u00edtve a LEADER Helyi Akci\u00f3csoportok pozit\u00edv meg\u00edt\u00e9l\u00e9s\u00e9nek t\u00e1mogat\u00e1s\u00e1t Etikai Bizotts\u00e1got hozott l\u00e9tre, melynek eln\u00f6ke Dr. Orcsik Istv\u00e1n, a Hortob\u00e1gyi LEADER Egyes\u00fclet eln\u00f6ke, a test\u00fclet tagjai: P\u00e1l Zolt\u00e1n eln\u00f6k, Zala Z\u00f6ld Sz\u00edve Vid\u00e9kfejleszt\u00e9si Egyes\u00fclet, Hargitai Katalin f\u0151titk\u00e1r, Zagyvas\u00e1g Vid\u00e9kfejleszt\u00e9si K\u00f6zhaszn\u00fa Egyes\u00fclet, Horv\u00e1th M\u00e1rton munkaszervezet vezet\u0151, Mecsekvid\u00e9k Egyes\u00fclet, Vida Tam\u00e1s eln\u00f6k, Nagykuns\u00e1g\u00e9rt Vid\u00e9kfejleszt\u00e9si Egyes\u00fclet.<\/p>\n<p style=\"text-align: justify;\">A helyi fejleszt\u00e9spolitikai feladatok ell\u00e1t\u00e1s\u00e1ra Magyarorsz\u00e1gon 95 LEADER Helyi Akci\u00f3csoport m\u0171k\u00f6dik. A LEADER szervezetek \u00f6sszefog\u00e1s\u00e1ra l\u00e9trej\u00f6tt LEADER Egyes\u00fclet Sz\u00f6vets\u00e9ge fontos c\u00e9lkit\u0171z\u00e9se a vid\u00e9ki ter\u00fcletek egys\u00e9ges fejleszt\u00e9s\u00e9nek el\u0151mozd\u00edt\u00e1sa, valamint a vid\u00e9k-v\u00e1ros partners\u00e9g er\u0151s\u00edt\u00e9se, k\u00fcl\u00f6n\u00f6sen a 2014-2020 k\u00f6z\u00f6tti id\u0151szakban.<\/p>\n<p>A LEADER Egyes\u00fcletek Sz\u00f6vets\u00e9ge alakul\u00f3 k\u00f6zgy\u0171l\u00e9s\u00e9n k\u00e9sz\u00fclt videofilm linkje:<\/p>\n<p style=\"text-align: justify;\"><a href=\"http:\/\/www.youtube.com\/watch?v=eMBW5RGb4pg&amp;feature=c4-overview&amp;list=UUHhtGVcXE6YGfSNr7chOs4w\" target=\"_blank\">http:\/\/www.youtube.com\/watch?v=eMBW5RGb4pg&amp;feature=c4-overview&amp;list=UUHhtGVcXE6YGfSNr7chOs4w<\/a><\/p>\n","protected":false},"excerpt":{"rendered":"<p>2013. okt\u00f3ber 29-\u00e9n, 62 LEADER Helyi Akci\u00f3csoport k\u00f6zrem\u0171k\u00f6d\u00e9s\u00e9vel Tat\u00e1rszentgy\u00f6rgy-Sarl\u00f3spuszt\u00e1n l\u00e9trej\u00f6tt a LEADER Egyes\u00fcletek Sz\u00f6vets\u00e9ge orsz\u00e1gos hat\u00e1sk\u00f6r\u0171 civil szervezet melynek c\u00e9lja a LEADER szervezetek szakmai munk\u00e1j\u00e1nak seg\u00edt\u00e9se.<br \/>\nAz orsz\u00e1gos erny\u0151szervezetk\u00e9nt m\u0171k\u00f6d\u0151 egyes\u00fclet v\u00e1llalja fel a hazai LEADER m\u00f3dszer elveinek megfelel\u0151 vid\u00e9kfejleszt\u00e9si program szakmai k\u00e9pviselet\u00e9t, a Helyi Akci\u00f3csoportokn\u00e1l felhalmoz\u00f3dott tud\u00e1s- \u00e9s tapasztalat \u00f6sszegy\u0171jt\u00e9s\u00e9t \u00e9s megoszt\u00e1s\u00e1t, valamint az Eur\u00f3pai [&#8230;]<\/p>\n","protected":false},"author":4,"featured_media":0,"comment_status":"open","ping_status":"open","sticky":false,"template":"","format":"standard","meta":{"footnotes":""},"categories":[1],"tags":[],"class_list":["post-11431","post","type-post","status-publish","format-standard","hentry","category-nincs-kategorizalva"],"_links":{"self":[{"href":"https:\/\/www.agriatv.hu\/index.php?rest_route=\/wp\/v2\/posts\/11431","targetHints":{"allow":["GET"]}}],"collection":[{"href":"https:\/\/www.agriatv.hu\/index.php?rest_route=\/wp\/v2\/posts"}],"about":[{"href":"https:\/\/www.agriatv.hu\/index.php?rest_route=\/wp\/v2\/types\/post"}],"author":[{"embeddable":true,"href":"https:\/\/www.agriatv.hu\/index.php?rest_route=\/wp\/v2\/users\/4"}],"replies":[{"embeddable":true,"href":"https:\/\/www.agriatv.hu\/index.php?rest_route=%2Fwp%2Fv2%2Fcomments&post=11431"}],"version-history":[{"count":2,"href":"https:\/\/www.agriatv.hu\/index.php?rest_route=\/wp\/v2\/posts\/11431\/revisions"}],"predecessor-version":[{"id":11459,"href":"https:\/\/www.agriatv.hu\/index.php?rest_route=\/wp\/v2\/posts\/11431\/revisions\/11459"}],"wp:attachment":[{"href":"https:\/\/www.agriatv.hu\/index.php?rest_route=%2Fwp%2Fv2%2Fmedia&parent=11431"}],"wp:term":[{"taxonomy":"category","embeddable":true,"href":"https:\/\/www.agriatv.hu\/index.php?rest_route=%2Fwp%2Fv2%2Fcategories&post=11431"},{"taxonomy":"post_tag","embeddable":true,"href":"https:\/\/www.agriatv.hu\/index.php?rest_route=%2Fwp%2Fv2%2Ftags&post=11431"}],"curies":[{"name":"wp","href":"https:\/\/api.w.org\/{rel}","templated":true}]}}