{"id":11466,"date":"2013-11-08T19:24:20","date_gmt":"2013-11-08T19:24:20","guid":{"rendered":"http:\/\/www.agriatv.hu\/?p=11466"},"modified":"2013-11-08T19:27:29","modified_gmt":"2013-11-08T19:27:29","slug":"leszakadt-egy-konyha-mennyezete","status":"publish","type":"post","link":"https:\/\/www.agriatv.hu\/?p=11466","title":{"rendered":"Leszakadt egy konyha mennyezete"},"content":{"rendered":"<p style=\"text-align: justify;\"><b><a href=\"https:\/\/www.agriatv.hu\/wp-content\/uploads\/2013\/11\/1108Hatvan_plafon_v.jpg\"><img loading=\"lazy\" decoding=\"async\" class=\"alignleft size-medium wp-image-11467\" alt=\"1108Hatvan_plafon_v\" src=\"https:\/\/www.agriatv.hu\/wp-content\/uploads\/2013\/11\/1108Hatvan_plafon_v-300x240.jpg\" width=\"142\" height=\"88\" \/><\/a>Cs\u00fct\u00f6rt\u00f6k\u00f6n este Hatvanban egy csal\u00e1di h\u00e1z konyh\u00e1j\u00e1nak a mennyezete hat n\u00e9gyzetm\u00e9teres ter\u00fcleten leszakadt, a t\u00f6rmel\u00e9k pedig a helyis\u00e9get beter\u00edtette.<\/b><\/p>\n<p style=\"text-align: justify;\">A hatvani t\u0171zolt\u00f3k \u00e9s katasztr\u00f3fav\u00e9delmi m\u0171veleti szolg\u00e1lat vonult a helysz\u00ednre. Az egys\u00e9g a h\u00e1zat \u00e1ramtalan\u00edtotta \u00e9s a g\u00e1zt is elz\u00e1rta. A m\u0171veleti szolg\u00e1lat helysz\u00edni szeml\u00e9t folytatott le, mely sor\u00e1n meg\u00e1llap\u00edtott\u00e1k, hogy az \u00e9p\u00fclet a statikus vizsg\u00e1latig nem lakhat\u00f3. Az eset sor\u00e1n nem s\u00e9r\u00fclt meg senki, viszont h\u00e1rom f\u0151 elhelyez\u00e9se v\u00e1lt sz\u00fcks\u00e9gess\u00e9, amelyet rokonokn\u00e1l oldottak meg.<\/p>\n<p style=\"text-align: justify;\">A lak\u00f3k elmondt\u00e1k: otthon voltak amikor az eset t\u00f6rt\u00e9nt, a hatalmas d\u00f6rg\u00e9sre figyeltek fel. Szerencs\u00e9re a konyh\u00e1ban \u00e9pp akkor nem tart\u00f3zkodott senki. A konyh\u00e1t \u00e1lmennyezet bor\u00edtotta, \u00edgy semmi sem utalt a k\u00f6zelg\u0151 bajra. <div class=\"wordtube\">\n<div class=\"wordtube single1047\" id=\"WT1_1\" style=\"width:320px; height:240px;\">\n<a href=\"http:\/\/www.macromedia.com\/go\/getflashplayer\">Get the Flash Player<\/a> to see the wordTube Media Player.\n<\/div><\/div>\n\t<script type=\"text\/javascript\" defer=\"defer\">\nvar WT1_1 = {\n\tparams : {\n\t\twmode : \"opaque\",\n\t\tallowscriptaccess : \"always\",\n\t\tallownetworking : \"all\",\n\t\tallowfullscreen : \"true\"},\n\tflashvars : {\n\t\tfile : \"http%3A%2F%2Fwww.agriatv.hu%2Fwp-content%2Fuploads%2F2013%2F11%2F1108Hatvan_plafon.flv\",\n\t\tvolume : \"80\",\n\t\tbufferlength : \"5\",\n\t\tquality : \"false\",\n\t\t'logo.hide' : \"false\",\n\t\timage : \"http%3A%2F%2Fwww.agriatv.hu%2Fwp-content%2Fuploads%2F2013%2F11%2F1108Hatvan_plafon.jpg\",\n\t\ttitle : \"1108Hatvan_plafon.flv\",\n\t\tlinktarget : \"_self\"},\n\tattr : {\n\t\tid : \"WT1\",\n\t\tname : \"WT1\"},\n\tstart : function() {\n\t\tswfobject.embedSWF(\"https:\/\/www.agriatv.hu\/\/player.swf\", \"WT1_1\", \"320\", \"240\", \"9.0.0\", false, this.flashvars, this.params , this.attr );\n\t}\n}\nWT1_1.start();\n\t<\/script>\n<\/p>\n","protected":false},"excerpt":{"rendered":"<p>Cs\u00fct\u00f6rt\u00f6k\u00f6n este Hatvanban egy csal\u00e1di h\u00e1z konyh\u00e1j\u00e1nak a mennyezete hat n\u00e9gyzetm\u00e9teres ter\u00fcleten leszakadt, a t\u00f6rmel\u00e9k pedig a helyis\u00e9get beter\u00edtette.<br \/>\nA hatvani t\u0171zolt\u00f3k \u00e9s katasztr\u00f3fav\u00e9delmi m\u0171veleti szolg\u00e1lat vonult a helysz\u00ednre. Az egys\u00e9g a h\u00e1zat \u00e1ramtalan\u00edtotta \u00e9s a g\u00e1zt is elz\u00e1rta. A m\u0171veleti szolg\u00e1lat helysz\u00edni szeml\u00e9t folytatott le, mely sor\u00e1n meg\u00e1llap\u00edtott\u00e1k, hogy az \u00e9p\u00fclet a statikus vizsg\u00e1latig nem [&#8230;]<\/p>\n","protected":false},"author":4,"featured_media":0,"comment_status":"open","ping_status":"open","sticky":false,"template":"","format":"standard","meta":{"footnotes":""},"categories":[5],"tags":[1849,1847,1274,1848,321],"class_list":["post-11466","post","type-post","status-publish","format-standard","hentry","category-kek-hirek","tag-gerenda","tag-katasztrovavedelem","tag-konyha","tag-tormelek","tag-veszely"],"_links":{"self":[{"href":"https:\/\/www.agriatv.hu\/index.php?rest_route=\/wp\/v2\/posts\/11466","targetHints":{"allow":["GET"]}}],"collection":[{"href":"https:\/\/www.agriatv.hu\/index.php?rest_route=\/wp\/v2\/posts"}],"about":[{"href":"https:\/\/www.agriatv.hu\/index.php?rest_route=\/wp\/v2\/types\/post"}],"author":[{"embeddable":true,"href":"https:\/\/www.agriatv.hu\/index.php?rest_route=\/wp\/v2\/users\/4"}],"replies":[{"embeddable":true,"href":"https:\/\/www.agriatv.hu\/index.php?rest_route=%2Fwp%2Fv2%2Fcomments&post=11466"}],"version-history":[{"count":5,"href":"https:\/\/www.agriatv.hu\/index.php?rest_route=\/wp\/v2\/posts\/11466\/revisions"}],"predecessor-version":[{"id":11472,"href":"https:\/\/www.agriatv.hu\/index.php?rest_route=\/wp\/v2\/posts\/11466\/revisions\/11472"}],"wp:attachment":[{"href":"https:\/\/www.agriatv.hu\/index.php?rest_route=%2Fwp%2Fv2%2Fmedia&parent=11466"}],"wp:term":[{"taxonomy":"category","embeddable":true,"href":"https:\/\/www.agriatv.hu\/index.php?rest_route=%2Fwp%2Fv2%2Fcategories&post=11466"},{"taxonomy":"post_tag","embeddable":true,"href":"https:\/\/www.agriatv.hu\/index.php?rest_route=%2Fwp%2Fv2%2Ftags&post=11466"}],"curies":[{"name":"wp","href":"https:\/\/api.w.org\/{rel}","templated":true}]}}