{"id":11473,"date":"2013-11-09T20:17:49","date_gmt":"2013-11-09T20:17:49","guid":{"rendered":"http:\/\/www.agriatv.hu\/?p=11473"},"modified":"2013-11-09T20:23:09","modified_gmt":"2013-11-09T20:23:09","slug":"ket-auto-utkozott-ossze","status":"publish","type":"post","link":"https:\/\/www.agriatv.hu\/?p=11473","title":{"rendered":"K\u00e9t aut\u00f3 \u00fctk\u00f6z\u00f6tt \u00f6ssze"},"content":{"rendered":"<p style=\"text-align: justify;\"><strong><a href=\"https:\/\/www.agriatv.hu\/wp-content\/uploads\/2013\/11\/1110baleset_andornaktalya.Still0011.jpg\"><img loading=\"lazy\" decoding=\"async\" class=\"alignleft size-medium wp-image-11478\" alt=\"1110baleset_andornaktalya.Still001\" src=\"https:\/\/www.agriatv.hu\/wp-content\/uploads\/2013\/11\/1110baleset_andornaktalya.Still0011-300x240.jpg\" width=\"181\" height=\"110\" \/><\/a>Szem\u00e9lyi s\u00e9r\u00fcl\u00e9ssel j\u00e1r\u00f3 k\u00f6zleked\u00e9si baleset t\u00f6rt\u00e9nt Andornakt\u00e1lya \u00e9s Nagyt\u00e1lya k\u00f6z\u00f6tt szombaton k\u00e9s\u0151 d\u00e9lut\u00e1n.<\/strong><\/p>\n<p style=\"text-align: justify;\">Andornakt\u00e1lya \u00e9s Nagyt\u00e1lya k\u00f6z\u00f6tt k\u00e9t szem\u00e9lyg\u00e9pkocsi \u00fctk\u00f6z\u00f6tt \u00f6ssze szombaton este hat \u00f3ra k\u00f6r\u00fcl. A helysz\u00edni szemle teljes \u00fatz\u00e1r mellett folyik, ker\u00fclni Mez\u0151k\u00f6vesd fel\u00e9 lehet.<\/p>\n<p style=\"text-align: justify;\">V\u00e1mos Bogl\u00e1rka, megyei rend\u0151rs\u00e9gi sajt\u00f3referens elmondta: Andornakt\u00e1lya fel\u0151l \u00e9rkezett az a szem\u00e9lyaut\u00f3, amelyik,eddig m\u00e9g nem tiszt\u00e1zott okokb\u00f3l, \u00e1tt\u00e9rt a\u00a0m\u00e1sik s\u00e1vba \u00e9s \u00f6ssze\u00fctk\u00f6z\u00f6tt a szembej\u00f6v\u0151 aut\u00f3val.<\/p>\n<p style=\"text-align: justify;\">Egy s\u00e9r\u00fcltet vittek k\u00f3rh\u00e1zba a ment\u0151szolg\u00e1lat munkat\u00e1rsai.<\/p>\n<p style=\"text-align: justify;\">A helysz\u00ednel\u00e9s idej\u00e9re lez\u00e1rt\u00e1k az utat.<div class=\"wordtube\">\n<div class=\"wordtube single1049\" id=\"WT1_1\" style=\"width:320px; height:240px;\">\n<a href=\"http:\/\/www.macromedia.com\/go\/getflashplayer\">Get the Flash Player<\/a> to see the wordTube Media Player.\n<\/div><\/div>\n\t<script type=\"text\/javascript\" defer=\"defer\">\nvar WT1_1 = {\n\tparams : {\n\t\twmode : \"opaque\",\n\t\tallowscriptaccess : \"always\",\n\t\tallownetworking : \"all\",\n\t\tallowfullscreen : \"true\"},\n\tflashvars : {\n\t\tfile : \"http%3A%2F%2Fwww.agriatv.hu%2Fwp-content%2Fuploads%2F2013%2F11%2F1110baleset_andornaktalya.flv\",\n\t\tvolume : \"80\",\n\t\tbufferlength : \"5\",\n\t\tquality : \"false\",\n\t\t'logo.hide' : \"false\",\n\t\timage : \"http%3A%2F%2Fwww.agriatv.hu%2Fwp-content%2Fuploads%2F2013%2F11%2F1110baleset_andornaktalya.Still006.jpg\",\n\t\ttitle : \"1110baleset_andornaktalya.flv\",\n\t\tlinktarget : \"_self\"},\n\tattr : {\n\t\tid : \"WT1\",\n\t\tname : \"WT1\"},\n\tstart : function() {\n\t\tswfobject.embedSWF(\"https:\/\/www.agriatv.hu\/\/player.swf\", \"WT1_1\", \"320\", \"240\", \"9.0.0\", false, this.flashvars, this.params , this.attr );\n\t}\n}\nWT1_1.start();\n\t<\/script>\n<\/p>\n","protected":false},"excerpt":{"rendered":"<p>Szem\u00e9lyi s\u00e9r\u00fcl\u00e9ssel j\u00e1r\u00f3 k\u00f6zleked\u00e9si baleset t\u00f6rt\u00e9nt Andornakt\u00e1lya \u00e9s Nagyt\u00e1lya k\u00f6z\u00f6tt szombaton k\u00e9s\u0151 d\u00e9lut\u00e1n.<br \/>\nAndornakt\u00e1lya \u00e9s Nagyt\u00e1lya k\u00f6z\u00f6tt k\u00e9t szem\u00e9lyg\u00e9pkocsi \u00fctk\u00f6z\u00f6tt \u00f6ssze szombaton este hat \u00f3ra k\u00f6r\u00fcl. A helysz\u00edni szemle teljes \u00fatz\u00e1r mellett folyik, ker\u00fclni Mez\u0151k\u00f6vesd fel\u00e9 lehet.<br \/>\nV\u00e1mos Bogl\u00e1rka, megyei rend\u0151rs\u00e9gi sajt\u00f3referens elmondta: Andornakt\u00e1lya fel\u0151l \u00e9rkezett az a szem\u00e9lyaut\u00f3, amelyik,eddig m\u00e9g nem tiszt\u00e1zott okokb\u00f3l, \u00e1tt\u00e9rt a\u00a0m\u00e1sik s\u00e1vba [&#8230;]<\/p>\n","protected":false},"author":4,"featured_media":0,"comment_status":"open","ping_status":"open","sticky":false,"template":"","format":"standard","meta":{"footnotes":""},"categories":[5],"tags":[947,1085,41,473,122,458],"class_list":["post-11473","post","type-post","status-publish","format-standard","hentry","category-kek-hirek","tag-andornaktalya","tag-auto","tag-baleset","tag-nagytalya","tag-rendorseg","tag-serult"],"_links":{"self":[{"href":"https:\/\/www.agriatv.hu\/index.php?rest_route=\/wp\/v2\/posts\/11473","targetHints":{"allow":["GET"]}}],"collection":[{"href":"https:\/\/www.agriatv.hu\/index.php?rest_route=\/wp\/v2\/posts"}],"about":[{"href":"https:\/\/www.agriatv.hu\/index.php?rest_route=\/wp\/v2\/types\/post"}],"author":[{"embeddable":true,"href":"https:\/\/www.agriatv.hu\/index.php?rest_route=\/wp\/v2\/users\/4"}],"replies":[{"embeddable":true,"href":"https:\/\/www.agriatv.hu\/index.php?rest_route=%2Fwp%2Fv2%2Fcomments&post=11473"}],"version-history":[{"count":3,"href":"https:\/\/www.agriatv.hu\/index.php?rest_route=\/wp\/v2\/posts\/11473\/revisions"}],"predecessor-version":[{"id":11479,"href":"https:\/\/www.agriatv.hu\/index.php?rest_route=\/wp\/v2\/posts\/11473\/revisions\/11479"}],"wp:attachment":[{"href":"https:\/\/www.agriatv.hu\/index.php?rest_route=%2Fwp%2Fv2%2Fmedia&parent=11473"}],"wp:term":[{"taxonomy":"category","embeddable":true,"href":"https:\/\/www.agriatv.hu\/index.php?rest_route=%2Fwp%2Fv2%2Fcategories&post=11473"},{"taxonomy":"post_tag","embeddable":true,"href":"https:\/\/www.agriatv.hu\/index.php?rest_route=%2Fwp%2Fv2%2Ftags&post=11473"}],"curies":[{"name":"wp","href":"https:\/\/api.w.org\/{rel}","templated":true}]}}