{"id":11501,"date":"2013-11-14T17:41:57","date_gmt":"2013-11-14T17:41:57","guid":{"rendered":"http:\/\/www.agriatv.hu\/?p=11501"},"modified":"2013-11-14T17:41:57","modified_gmt":"2013-11-14T17:41:57","slug":"baleset-az-m3-as-autopalyan","status":"publish","type":"post","link":"https:\/\/www.agriatv.hu\/?p=11501","title":{"rendered":"Baleset az M3-as aut\u00f3p\u00e1ly\u00e1n"},"content":{"rendered":"<p style=\"text-align: justify;\"><b><a href=\"https:\/\/www.agriatv.hu\/wp-content\/uploads\/2013\/11\/katasztrofavedelem.jpg\"><img loading=\"lazy\" decoding=\"async\" class=\"alignleft size-medium wp-image-11502\" alt=\"katasztrofavedelem\" src=\"https:\/\/www.agriatv.hu\/wp-content\/uploads\/2013\/11\/katasztrofavedelem-300x197.jpg\" width=\"139\" height=\"91\" srcset=\"https:\/\/www.agriatv.hu\/wp-content\/uploads\/2013\/11\/katasztrofavedelem-300x197.jpg 300w, https:\/\/www.agriatv.hu\/wp-content\/uploads\/2013\/11\/katasztrofavedelem.jpg 414w\" sizes=\"auto, (max-width: 139px) 100vw, 139px\" \/><\/a>Cs\u00fct\u00f6rt\u00f6k d\u00e9lut\u00e1n az M3-as aut\u00f3p\u00e1lya 62-es kilom\u00e9terszelv\u00e9ny\u00e9n\u00e9l, Ny\u00edregyh\u00e1za ir\u00e1ny\u00e1ban, egy szem\u00e9lyg\u00e9pkocsi az aut\u00f3p\u00e1ly\u00e1r\u00f3l lesodr\u00f3dott \u00e9s a tarl\u00f3n \u00e1llt meg.<\/b><\/p>\n<p style=\"text-align: justify;\">A hatvani t\u0171zolt\u00f3kat riasztott\u00e1k a baleset helysz\u00ednre, akik a j\u00e1rm\u0171vet \u00e1ramtalan\u00edtott\u00e1k. A t\u0171zolt\u00f3k ki\u00e9rkez\u00e9se el\u0151tt a ment\u0151k egy s\u00e9r\u00fcltet kimentettek az aut\u00f3b\u00f3l. A s\u00e9r\u00fclt\u00e9rt ment\u0151helikopter \u00e9rkezett a helysz\u00ednre.<\/p>\n","protected":false},"excerpt":{"rendered":"<p>Cs\u00fct\u00f6rt\u00f6k d\u00e9lut\u00e1n az M3-as aut\u00f3p\u00e1lya 62-es kilom\u00e9terszelv\u00e9ny\u00e9n\u00e9l, Ny\u00edregyh\u00e1za ir\u00e1ny\u00e1ban, egy szem\u00e9lyg\u00e9pkocsi az aut\u00f3p\u00e1ly\u00e1r\u00f3l lesodr\u00f3dott \u00e9s a tarl\u00f3n \u00e1llt meg.<br \/>\nA hatvani t\u0171zolt\u00f3kat riasztott\u00e1k a baleset helysz\u00ednre, akik a j\u00e1rm\u0171vet \u00e1ramtalan\u00edtott\u00e1k. A t\u0171zolt\u00f3k ki\u00e9rkez\u00e9se el\u0151tt a ment\u0151k egy s\u00e9r\u00fcltet kimentettek az aut\u00f3b\u00f3l. A s\u00e9r\u00fclt\u00e9rt ment\u0151helikopter \u00e9rkezett a helysz\u00ednre.<\/p>\n","protected":false},"author":4,"featured_media":0,"comment_status":"closed","ping_status":"closed","sticky":false,"template":"","format":"standard","meta":{"footnotes":""},"categories":[5],"tags":[979,41,236],"class_list":["post-11501","post","type-post","status-publish","format-standard","hentry","category-kek-hirek","tag-autopalya","tag-baleset","tag-hatvan"],"_links":{"self":[{"href":"https:\/\/www.agriatv.hu\/index.php?rest_route=\/wp\/v2\/posts\/11501","targetHints":{"allow":["GET"]}}],"collection":[{"href":"https:\/\/www.agriatv.hu\/index.php?rest_route=\/wp\/v2\/posts"}],"about":[{"href":"https:\/\/www.agriatv.hu\/index.php?rest_route=\/wp\/v2\/types\/post"}],"author":[{"embeddable":true,"href":"https:\/\/www.agriatv.hu\/index.php?rest_route=\/wp\/v2\/users\/4"}],"replies":[{"embeddable":true,"href":"https:\/\/www.agriatv.hu\/index.php?rest_route=%2Fwp%2Fv2%2Fcomments&post=11501"}],"version-history":[{"count":1,"href":"https:\/\/www.agriatv.hu\/index.php?rest_route=\/wp\/v2\/posts\/11501\/revisions"}],"predecessor-version":[{"id":11503,"href":"https:\/\/www.agriatv.hu\/index.php?rest_route=\/wp\/v2\/posts\/11501\/revisions\/11503"}],"wp:attachment":[{"href":"https:\/\/www.agriatv.hu\/index.php?rest_route=%2Fwp%2Fv2%2Fmedia&parent=11501"}],"wp:term":[{"taxonomy":"category","embeddable":true,"href":"https:\/\/www.agriatv.hu\/index.php?rest_route=%2Fwp%2Fv2%2Fcategories&post=11501"},{"taxonomy":"post_tag","embeddable":true,"href":"https:\/\/www.agriatv.hu\/index.php?rest_route=%2Fwp%2Fv2%2Ftags&post=11501"}],"curies":[{"name":"wp","href":"https:\/\/api.w.org\/{rel}","templated":true}]}}