{"id":11514,"date":"2013-11-18T19:58:59","date_gmt":"2013-11-18T19:58:59","guid":{"rendered":"http:\/\/www.agriatv.hu\/?p=11514"},"modified":"2013-11-18T20:00:51","modified_gmt":"2013-11-18T20:00:51","slug":"bantja-a-szemet-a-szemet","status":"publish","type":"post","link":"https:\/\/www.agriatv.hu\/?p=11514","title":{"rendered":"B\u00e1ntja a szem\u00e9t a szem\u00e9t: \u00f3ri\u00e1skupac a gyurgyalagok k\u00f6lt\u0151hely\u00e9n"},"content":{"rendered":"<p style=\"text-align: justify;\"><a href=\"https:\/\/www.agriatv.hu\/wp-content\/uploads\/2013\/11\/1117temetoszemet._v.jpg\"><img loading=\"lazy\" decoding=\"async\" class=\"alignleft size-medium wp-image-11515\" alt=\"1117temetoszemet._v\" src=\"https:\/\/www.agriatv.hu\/wp-content\/uploads\/2013\/11\/1117temetoszemet._v-300x240.jpg\" width=\"153\" height=\"87\" \/><\/a>Az egri Roz\u00e1lia temet\u0151 melletti ter\u00fcleten gy\u0171jtik a szemetet: eredetileg csak a szerves hullad\u00e9kot, faleveleket, vir\u00e1gokat dobt\u00e1k le a ker\u00edt\u00e9s melletti b\u00e1nyag\u00f6d\u00f6rbe, ma m\u00e1r azonban\u00a0 a temet\u0151ben keletkezett valamennyi hullad\u00e9k ott k\u00f6t ki. A fenntart\u00f3k szerint ideiglenes t\u00e1rol\u00e1sr\u00f3l van sz\u00f3 \u00e9s az egy\u00e9b hullad\u00e9kot a temet\u0151 l\u00e1togat\u00f3i dobt\u00e1k a szakad\u00e9kba. A gondnoks\u00e1g szerint egy\u00e9bk\u00e9nt tavasszal az \u00f6sszes szemetet elsz\u00e1ll\u00edttatj\u00e1k a helysz\u00ednr\u0151l.<\/p>\n<p style=\"text-align: justify;\">A szem\u00e9tdomb felfedez\u0151i \u00e9rtes\u00edtett\u00e9k a B\u00fckki Nemzeti Park munkat\u00e1rsait is, hiszen ezen a ter\u00fcleten f\u00e9szkel a v\u00e9dett gyurgyalag is, \u00edgy vesz\u00e9lybe ker\u00fclhetnek a k\u00f6lt\u0151helyek.<\/p>\n<p>Szerett\u00fck volna megtudni a pl\u00e9b\u00e1nia \u00e1ll\u00e1spontj\u00e1t is, de nem k\u00edv\u00e1ntak \u00e9lni a lehet\u0151s\u00e9ggel.<div class=\"wordtube\">\n<div class=\"wordtube single1055\" id=\"WT1_1\" style=\"width:320px; height:240px;\">\n<a href=\"http:\/\/www.macromedia.com\/go\/getflashplayer\">Get the Flash Player<\/a> to see the wordTube Media Player.\n<\/div><\/div>\n\t<script type=\"text\/javascript\" defer=\"defer\">\nvar WT1_1 = {\n\tparams : {\n\t\twmode : \"opaque\",\n\t\tallowscriptaccess : \"always\",\n\t\tallownetworking : \"all\",\n\t\tallowfullscreen : \"true\"},\n\tflashvars : {\n\t\tfile : \"http%3A%2F%2Fwww.agriatv.hu%2Fwp-content%2Fuploads%2F2013%2F11%2F1117temetoszemet.flv\",\n\t\tvolume : \"80\",\n\t\tbufferlength : \"5\",\n\t\tquality : \"false\",\n\t\t'logo.hide' : \"false\",\n\t\timage : \"http%3A%2F%2Fwww.agriatv.hu%2Fwp-content%2Fuploads%2F2013%2F11%2F1117temetoszemet.jpg\",\n\t\ttitle : \"1117temetoszemet.flv\",\n\t\tlinktarget : \"_self\"},\n\tattr : {\n\t\tid : \"WT1\",\n\t\tname : \"WT1\"},\n\tstart : function() {\n\t\tswfobject.embedSWF(\"https:\/\/www.agriatv.hu\/\/player.swf\", \"WT1_1\", \"320\", \"240\", \"9.0.0\", false, this.flashvars, this.params , this.attr );\n\t}\n}\nWT1_1.start();\n\t<\/script>\n<\/p>\n","protected":false},"excerpt":{"rendered":"<p>Az egri Roz\u00e1lia temet\u0151 melletti ter\u00fcleten gy\u0171jtik a szemetet: eredetileg csak a szerves hullad\u00e9kot, faleveleket, vir\u00e1gokat dobt\u00e1k le a ker\u00edt\u00e9s melletti b\u00e1nyag\u00f6d\u00f6rbe, ma m\u00e1r azonban\u00a0 a temet\u0151ben keletkezett valamennyi hullad\u00e9k ott k\u00f6t ki. A fenntart\u00f3k szerint ideiglenes t\u00e1rol\u00e1sr\u00f3l van sz\u00f3 \u00e9s az egy\u00e9b hullad\u00e9kot a temet\u0151 l\u00e1togat\u00f3i dobt\u00e1k a szakad\u00e9kba. A gondnoks\u00e1g szerint egy\u00e9bk\u00e9nt tavasszal [&#8230;]<\/p>\n","protected":false},"author":4,"featured_media":0,"comment_status":"closed","ping_status":"closed","sticky":false,"template":"","format":"standard","meta":{"footnotes":""},"categories":[6],"tags":[1857,1856,1192,1406],"class_list":["post-11514","post","type-post","status-publish","format-standard","hentry","category-belfold","tag-gyurgyalag","tag-rozalia","tag-szemet","tag-temeto"],"_links":{"self":[{"href":"https:\/\/www.agriatv.hu\/index.php?rest_route=\/wp\/v2\/posts\/11514","targetHints":{"allow":["GET"]}}],"collection":[{"href":"https:\/\/www.agriatv.hu\/index.php?rest_route=\/wp\/v2\/posts"}],"about":[{"href":"https:\/\/www.agriatv.hu\/index.php?rest_route=\/wp\/v2\/types\/post"}],"author":[{"embeddable":true,"href":"https:\/\/www.agriatv.hu\/index.php?rest_route=\/wp\/v2\/users\/4"}],"replies":[{"embeddable":true,"href":"https:\/\/www.agriatv.hu\/index.php?rest_route=%2Fwp%2Fv2%2Fcomments&post=11514"}],"version-history":[{"count":2,"href":"https:\/\/www.agriatv.hu\/index.php?rest_route=\/wp\/v2\/posts\/11514\/revisions"}],"predecessor-version":[{"id":11517,"href":"https:\/\/www.agriatv.hu\/index.php?rest_route=\/wp\/v2\/posts\/11514\/revisions\/11517"}],"wp:attachment":[{"href":"https:\/\/www.agriatv.hu\/index.php?rest_route=%2Fwp%2Fv2%2Fmedia&parent=11514"}],"wp:term":[{"taxonomy":"category","embeddable":true,"href":"https:\/\/www.agriatv.hu\/index.php?rest_route=%2Fwp%2Fv2%2Fcategories&post=11514"},{"taxonomy":"post_tag","embeddable":true,"href":"https:\/\/www.agriatv.hu\/index.php?rest_route=%2Fwp%2Fv2%2Ftags&post=11514"}],"curies":[{"name":"wp","href":"https:\/\/api.w.org\/{rel}","templated":true}]}}