{"id":11518,"date":"2013-11-19T10:14:21","date_gmt":"2013-11-19T10:14:21","guid":{"rendered":"http:\/\/www.agriatv.hu\/?p=11518"},"modified":"2013-11-19T10:14:21","modified_gmt":"2013-11-19T10:14:21","slug":"adomany-a-beteg-gyerekeknek","status":"publish","type":"post","link":"https:\/\/www.agriatv.hu\/?p=11518","title":{"rendered":"Adom\u00e1ny a beteg gyerekeknek"},"content":{"rendered":"<p style=\"text-align: justify;\"><strong><a href=\"https:\/\/www.agriatv.hu\/wp-content\/uploads\/2013\/11\/1118korhaz_v.jpg\"><img loading=\"lazy\" decoding=\"async\" class=\"alignleft size-medium wp-image-11520\" alt=\"1118korhaz_v\" src=\"https:\/\/www.agriatv.hu\/wp-content\/uploads\/2013\/11\/1118korhaz_v-300x240.jpg\" width=\"158\" height=\"102\" \/><\/a>Az Orsz\u00e1gos Egyes\u00fclet a Mosoly\u00e9rt K\u00f6zhaszn\u00fa Egyes\u00fclet beteg\u0151rz\u0151 monitort adott \u00e1t a kis betegek sz\u00e1m\u00e1ra az egri Markhot Ferenc k\u00f3rh\u00e1zban.<\/strong><\/p>\n<p style=\"text-align: justify;\">Dr. Vargyay \u00c9va oszt\u00e1lyvezet\u0151 f\u0151orvos elmondta: a neh\u00e9z anyagi helyzetben l\u00e9v\u0151 k\u00f3rh\u00e1znak jelenleg es\u00e9lye sem lenne ilyen fejlett berendez\u00e9st v\u00e1s\u00e1rolni, ez\u00e9rt minden lehet\u0151s\u00e9get megragadnak, amivel a kis betegek gy\u00f3gyul\u00e1s\u00e1t el\u0151seg\u00edthetik.<\/p>\n<p>A k\u00e9sz\u00fcl\u00e9k k\u00f6zel egy milli\u00f3 forintos \u00e1r\u00e1t v\u00e1llalkoz\u00f3k seg\u00edts\u00e9g\u00e9vel siker\u00fclt el\u0151teremteni.<div class=\"wordtube\">\n<div class=\"wordtube single1056\" id=\"WT1_1\" style=\"width:320px; height:240px;\">\n<a href=\"http:\/\/www.macromedia.com\/go\/getflashplayer\">Get the Flash Player<\/a> to see the wordTube Media Player.\n<\/div><\/div>\n\t<script type=\"text\/javascript\" defer=\"defer\">\nvar WT1_1 = {\n\tparams : {\n\t\twmode : \"opaque\",\n\t\tallowscriptaccess : \"always\",\n\t\tallownetworking : \"all\",\n\t\tallowfullscreen : \"true\"},\n\tflashvars : {\n\t\tfile : \"http%3A%2F%2Fwww.agriatv.hu%2Fwp-content%2Fuploads%2F2013%2F11%2F1118korhaz.flv\",\n\t\tvolume : \"80\",\n\t\tbufferlength : \"5\",\n\t\tquality : \"false\",\n\t\t'logo.hide' : \"false\",\n\t\timage : \"http%3A%2F%2Fwww.agriatv.hu%2Fwp-content%2Fuploads%2F2013%2F11%2F1118korhaz.jpg\",\n\t\ttitle : \"1118korhaz.flv\",\n\t\tlinktarget : \"_self\"},\n\tattr : {\n\t\tid : \"WT1\",\n\t\tname : \"WT1\"},\n\tstart : function() {\n\t\tswfobject.embedSWF(\"https:\/\/www.agriatv.hu\/\/player.swf\", \"WT1_1\", \"320\", \"240\", \"9.0.0\", false, this.flashvars, this.params , this.attr );\n\t}\n}\nWT1_1.start();\n\t<\/script>\n<\/p>\n","protected":false},"excerpt":{"rendered":"<p>Az Orsz\u00e1gos Egyes\u00fclet a Mosoly\u00e9rt K\u00f6zhaszn\u00fa Egyes\u00fclet beteg\u0151rz\u0151 monitort adott \u00e1t a kis betegek sz\u00e1m\u00e1ra az egri Markhot Ferenc k\u00f3rh\u00e1zban.<br \/>\nDr. Vargyay \u00c9va oszt\u00e1lyvezet\u0151 f\u0151orvos elmondta: a neh\u00e9z anyagi helyzetben l\u00e9v\u0151 k\u00f3rh\u00e1znak jelenleg es\u00e9lye sem lenne ilyen fejlett berendez\u00e9st v\u00e1s\u00e1rolni, ez\u00e9rt minden lehet\u0151s\u00e9get megragadnak, amivel a kis betegek gy\u00f3gyul\u00e1s\u00e1t el\u0151seg\u00edthetik.<br \/>\nA k\u00e9sz\u00fcl\u00e9k k\u00f6zel egy milli\u00f3 forintos \u00e1r\u00e1t [&#8230;]<\/p>\n","protected":false},"author":4,"featured_media":0,"comment_status":"closed","ping_status":"closed","sticky":false,"template":"","format":"standard","meta":{"footnotes":""},"categories":[6,19],"tags":[1279,36,1258,713,1858],"class_list":["post-11518","post","type-post","status-publish","format-standard","hentry","category-belfold","category-egeszseg","tag-beteg","tag-eger","tag-gyerek","tag-korhaz","tag-monitor"],"_links":{"self":[{"href":"https:\/\/www.agriatv.hu\/index.php?rest_route=\/wp\/v2\/posts\/11518","targetHints":{"allow":["GET"]}}],"collection":[{"href":"https:\/\/www.agriatv.hu\/index.php?rest_route=\/wp\/v2\/posts"}],"about":[{"href":"https:\/\/www.agriatv.hu\/index.php?rest_route=\/wp\/v2\/types\/post"}],"author":[{"embeddable":true,"href":"https:\/\/www.agriatv.hu\/index.php?rest_route=\/wp\/v2\/users\/4"}],"replies":[{"embeddable":true,"href":"https:\/\/www.agriatv.hu\/index.php?rest_route=%2Fwp%2Fv2%2Fcomments&post=11518"}],"version-history":[{"count":2,"href":"https:\/\/www.agriatv.hu\/index.php?rest_route=\/wp\/v2\/posts\/11518\/revisions"}],"predecessor-version":[{"id":11521,"href":"https:\/\/www.agriatv.hu\/index.php?rest_route=\/wp\/v2\/posts\/11518\/revisions\/11521"}],"wp:attachment":[{"href":"https:\/\/www.agriatv.hu\/index.php?rest_route=%2Fwp%2Fv2%2Fmedia&parent=11518"}],"wp:term":[{"taxonomy":"category","embeddable":true,"href":"https:\/\/www.agriatv.hu\/index.php?rest_route=%2Fwp%2Fv2%2Fcategories&post=11518"},{"taxonomy":"post_tag","embeddable":true,"href":"https:\/\/www.agriatv.hu\/index.php?rest_route=%2Fwp%2Fv2%2Ftags&post=11518"}],"curies":[{"name":"wp","href":"https:\/\/api.w.org\/{rel}","templated":true}]}}