{"id":11522,"date":"2013-11-19T16:31:21","date_gmt":"2013-11-19T16:31:21","guid":{"rendered":"http:\/\/www.agriatv.hu\/?p=11522"},"modified":"2013-11-19T16:31:21","modified_gmt":"2013-11-19T16:31:21","slug":"rozalia-temeto-tegnap-szemet-ma-tuz","status":"publish","type":"post","link":"https:\/\/www.agriatv.hu\/?p=11522","title":{"rendered":"Roz\u00e1lia temet\u0151: tegnap szem\u00e9t, ma t\u0171z"},"content":{"rendered":"<p style=\"text-align: justify;\"><strong><a href=\"https:\/\/www.agriatv.hu\/wp-content\/uploads\/2013\/11\/1119temeto_tuz.Still008.jpg\"><img loading=\"lazy\" decoding=\"async\" class=\"alignleft size-medium wp-image-11524\" alt=\"1119temeto_tuz.Still008\" src=\"https:\/\/www.agriatv.hu\/wp-content\/uploads\/2013\/11\/1119temeto_tuz.Still008-300x240.jpg\" width=\"139\" height=\"93\" \/><\/a>Valaki felgy\u00fajthatta a szemetet.<\/strong><\/p>\n<p style=\"text-align: justify;\">Mint <a href=\"https:\/\/www.agriatv.hu\/?p=11514\">tegnap besz\u00e1moltunk r\u00f3la<\/a>, az egri Roz\u00e1lia temet\u0151 mellett nagy mennyis\u00e9g\u0171, szem\u00e9ttel kevert falevelet t\u00e1rolnak. Mint a temet\u0151 gondnoka elmondta, legk\u00e9s\u0151bb tavaszig elsz\u00e1ll\u00edtj\u00e1k a felgy\u00fclemlett hullad\u00e9kot.<\/p>\n<p style=\"text-align: justify;\">Kedd d\u00e9lut\u00e1n telefon\u00e1ltak a temet\u0151 k\u00f6rny\u00e9k\u00e9n \u00e9l\u0151k \u00e9s a v\u00e1rosban k\u00f6zleked\u0151k, hogy \u00f3ri\u00e1si f\u00fcst\u00f6t l\u00e1tnak a tegnap bemutatott szem\u00e9thegy fel\u0151l. A f\u00fcst betakarja az eg\u00e9sz k\u00f6rny\u00e9ket, a h\u00e1zakban is alig tudnak megmaradni.<\/p>\n<p style=\"text-align: justify;\">Szem\u00e9lyes s\u00e9rt\u00e9snek \u00e9rzi \u00e9s valamelyik konkurens kez\u00e9t v\u00e9li felfedezni a t\u0171z keletkez\u00e9s\u00e9ben a temet\u0151 gondnoks\u00e1g\u00e1t ell\u00e1t\u00f3 c\u00e9g vezet\u0151je. Elmond\u00e1sa szerint szerda reggelre v\u00e1rt\u00e1k a munk\u00e1sokat, hogy az ad\u00e1sunkban is bemutatott szem\u00e9tdombot megsz\u00fcntess\u00e9k.<\/p>\n<p style=\"text-align: justify;\">A szomsz\u00e9dok h\u00edvt\u00e1k telefonon, hogy a falevelek \u00e9gnek, majd meg\u00e9rkez\u00e9se ut\u00e1n a c\u00e9gvezet\u0151 szem\u00e9lyesen h\u00edvta ki a t\u0171zolt\u00f3kat.<\/p>\n<p style=\"text-align: justify;\">A k\u00f6rny\u00e9ket hatalmas f\u00fcst bor\u00edtotta be, hiszen nem csak a falevelek \u00e9gtek, hanem a kupacban l\u00e9v\u0151 m\u0171anyagok is.<\/p>\n<p style=\"text-align: justify;\">A katasztr\u00f3fav\u00e9delem sz\u00f3viv\u0151je \u00e9rdekl\u0151d\u00e9s\u00fcnkre elmondta: f\u00e9l 5 k\u00f6r\u00fcl \u00e9rkezett a bejelent\u00e9s hozz\u00e1juk,\u00a0 1 gyorsbeavatkoz\u00f3 egys\u00e9ggel vonultak a t\u0171z megf\u00e9kez\u00e9s\u00e9re.<div class=\"wordtube\">\n<div class=\"wordtube single1057\" id=\"WT1_1\" style=\"width:320px; height:240px;\">\n<a href=\"http:\/\/www.macromedia.com\/go\/getflashplayer\">Get the Flash Player<\/a> to see the wordTube Media Player.\n<\/div><\/div>\n\t<script type=\"text\/javascript\" defer=\"defer\">\nvar WT1_1 = {\n\tparams : {\n\t\twmode : \"opaque\",\n\t\tallowscriptaccess : \"always\",\n\t\tallownetworking : \"all\",\n\t\tallowfullscreen : \"true\"},\n\tflashvars : {\n\t\tfile : \"http%3A%2F%2Fwww.agriatv.hu%2Fwp-content%2Fuploads%2F2013%2F11%2F1119temeto_tuz.flv\",\n\t\tvolume : \"80\",\n\t\tbufferlength : \"5\",\n\t\tquality : \"false\",\n\t\t'logo.hide' : \"false\",\n\t\timage : \"http%3A%2F%2Fwww.agriatv.hu%2Fwp-content%2Fuploads%2F2013%2F11%2F1119temeto_tuz.Still009.jpg\",\n\t\ttitle : \"1119temeto_tuz.flv\",\n\t\tlinktarget : \"_self\"},\n\tattr : {\n\t\tid : \"WT1\",\n\t\tname : \"WT1\"},\n\tstart : function() {\n\t\tswfobject.embedSWF(\"https:\/\/www.agriatv.hu\/\/player.swf\", \"WT1_1\", \"320\", \"240\", \"9.0.0\", false, this.flashvars, this.params , this.attr );\n\t}\n}\nWT1_1.start();\n\t<\/script>\n<\/p>\n","protected":false},"excerpt":{"rendered":"<p>Valaki felgy\u00fajthatta a szemetet.<br \/>\nMint tegnap besz\u00e1moltunk r\u00f3la, az egri Roz\u00e1lia temet\u0151 mellett nagy mennyis\u00e9g\u0171, szem\u00e9ttel kevert falevelet t\u00e1rolnak. Mint a temet\u0151 gondnoka elmondta, legk\u00e9s\u0151bb tavaszig elsz\u00e1ll\u00edtj\u00e1k a felgy\u00fclemlett hullad\u00e9kot.<br \/>\nKedd d\u00e9lut\u00e1n telefon\u00e1ltak a temet\u0151 k\u00f6rny\u00e9k\u00e9n \u00e9l\u0151k \u00e9s a v\u00e1rosban k\u00f6zleked\u0151k, hogy \u00f3ri\u00e1si f\u00fcst\u00f6t l\u00e1tnak a tegnap bemutatott szem\u00e9thegy fel\u0151l. A f\u00fcst betakarja az eg\u00e9sz k\u00f6rny\u00e9ket, a [&#8230;]<\/p>\n","protected":false},"author":4,"featured_media":0,"comment_status":"closed","ping_status":"closed","sticky":false,"template":"","format":"standard","meta":{"footnotes":""},"categories":[6,5],"tags":[1860,1859,1192,1406,484,161],"class_list":["post-11522","post","type-post","status-publish","format-standard","hentry","category-belfold","category-kek-hirek","tag-fust","tag-konkurencia","tag-szemet","tag-temeto","tag-tuz","tag-tuzolto"],"_links":{"self":[{"href":"https:\/\/www.agriatv.hu\/index.php?rest_route=\/wp\/v2\/posts\/11522","targetHints":{"allow":["GET"]}}],"collection":[{"href":"https:\/\/www.agriatv.hu\/index.php?rest_route=\/wp\/v2\/posts"}],"about":[{"href":"https:\/\/www.agriatv.hu\/index.php?rest_route=\/wp\/v2\/types\/post"}],"author":[{"embeddable":true,"href":"https:\/\/www.agriatv.hu\/index.php?rest_route=\/wp\/v2\/users\/4"}],"replies":[{"embeddable":true,"href":"https:\/\/www.agriatv.hu\/index.php?rest_route=%2Fwp%2Fv2%2Fcomments&post=11522"}],"version-history":[{"count":2,"href":"https:\/\/www.agriatv.hu\/index.php?rest_route=\/wp\/v2\/posts\/11522\/revisions"}],"predecessor-version":[{"id":11525,"href":"https:\/\/www.agriatv.hu\/index.php?rest_route=\/wp\/v2\/posts\/11522\/revisions\/11525"}],"wp:attachment":[{"href":"https:\/\/www.agriatv.hu\/index.php?rest_route=%2Fwp%2Fv2%2Fmedia&parent=11522"}],"wp:term":[{"taxonomy":"category","embeddable":true,"href":"https:\/\/www.agriatv.hu\/index.php?rest_route=%2Fwp%2Fv2%2Fcategories&post=11522"},{"taxonomy":"post_tag","embeddable":true,"href":"https:\/\/www.agriatv.hu\/index.php?rest_route=%2Fwp%2Fv2%2Ftags&post=11522"}],"curies":[{"name":"wp","href":"https:\/\/api.w.org\/{rel}","templated":true}]}}