{"id":11549,"date":"2013-11-23T08:09:16","date_gmt":"2013-11-23T08:09:16","guid":{"rendered":"http:\/\/www.agriatv.hu\/?p=11549"},"modified":"2013-11-23T08:11:47","modified_gmt":"2013-11-23T08:11:47","slug":"halalos-gyalogosgazolas-a-3-ason","status":"publish","type":"post","link":"https:\/\/www.agriatv.hu\/?p=11549","title":{"rendered":"Hal\u00e1los gyalogosg\u00e1zol\u00e1s a 3-ason"},"content":{"rendered":"<p style=\"text-align: justify;\"><strong><a href=\"https:\/\/www.agriatv.hu\/wp-content\/uploads\/2013\/11\/1123gyongyos_gazolas_V.jpg\"><img loading=\"lazy\" decoding=\"async\" class=\"alignleft size-medium wp-image-11550\" alt=\"1123gyongyos_gazolas_V\" src=\"https:\/\/www.agriatv.hu\/wp-content\/uploads\/2013\/11\/1123gyongyos_gazolas_V-300x240.jpg\" width=\"151\" height=\"92\" \/><\/a>Hal\u00e1los baleset t\u00f6rt\u00e9nt a 3-as f\u0151\u00faton p\u00e9nteken nem sokkal f\u00e9l hat ut\u00e1n.<\/strong><\/p>\n<div style=\"text-align: justify;\">\u00c9let\u00e9t vesztette az a f\u00e9rfi, akit egy tr\u00e9ler g\u00e1zolt el p\u00e9nteken este a 3-as sz\u00e1m\u00fa f\u0151\u00faton a 74-es kilom\u00e9terszelv\u00e9nyn\u00e9l Gy\u00f6ngy\u00f6s k\u00f6zel\u00e9ben. Ez eddigi adatok szerint a gyalogos s\u00f6t\u00e9t ruh\u00e1ban, vil\u00e1g\u00edt\u00e1s \u00e9s jelz\u00e9s n\u00e9lk\u00fcl ment a f\u0151\u00faton.<\/div>\n<div style=\"text-align: justify;\">\u00dagy tudjuk, az \u00e1ldozat beteg volt, n\u00e9h\u00e1ny napja elt\u0171nt otthonr\u00f3l.<\/div>\n<div style=\"text-align: justify;\">A helysz\u00ednel\u00e9s idej\u00e9re lez\u00e1rt\u00e1k az utat, a baleset k\u00f6r\u00fclm\u00e9nyeit szak\u00e9rt\u0151 bevon\u00e1s\u00e1val vizsg\u00e1lj\u00e1k: m\u00e9g az \u00e9jszaka folyam\u00e1n rekonstru\u00e1lt\u00e1k az esetet.<div class=\"wordtube\">\n<div class=\"wordtube single1062\" id=\"WT1_1\" style=\"width:320px; height:240px;\">\n<a href=\"http:\/\/www.macromedia.com\/go\/getflashplayer\">Get the Flash Player<\/a> to see the wordTube Media Player.\n<\/div><\/div>\n\t<script type=\"text\/javascript\" defer=\"defer\">\nvar WT1_1 = {\n\tparams : {\n\t\twmode : \"opaque\",\n\t\tallowscriptaccess : \"always\",\n\t\tallownetworking : \"all\",\n\t\tallowfullscreen : \"true\"},\n\tflashvars : {\n\t\tfile : \"http%3A%2F%2Fwww.agriatv.hu%2Fwp-content%2Fuploads%2F2013%2F11%2F1123gyongyos_gazolas.flv\",\n\t\tvolume : \"80\",\n\t\tbufferlength : \"5\",\n\t\tquality : \"false\",\n\t\t'logo.hide' : \"false\",\n\t\timage : \"http%3A%2F%2Fwww.agriatv.hu%2Fwp-content%2Fuploads%2F2013%2F11%2F1123gyongyos_gazolas.jpg\",\n\t\ttitle : \"1123gyongyos_gazolas.flv\",\n\t\tlinktarget : \"_self\"},\n\tattr : {\n\t\tid : \"WT1\",\n\t\tname : \"WT1\"},\n\tstart : function() {\n\t\tswfobject.embedSWF(\"https:\/\/www.agriatv.hu\/\/player.swf\", \"WT1_1\", \"320\", \"240\", \"9.0.0\", false, this.flashvars, this.params , this.attr );\n\t}\n}\nWT1_1.start();\n\t<\/script>\n<\/div>\n","protected":false},"excerpt":{"rendered":"<p>Hal\u00e1los baleset t\u00f6rt\u00e9nt a 3-as f\u0151\u00faton p\u00e9nteken nem sokkal f\u00e9l hat ut\u00e1n.<br \/>\n\u00c9let\u00e9t vesztette az a f\u00e9rfi, akit egy tr\u00e9ler g\u00e1zolt el p\u00e9nteken este a 3-as sz\u00e1m\u00fa f\u0151\u00faton a 74-es kilom\u00e9terszelv\u00e9nyn\u00e9l Gy\u00f6ngy\u00f6s k\u00f6zel\u00e9ben. Ez eddigi adatok szerint a gyalogos s\u00f6t\u00e9t ruh\u00e1ban, vil\u00e1g\u00edt\u00e1s \u00e9s jelz\u00e9s n\u00e9lk\u00fcl ment a f\u0151\u00faton.<br \/>\n\u00dagy tudjuk, az \u00e1ldozat beteg volt, n\u00e9h\u00e1ny napja elt\u0171nt [&#8230;]<\/p>\n","protected":false},"author":4,"featured_media":0,"comment_status":"closed","ping_status":"closed","sticky":false,"template":"","format":"standard","meta":{"footnotes":""},"categories":[5],"tags":[41,396,771,122],"class_list":["post-11549","post","type-post","status-publish","format-standard","hentry","category-kek-hirek","tag-baleset","tag-gyalogos","tag-halal","tag-rendorseg"],"_links":{"self":[{"href":"https:\/\/www.agriatv.hu\/index.php?rest_route=\/wp\/v2\/posts\/11549","targetHints":{"allow":["GET"]}}],"collection":[{"href":"https:\/\/www.agriatv.hu\/index.php?rest_route=\/wp\/v2\/posts"}],"about":[{"href":"https:\/\/www.agriatv.hu\/index.php?rest_route=\/wp\/v2\/types\/post"}],"author":[{"embeddable":true,"href":"https:\/\/www.agriatv.hu\/index.php?rest_route=\/wp\/v2\/users\/4"}],"replies":[{"embeddable":true,"href":"https:\/\/www.agriatv.hu\/index.php?rest_route=%2Fwp%2Fv2%2Fcomments&post=11549"}],"version-history":[{"count":2,"href":"https:\/\/www.agriatv.hu\/index.php?rest_route=\/wp\/v2\/posts\/11549\/revisions"}],"predecessor-version":[{"id":11552,"href":"https:\/\/www.agriatv.hu\/index.php?rest_route=\/wp\/v2\/posts\/11549\/revisions\/11552"}],"wp:attachment":[{"href":"https:\/\/www.agriatv.hu\/index.php?rest_route=%2Fwp%2Fv2%2Fmedia&parent=11549"}],"wp:term":[{"taxonomy":"category","embeddable":true,"href":"https:\/\/www.agriatv.hu\/index.php?rest_route=%2Fwp%2Fv2%2Fcategories&post=11549"},{"taxonomy":"post_tag","embeddable":true,"href":"https:\/\/www.agriatv.hu\/index.php?rest_route=%2Fwp%2Fv2%2Ftags&post=11549"}],"curies":[{"name":"wp","href":"https:\/\/api.w.org\/{rel}","templated":true}]}}