{"id":11553,"date":"2013-11-22T23:55:39","date_gmt":"2013-11-22T23:55:39","guid":{"rendered":"http:\/\/www.agriatv.hu\/?p=11553"},"modified":"2013-11-23T09:05:44","modified_gmt":"2013-11-23T09:05:44","slug":"elusztatjak-eger-penzet","status":"publish","type":"post","link":"https:\/\/www.agriatv.hu\/?p=11553","title":{"rendered":"El\u00fasztatj\u00e1k Eger p\u00e9nz\u00e9t?"},"content":{"rendered":"<p style=\"text-align: justify;\"><a href=\"https:\/\/www.agriatv.hu\/wp-content\/uploads\/2013\/11\/1122dk_v.jpg\"><img loading=\"lazy\" decoding=\"async\" class=\"alignleft size-medium wp-image-11554\" alt=\"1122dk_v\" src=\"https:\/\/www.agriatv.hu\/wp-content\/uploads\/2013\/11\/1122dk_v-300x240.jpg\" width=\"126\" height=\"68\" \/><\/a>Helybenj\u00e1r\u00e1s c\u00edmmel v\u00e1rosn\u00e9z\u0151 s\u00e9t\u00e1ra h\u00edvta az \u00e9rdekl\u0151d\u0151ket Szal\u00f3czi G\u00e9za, az Egy\u00fctt 2014-PM k\u00e9pvisel\u0151jel\u00f6ltje, \u00e9s P\u00e1l Gy\u00f6rgy \u00f6nkorm\u00e1nyzati k\u00e9pvisel\u0151 (MSZP).<div class=\"wordtube\">\n<div class=\"wordtube single1063\" id=\"WT1_1\" style=\"width:320px; height:240px;\">\n<a href=\"http:\/\/www.macromedia.com\/go\/getflashplayer\">Get the Flash Player<\/a> to see the wordTube Media Player.\n<\/div><\/div>\n\t<script type=\"text\/javascript\" defer=\"defer\">\nvar WT1_1 = {\n\tparams : {\n\t\twmode : \"opaque\",\n\t\tallowscriptaccess : \"always\",\n\t\tallownetworking : \"all\",\n\t\tallowfullscreen : \"true\"},\n\tflashvars : {\n\t\tfile : \"http%3A%2F%2Fwww.agriatv.hu%2Fwp-content%2Fuploads%2F2013%2F11%2F1122dk.flv\",\n\t\tvolume : \"80\",\n\t\tbufferlength : \"5\",\n\t\tquality : \"false\",\n\t\t'logo.hide' : \"false\",\n\t\timage : \"http%3A%2F%2Fwww.agriatv.hu%2Fwp-content%2Fuploads%2F2013%2F11%2F1122dk.jpg\",\n\t\ttitle : \"1122dk.flv\",\n\t\tlinktarget : \"_self\"},\n\tattr : {\n\t\tid : \"WT1\",\n\t\tname : \"WT1\"},\n\tstart : function() {\n\t\tswfobject.embedSWF(\"https:\/\/www.agriatv.hu\/\/player.swf\", \"WT1_1\", \"320\", \"240\", \"9.0.0\", false, this.flashvars, this.params , this.attr );\n\t}\n}\nWT1_1.start();\n\t<\/script>\n<\/p>\n","protected":false},"excerpt":{"rendered":"<p>Helybenj\u00e1r\u00e1s c\u00edmmel v\u00e1rosn\u00e9z\u0151 s\u00e9t\u00e1ra h\u00edvta az \u00e9rdekl\u0151d\u0151ket Szal\u00f3czi G\u00e9za, az Egy\u00fctt 2014-PM k\u00e9pvisel\u0151jel\u00f6ltje, \u00e9s P\u00e1l Gy\u00f6rgy \u00f6nkorm\u00e1nyzati k\u00e9pvisel\u0151 (MSZP).<\/p>\n","protected":false},"author":4,"featured_media":0,"comment_status":"closed","ping_status":"closed","sticky":false,"template":"","format":"standard","meta":{"footnotes":""},"categories":[6,3],"tags":[36],"class_list":["post-11553","post","type-post","status-publish","format-standard","hentry","category-belfold","category-politika","tag-eger"],"_links":{"self":[{"href":"https:\/\/www.agriatv.hu\/index.php?rest_route=\/wp\/v2\/posts\/11553","targetHints":{"allow":["GET"]}}],"collection":[{"href":"https:\/\/www.agriatv.hu\/index.php?rest_route=\/wp\/v2\/posts"}],"about":[{"href":"https:\/\/www.agriatv.hu\/index.php?rest_route=\/wp\/v2\/types\/post"}],"author":[{"embeddable":true,"href":"https:\/\/www.agriatv.hu\/index.php?rest_route=\/wp\/v2\/users\/4"}],"replies":[{"embeddable":true,"href":"https:\/\/www.agriatv.hu\/index.php?rest_route=%2Fwp%2Fv2%2Fcomments&post=11553"}],"version-history":[{"count":1,"href":"https:\/\/www.agriatv.hu\/index.php?rest_route=\/wp\/v2\/posts\/11553\/revisions"}],"predecessor-version":[{"id":11555,"href":"https:\/\/www.agriatv.hu\/index.php?rest_route=\/wp\/v2\/posts\/11553\/revisions\/11555"}],"wp:attachment":[{"href":"https:\/\/www.agriatv.hu\/index.php?rest_route=%2Fwp%2Fv2%2Fmedia&parent=11553"}],"wp:term":[{"taxonomy":"category","embeddable":true,"href":"https:\/\/www.agriatv.hu\/index.php?rest_route=%2Fwp%2Fv2%2Fcategories&post=11553"},{"taxonomy":"post_tag","embeddable":true,"href":"https:\/\/www.agriatv.hu\/index.php?rest_route=%2Fwp%2Fv2%2Ftags&post=11553"}],"curies":[{"name":"wp","href":"https:\/\/api.w.org\/{rel}","templated":true}]}}