{"id":11557,"date":"2013-11-23T12:54:33","date_gmt":"2013-11-23T12:54:33","guid":{"rendered":"http:\/\/www.agriatv.hu\/?p=11557"},"modified":"2013-11-23T12:56:27","modified_gmt":"2013-11-23T12:56:27","slug":"keseles-az-egri-foutcan","status":"publish","type":"post","link":"https:\/\/www.agriatv.hu\/?p=11557","title":{"rendered":"K\u00e9sel\u00e9s az egri f\u0151utc\u00e1n"},"content":{"rendered":"<div>\n<div>\n<div style=\"text-align: justify;\"><strong><a href=\"https:\/\/www.agriatv.hu\/wp-content\/uploads\/2013\/11\/1123keseles_eger_v.jpg\"><img loading=\"lazy\" decoding=\"async\" class=\"alignleft size-medium wp-image-11559\" alt=\"1123keseles_eger_v\" src=\"https:\/\/www.agriatv.hu\/wp-content\/uploads\/2013\/11\/1123keseles_eger_v-300x240.jpg\" width=\"111\" height=\"72\" \/><\/a>Egy fiatal fi\u00fa orvosi ell\u00e1t\u00e1st ig\u00e9nyl\u0151 s\u00e9r\u00fcl\u00e9seket szenvedett.<\/strong><\/div>\n<\/div>\n<\/div>\n<div>\n<div>\n<div>\n<p style=\"text-align: justify;\">Bejelent\u00e9s \u00e9rkezett a Heves Megyei Rend\u0151r-f\u0151kapit\u00e1nys\u00e1g \u00fcgyelet\u00e9re 2013. november 22-\u00e9n 19 \u00f3ra 30 perc k\u00f6r\u00fcli id\u0151ben, miszerint Egerben egy kor\u00e1bbi n\u00e9zetelt\u00e9r\u00e9sb\u0151l ad\u00f3d\u00f3an, el\u0151zetes sz\u00f3v\u00e1lt\u00e1st k\u00f6vet\u0151en k\u00e9t fiatal dulakodott.<\/p>\n<p style=\"text-align: justify;\">A dulakod\u00e1st k\u00f6vet\u0151en egy 17 \u00e9ves fiatal fi\u00fa k\u00e9ssel megsz\u00fart egy m\u00e1sik fiatal fi\u00fat, aki orvosi ell\u00e1t\u00e1st ig\u00e9nyl\u0151 s\u00e9r\u00fcl\u00e9seket szenvedett.<\/p>\n<p style=\"text-align: justify;\">A 17 \u00e9ves andornakt\u00e1lyai lakos ellen \u2013 szabadl\u00e1bon hagy\u00e1sa mellett \u2013 \u00e9letvesz\u00e9lyt okoz\u00f3 s\u00falyos testi s\u00e9rt\u00e9s b\u0171ntette elk\u00f6vet\u00e9snek megalapozott gyan\u00faja miatt ind\u00edtott elj\u00e1r\u00e1st a Heves Megyei Rend\u0151r-f\u0151kapit\u00e1nys\u00e1g.<\/p>\n<p style=\"text-align: justify;\">\u00dagy tudjuk, hogy Eger f\u0151utc\u00e1j\u00e1n, a Sz\u00e9chenyi utc\u00e1ban alakult ki a n\u00e9zetelt\u00e9r\u00e9s 3 r\u00e9sztvev\u0151vel: el\u0151sz\u00f6r csak verekedtek, majd az egyik f\u00e9l k\u00e9st r\u00e1ntott \u00e9s vese t\u00e1j\u00e9kon sz\u00farta a s\u00e9rtettet. Inform\u00e1ci\u00f3ink szerint a vita egy mobiltelefon miatt robbant ki. Egy\u00e9b forr\u00e1sb\u00f3l \u00fagy tudjuk, hogy az elk\u00f6vet\u0151 val\u00f3sz\u00edn\u0171leg k\u00e1b\u00edt\u00f3szer hat\u00e1sa alatt \u00e1llt.<\/p>\n<p style=\"text-align: justify;\">A sz\u00far\u00e1s ut\u00e1n ketten elszaladtak, az elk\u00f6vet\u0151 a k\u00f6rnyez\u0151 utc\u00e1kban, val\u00f3sz\u00edn\u0171leg egy kuk\u00e1ba dobta a k\u00e9st. A megsz\u00fart fi\u00fa egy k\u00f6zeli gyors\u00e9tteremben k\u00e9rt seg\u00edts\u00e9get, oda j\u00f6ttek a rend\u0151r\u00f6k \u00e9s a ment\u0151k is.<\/p>\n<p style=\"text-align: justify;\">\u00c9rdekl\u0151d\u00e9s\u00fcnkre az egri Markhot Ferenc k\u00f3rh\u00e1z sajt\u00f3sz\u00f3viv\u0151je, Szegedi Erzs\u00e9bet elmondta: val\u00f3ban vittek be hozz\u00e1juk egy s\u00e9r\u00fcltet tegnap este sz\u00fart sebbel. A sebet ell\u00e1tt\u00e1k, a beteget megvizsg\u00e1lt\u00e1k. Szerencs\u00e9re fontos szervet nem \u00e9rt a sz\u00far\u00e1s, \u00edgy a beteg hamarosan hazat\u00e9rhet.<div class=\"wordtube\">\n<div class=\"wordtube single1064\" id=\"WT1_1\" style=\"width:320px; height:240px;\">\n<a href=\"http:\/\/www.macromedia.com\/go\/getflashplayer\">Get the Flash Player<\/a> to see the wordTube Media Player.\n<\/div><\/div>\n\t<script type=\"text\/javascript\" defer=\"defer\">\nvar WT1_1 = {\n\tparams : {\n\t\twmode : \"opaque\",\n\t\tallowscriptaccess : \"always\",\n\t\tallownetworking : \"all\",\n\t\tallowfullscreen : \"true\"},\n\tflashvars : {\n\t\tfile : \"http%3A%2F%2Fwww.agriatv.hu%2Fwp-content%2Fuploads%2F2013%2F11%2F1123keseles_eger.flv\",\n\t\tvolume : \"80\",\n\t\tbufferlength : \"5\",\n\t\tquality : \"false\",\n\t\t'logo.hide' : \"false\",\n\t\timage : \"http%3A%2F%2Fwww.agriatv.hu%2Fwp-content%2Fuploads%2F2013%2F11%2F1123keseles_eger.jpg\",\n\t\ttitle : \"1123keseles_eger.flv\",\n\t\tlinktarget : \"_self\"},\n\tattr : {\n\t\tid : \"WT1\",\n\t\tname : \"WT1\"},\n\tstart : function() {\n\t\tswfobject.embedSWF(\"https:\/\/www.agriatv.hu\/\/player.swf\", \"WT1_1\", \"320\", \"240\", \"9.0.0\", false, this.flashvars, this.params , this.attr );\n\t}\n}\nWT1_1.start();\n\t<\/script>\n<\/p>\n<\/div>\n<\/div>\n<\/div>\n","protected":false},"excerpt":{"rendered":"<p>Egy fiatal fi\u00fa orvosi ell\u00e1t\u00e1st ig\u00e9nyl\u0151 s\u00e9r\u00fcl\u00e9seket szenvedett.<\/p>\n<p>Bejelent\u00e9s \u00e9rkezett a Heves Megyei Rend\u0151r-f\u0151kapit\u00e1nys\u00e1g \u00fcgyelet\u00e9re 2013. november 22-\u00e9n 19 \u00f3ra 30 perc k\u00f6r\u00fcli id\u0151ben, miszerint Egerben egy kor\u00e1bbi n\u00e9zetelt\u00e9r\u00e9sb\u0151l ad\u00f3d\u00f3an, el\u0151zetes sz\u00f3v\u00e1lt\u00e1st k\u00f6vet\u0151en k\u00e9t fiatal dulakodott.<br \/>\nA dulakod\u00e1st k\u00f6vet\u0151en egy 17 \u00e9ves fiatal fi\u00fa k\u00e9ssel megsz\u00fart egy m\u00e1sik fiatal fi\u00fat, aki orvosi ell\u00e1t\u00e1st ig\u00e9nyl\u0151 s\u00e9r\u00fcl\u00e9seket szenvedett.<br \/>\nA 17 [&#8230;]<\/p>\n","protected":false},"author":4,"featured_media":0,"comment_status":"closed","ping_status":"closed","sticky":false,"template":"","format":"standard","meta":{"footnotes":""},"categories":[5],"tags":[36,1868,747,122],"class_list":["post-11557","post","type-post","status-publish","format-standard","hentry","category-kek-hirek","tag-eger","tag-keseles","tag-nyomozas","tag-rendorseg"],"_links":{"self":[{"href":"https:\/\/www.agriatv.hu\/index.php?rest_route=\/wp\/v2\/posts\/11557","targetHints":{"allow":["GET"]}}],"collection":[{"href":"https:\/\/www.agriatv.hu\/index.php?rest_route=\/wp\/v2\/posts"}],"about":[{"href":"https:\/\/www.agriatv.hu\/index.php?rest_route=\/wp\/v2\/types\/post"}],"author":[{"embeddable":true,"href":"https:\/\/www.agriatv.hu\/index.php?rest_route=\/wp\/v2\/users\/4"}],"replies":[{"embeddable":true,"href":"https:\/\/www.agriatv.hu\/index.php?rest_route=%2Fwp%2Fv2%2Fcomments&post=11557"}],"version-history":[{"count":2,"href":"https:\/\/www.agriatv.hu\/index.php?rest_route=\/wp\/v2\/posts\/11557\/revisions"}],"predecessor-version":[{"id":11560,"href":"https:\/\/www.agriatv.hu\/index.php?rest_route=\/wp\/v2\/posts\/11557\/revisions\/11560"}],"wp:attachment":[{"href":"https:\/\/www.agriatv.hu\/index.php?rest_route=%2Fwp%2Fv2%2Fmedia&parent=11557"}],"wp:term":[{"taxonomy":"category","embeddable":true,"href":"https:\/\/www.agriatv.hu\/index.php?rest_route=%2Fwp%2Fv2%2Fcategories&post=11557"},{"taxonomy":"post_tag","embeddable":true,"href":"https:\/\/www.agriatv.hu\/index.php?rest_route=%2Fwp%2Fv2%2Ftags&post=11557"}],"curies":[{"name":"wp","href":"https:\/\/api.w.org\/{rel}","templated":true}]}}