{"id":11580,"date":"2013-11-27T20:50:09","date_gmt":"2013-11-27T20:50:09","guid":{"rendered":"http:\/\/www.agriatv.hu\/?p=11580"},"modified":"2013-11-28T07:33:13","modified_gmt":"2013-11-28T07:33:13","slug":"kiegett-az-autoja-es-meg-fizethet-is","status":"publish","type":"post","link":"https:\/\/www.agriatv.hu\/?p=11580","title":{"rendered":"Ki\u00e9gett az aut\u00f3ja \u00e9s m\u00e9g fizethet is"},"content":{"rendered":"<p style=\"text-align: justify;\"><strong><a href=\"https:\/\/www.agriatv.hu\/wp-content\/uploads\/2013\/11\/1127kocsituz_buntetes_v.jpg\"><img loading=\"lazy\" decoding=\"async\" class=\"alignleft size-medium wp-image-11581\" alt=\"1127kocsituz_buntetes_v\" src=\"https:\/\/www.agriatv.hu\/wp-content\/uploads\/2013\/11\/1127kocsituz_buntetes_v-300x240.jpg\" width=\"157\" height=\"99\" \/><\/a>Ki\u00e9gett egy domoszl\u00f3i n\u0151 aut\u00f3ja augusztus 19-\u00e9n d\u00e9lut\u00e1n a Verpel\u00e9t \u00e9s Egerszal\u00f3k k\u00f6z\u00f6tti \u00faton. A kocsi teljesen megsemmis\u00fclt \u00e9s most a k\u00f6z\u00fatkezel\u0151 is fizettetni akar.<\/strong><\/p>\n<p style=\"text-align: justify;\">L\u00e1nyaihoz akart utazni Domoszl\u00f3r\u00f3l a n\u0151, amikor f\u00fcst\u00f6t vett \u00e9szre a kocsiban. A motort\u00e9rben gyulladt ki valami, a t\u0171z teljesen megsemmis\u00edtette a 21 \u00e9ves kocsit. Hetekig \u00e1llt a roncs az \u00fat sz\u00e9l\u00e9n, m\u00edg valaki elvitte onnan. A k\u00e1rosult n\u00e9h\u00e1ny napja levelet kapott a k\u00f6z\u00fatkezel\u0151t\u0151l: fizessen a rong\u00e1l\u00e1s\u00e9rt 168 ezer forintot. A nyugd\u00edjasnak nincs erre p\u00e9nze, ezt befizetni nem tudja, de nem is \u00e9rti mi\u00e9rt kellene.<\/p>\n<p style=\"text-align: justify;\">A Magyar K\u00f6z\u00fat igazgat\u00f3s\u00e1g\u00e1t\u00f3l megtudtuk: a c\u00e9gnek nincs m\u00e9rlegel\u00e9si joga, a n\u0151 elismerte a helysz\u00ednen a k\u00e1rokoz\u00e1st, a biztos\u00edt\u00f3 pedig csak baleset eset\u00e9n fizet, m\u0171szaki hib\u00e1b\u00f3l ered\u0151 k\u00e1rok\u00e9rt nem.<div class=\"wordtube\">\n<div class=\"wordtube single1069\" id=\"WT1_1\" style=\"width:320px; height:240px;\">\n<a href=\"http:\/\/www.macromedia.com\/go\/getflashplayer\">Get the Flash Player<\/a> to see the wordTube Media Player.\n<\/div><\/div>\n\t<script type=\"text\/javascript\" defer=\"defer\">\nvar WT1_1 = {\n\tparams : {\n\t\twmode : \"opaque\",\n\t\tallowscriptaccess : \"always\",\n\t\tallownetworking : \"all\",\n\t\tallowfullscreen : \"true\"},\n\tflashvars : {\n\t\tfile : \"http%3A%2F%2Fwww.agriatv.hu%2Fwp-content%2Fuploads%2F2013%2F11%2F1127kocsituz_buntetes.flv\",\n\t\tvolume : \"80\",\n\t\tbufferlength : \"5\",\n\t\tquality : \"false\",\n\t\t'logo.hide' : \"false\",\n\t\timage : \"http%3A%2F%2Fwww.agriatv.hu%2Fwp-content%2Fuploads%2F2013%2F11%2F1127kocsituz_buntetes.jpg\",\n\t\ttitle : \"1127kocsituz_buntetes.flv\",\n\t\tlinktarget : \"_self\"},\n\tattr : {\n\t\tid : \"WT1\",\n\t\tname : \"WT1\"},\n\tstart : function() {\n\t\tswfobject.embedSWF(\"https:\/\/www.agriatv.hu\/\/player.swf\", \"WT1_1\", \"320\", \"240\", \"9.0.0\", false, this.flashvars, this.params , this.attr );\n\t}\n}\nWT1_1.start();\n\t<\/script>\n<\/p>\n","protected":false},"excerpt":{"rendered":"<p>Ki\u00e9gett egy domoszl\u00f3i n\u0151 aut\u00f3ja augusztus 19-\u00e9n d\u00e9lut\u00e1n a Verpel\u00e9t \u00e9s Egerszal\u00f3k k\u00f6z\u00f6tti \u00faton. A kocsi teljesen megsemmis\u00fclt \u00e9s most a k\u00f6z\u00fatkezel\u0151 is fizettetni akar.<br \/>\nL\u00e1nyaihoz akart utazni Domoszl\u00f3r\u00f3l a n\u0151, amikor f\u00fcst\u00f6t vett \u00e9szre a kocsiban. A motort\u00e9rben gyulladt ki valami, a t\u0171z teljesen megsemmis\u00edtette a 21 \u00e9ves kocsit. Hetekig \u00e1llt a roncs az \u00fat [&#8230;]<\/p>\n","protected":false},"author":4,"featured_media":0,"comment_status":"closed","ping_status":"closed","sticky":false,"template":"","format":"standard","meta":{"footnotes":""},"categories":[6,5],"tags":[1874,1085,196,1499,1873,484],"class_list":["post-11580","post","type-post","status-publish","format-standard","hentry","category-belfold","category-kek-hirek","tag-aszfalt","tag-auto","tag-kar","tag-kozut","tag-rongalas","tag-tuz"],"_links":{"self":[{"href":"https:\/\/www.agriatv.hu\/index.php?rest_route=\/wp\/v2\/posts\/11580","targetHints":{"allow":["GET"]}}],"collection":[{"href":"https:\/\/www.agriatv.hu\/index.php?rest_route=\/wp\/v2\/posts"}],"about":[{"href":"https:\/\/www.agriatv.hu\/index.php?rest_route=\/wp\/v2\/types\/post"}],"author":[{"embeddable":true,"href":"https:\/\/www.agriatv.hu\/index.php?rest_route=\/wp\/v2\/users\/4"}],"replies":[{"embeddable":true,"href":"https:\/\/www.agriatv.hu\/index.php?rest_route=%2Fwp%2Fv2%2Fcomments&post=11580"}],"version-history":[{"count":3,"href":"https:\/\/www.agriatv.hu\/index.php?rest_route=\/wp\/v2\/posts\/11580\/revisions"}],"predecessor-version":[{"id":11588,"href":"https:\/\/www.agriatv.hu\/index.php?rest_route=\/wp\/v2\/posts\/11580\/revisions\/11588"}],"wp:attachment":[{"href":"https:\/\/www.agriatv.hu\/index.php?rest_route=%2Fwp%2Fv2%2Fmedia&parent=11580"}],"wp:term":[{"taxonomy":"category","embeddable":true,"href":"https:\/\/www.agriatv.hu\/index.php?rest_route=%2Fwp%2Fv2%2Fcategories&post=11580"},{"taxonomy":"post_tag","embeddable":true,"href":"https:\/\/www.agriatv.hu\/index.php?rest_route=%2Fwp%2Fv2%2Ftags&post=11580"}],"curies":[{"name":"wp","href":"https:\/\/api.w.org\/{rel}","templated":true}]}}