{"id":11599,"date":"2013-11-29T20:43:47","date_gmt":"2013-11-29T20:43:47","guid":{"rendered":"http:\/\/www.agriatv.hu\/?p=11599"},"modified":"2013-11-30T08:09:56","modified_gmt":"2013-11-30T08:09:56","slug":"gyereket-gazoltak-a-zebran-alkoholt-mutatott-a-szonda","status":"publish","type":"post","link":"https:\/\/www.agriatv.hu\/?p=11599","title":{"rendered":"Gyereket g\u00e1zoltak a zebr\u00e1n: alkoholt mutatott a szonda"},"content":{"rendered":"<p style=\"text-align: justify;\"><a href=\"https:\/\/www.agriatv.hu\/wp-content\/uploads\/2013\/11\/1130gyalogos_eger_v.jpg\"><img loading=\"lazy\" decoding=\"async\" class=\"alignleft size-medium wp-image-11600\" alt=\"1130gyalogos_eger_v\" src=\"https:\/\/www.agriatv.hu\/wp-content\/uploads\/2013\/11\/1130gyalogos_eger_v-300x240.jpg\" width=\"123\" height=\"80\" \/><\/a>Egerben a sz\u00ednh\u00e1z el\u0151tti zebr\u00e1n g\u00e1zoltak el egy 8 \u00e9v k\u00f6r\u00fcli gyermeket, aki szab\u00e1lyosan \u00e9desanyj\u00e1val akart \u00e1tkelni az \u00faton. Az \u00e9ppen \u00e9rkez\u0151 Ford Fiesta vezet\u0151je meg is \u00e1llt, de h\u00e1tulr\u00f3l nagy sebess\u00e9ggel neki \u00fctk\u00f6z\u00f6tt egy aut\u00f3, \u00edgy fell\u00f6kt\u00e9k a gyalogosokat.<\/p>\n<p style=\"text-align: justify;\">A szemtan\u00fak szerint az \u00e9rkez\u0151 kocsi f\u00e9kez\u00e9s n\u00e9lk\u00fcl ment a Fordnak. A v\u00e9tkes kocsi vezet\u0151j\u00e9t a helysz\u00ednen megszond\u00e1ztatt\u00e1k, ami alkoholt mutatott, b\u00e1r lehet, hogy szond\u00e1ra sem lett volna sz\u00fcks\u00e9g, hiszen a vezet\u0151 nehezen tudott j\u00e1rni is. Ismer\u0151seit h\u00edvta telefonon \u00e9s azt k\u00f6z\u00f6lte, hogy r\u00e9szegen balesetet okozott. \u0150t a rend\u0151r\u00f6k bilincsben sz\u00e1ll\u00edtott\u00e1k el a helysz\u00ednr\u0151l.<\/p>\n<p style=\"text-align: justify;\">A gyermeket a ment\u0151k az egri k\u00f3rh\u00e1zba sz\u00e1ll\u00edtott\u00e1k. A v\u00e9tlen kocsi utasai nem s\u00e9r\u00fcltek meg.<div class=\"wordtube\">\n<div class=\"wordtube single1071\" id=\"WT1_1\" style=\"width:320px; height:240px;\">\n<a href=\"http:\/\/www.macromedia.com\/go\/getflashplayer\">Get the Flash Player<\/a> to see the wordTube Media Player.\n<\/div><\/div>\n\t<script type=\"text\/javascript\" defer=\"defer\">\nvar WT1_1 = {\n\tparams : {\n\t\twmode : \"opaque\",\n\t\tallowscriptaccess : \"always\",\n\t\tallownetworking : \"all\",\n\t\tallowfullscreen : \"true\"},\n\tflashvars : {\n\t\tfile : \"http%3A%2F%2Fwww.agriatv.hu%2Fwp-content%2Fuploads%2F2013%2F11%2F1130gyalogos_eger.flv\",\n\t\tvolume : \"80\",\n\t\tbufferlength : \"5\",\n\t\tquality : \"false\",\n\t\t'logo.hide' : \"false\",\n\t\timage : \"http%3A%2F%2Fwww.agriatv.hu%2Fwp-content%2Fuploads%2F2013%2F11%2F1130gyalogos_eger.jpg\",\n\t\ttitle : \"1130gyalogos_eger.flv\",\n\t\tlinktarget : \"_self\"},\n\tattr : {\n\t\tid : \"WT1\",\n\t\tname : \"WT1\"},\n\tstart : function() {\n\t\tswfobject.embedSWF(\"https:\/\/www.agriatv.hu\/\/player.swf\", \"WT1_1\", \"320\", \"240\", \"9.0.0\", false, this.flashvars, this.params , this.attr );\n\t}\n}\nWT1_1.start();\n\t<\/script>\n<\/p>\n","protected":false},"excerpt":{"rendered":"<p>Egerben a sz\u00ednh\u00e1z el\u0151tti zebr\u00e1n g\u00e1zoltak el egy 8 \u00e9v k\u00f6r\u00fcli gyermeket, aki szab\u00e1lyosan \u00e9desanyj\u00e1val akart \u00e1tkelni az \u00faton. Az \u00e9ppen \u00e9rkez\u0151 Ford Fiesta vezet\u0151je meg is \u00e1llt, de h\u00e1tulr\u00f3l nagy sebess\u00e9ggel neki \u00fctk\u00f6z\u00f6tt egy aut\u00f3, \u00edgy fell\u00f6kt\u00e9k a gyalogosokat.<br \/>\nA szemtan\u00fak szerint az \u00e9rkez\u0151 kocsi f\u00e9kez\u00e9s n\u00e9lk\u00fcl ment a Fordnak. A v\u00e9tkes kocsi vezet\u0151j\u00e9t a [&#8230;]<\/p>\n","protected":false},"author":4,"featured_media":0,"comment_status":"closed","ping_status":"closed","sticky":false,"template":"","format":"standard","meta":{"footnotes":""},"categories":[5],"tags":[],"class_list":["post-11599","post","type-post","status-publish","format-standard","hentry","category-kek-hirek"],"_links":{"self":[{"href":"https:\/\/www.agriatv.hu\/index.php?rest_route=\/wp\/v2\/posts\/11599","targetHints":{"allow":["GET"]}}],"collection":[{"href":"https:\/\/www.agriatv.hu\/index.php?rest_route=\/wp\/v2\/posts"}],"about":[{"href":"https:\/\/www.agriatv.hu\/index.php?rest_route=\/wp\/v2\/types\/post"}],"author":[{"embeddable":true,"href":"https:\/\/www.agriatv.hu\/index.php?rest_route=\/wp\/v2\/users\/4"}],"replies":[{"embeddable":true,"href":"https:\/\/www.agriatv.hu\/index.php?rest_route=%2Fwp%2Fv2%2Fcomments&post=11599"}],"version-history":[{"count":3,"href":"https:\/\/www.agriatv.hu\/index.php?rest_route=\/wp\/v2\/posts\/11599\/revisions"}],"predecessor-version":[{"id":11608,"href":"https:\/\/www.agriatv.hu\/index.php?rest_route=\/wp\/v2\/posts\/11599\/revisions\/11608"}],"wp:attachment":[{"href":"https:\/\/www.agriatv.hu\/index.php?rest_route=%2Fwp%2Fv2%2Fmedia&parent=11599"}],"wp:term":[{"taxonomy":"category","embeddable":true,"href":"https:\/\/www.agriatv.hu\/index.php?rest_route=%2Fwp%2Fv2%2Fcategories&post=11599"},{"taxonomy":"post_tag","embeddable":true,"href":"https:\/\/www.agriatv.hu\/index.php?rest_route=%2Fwp%2Fv2%2Ftags&post=11599"}],"curies":[{"name":"wp","href":"https:\/\/api.w.org\/{rel}","templated":true}]}}