{"id":11638,"date":"2013-12-03T17:13:49","date_gmt":"2013-12-03T17:13:49","guid":{"rendered":"http:\/\/www.agriatv.hu\/?p=11638"},"modified":"2013-12-03T17:14:20","modified_gmt":"2013-12-03T17:14:20","slug":"elszabadul-daru-tarolt-andornaktalyan","status":"publish","type":"post","link":"https:\/\/www.agriatv.hu\/?p=11638","title":{"rendered":"Elszabadult daru tarolt Andornakt\u00e1ly\u00e1n"},"content":{"rendered":"<p style=\"text-align: justify;\"><a href=\"https:\/\/www.agriatv.hu\/wp-content\/uploads\/2013\/12\/1203daru.Still002.jpg\"><img loading=\"lazy\" decoding=\"async\" class=\"alignleft size-medium wp-image-11639\" alt=\"1203daru.Still002\" src=\"https:\/\/www.agriatv.hu\/wp-content\/uploads\/2013\/12\/1203daru.Still002-300x240.jpg\" width=\"112\" height=\"64\" \/><\/a>Val\u00f3sz\u00edn\u0171leg rosszul r\u00f6gz\u00edtett\u00e9k annak a darunak a g\u00e9mj\u00e9t, ami elszabadult \u00e9s elfordult a tr\u00e9leren, Andornakt\u00e1ly\u00e1n.<\/p>\n<p style=\"text-align: justify;\">A kocsi vezet\u0151je nem is vette \u00e9szre, hogy elfordult a daru, \u00edgy kb. 300 m\u00e9teren kereszt\u00fcl a j\u00e1rda f\u00f6l\u00f6tt h\u00fazta v\u00e9gig a munkag\u00e9p alkatr\u00e9sz\u00e9t, letarolva mindent, ami az \u00fatj\u00e1ba ker\u00fclt. Megs\u00e9r\u00fcltek a villanyoszlopok, f\u00e1kat t\u00f6rt der\u00e9kba, k\u00e1beleket szak\u00edtott le az elszabadult g\u00e9p.<\/p>\n<p style=\"text-align: justify;\">A tr\u00e9lert az egyik kocsi vezet\u0151je \u00e1ll\u00edtotta le, aki l\u00e1tta a tarol\u00e1st.<\/p>\n<p>A szokatlan balesetben szerencs\u00e9re senki sem s\u00e9r\u00fclt meg, de a helysz\u00ednel\u00e9s \u00e9s az \u00fat megtiszt\u00edt\u00e1sa idej\u00e9n nagy volt a fennakad\u00e1s az \u00faton.<div class=\"wordtube\">\n<div class=\"wordtube single1078\" id=\"WT1_1\" style=\"width:320px; height:240px;\">\n<a href=\"http:\/\/www.macromedia.com\/go\/getflashplayer\">Get the Flash Player<\/a> to see the wordTube Media Player.\n<\/div><\/div>\n\t<script type=\"text\/javascript\" defer=\"defer\">\nvar WT1_1 = {\n\tparams : {\n\t\twmode : \"opaque\",\n\t\tallowscriptaccess : \"always\",\n\t\tallownetworking : \"all\",\n\t\tallowfullscreen : \"true\"},\n\tflashvars : {\n\t\tfile : \"http%3A%2F%2Fwww.agriatv.hu%2Fwp-content%2Fuploads%2F2013%2F12%2F1203daru.flv\",\n\t\tvolume : \"80\",\n\t\tbufferlength : \"5\",\n\t\tquality : \"false\",\n\t\t'logo.hide' : \"false\",\n\t\timage : \"http%3A%2F%2Fwww.agriatv.hu%2Fwp-content%2Fuploads%2F2013%2F12%2F1203daru.Still004.jpg\",\n\t\ttitle : \"1203daru.flv\",\n\t\tlinktarget : \"_self\"},\n\tattr : {\n\t\tid : \"WT1\",\n\t\tname : \"WT1\"},\n\tstart : function() {\n\t\tswfobject.embedSWF(\"https:\/\/www.agriatv.hu\/\/player.swf\", \"WT1_1\", \"320\", \"240\", \"9.0.0\", false, this.flashvars, this.params , this.attr );\n\t}\n}\nWT1_1.start();\n\t<\/script>\n<\/p>\n","protected":false},"excerpt":{"rendered":"<p>Val\u00f3sz\u00edn\u0171leg rosszul r\u00f6gz\u00edtett\u00e9k annak a darunak a g\u00e9mj\u00e9t, ami elszabadult \u00e9s elfordult a tr\u00e9leren, Andornakt\u00e1ly\u00e1n.<br \/>\nA kocsi vezet\u0151je nem is vette \u00e9szre, hogy elfordult a daru, \u00edgy kb. 300 m\u00e9teren kereszt\u00fcl a j\u00e1rda f\u00f6l\u00f6tt h\u00fazta v\u00e9gig a munkag\u00e9p alkatr\u00e9sz\u00e9t, letarolva mindent, ami az \u00fatj\u00e1ba ker\u00fclt. Megs\u00e9r\u00fcltek a villanyoszlopok, f\u00e1kat t\u00f6rt der\u00e9kba, k\u00e1beleket szak\u00edtott le az elszabadult [&#8230;]<\/p>\n","protected":false},"author":4,"featured_media":0,"comment_status":"closed","ping_status":"closed","sticky":false,"template":"","format":"standard","meta":{"footnotes":""},"categories":[5],"tags":[947,41,1884,196],"class_list":["post-11638","post","type-post","status-publish","format-standard","hentry","category-kek-hirek","tag-andornaktalya","tag-baleset","tag-daro","tag-kar"],"_links":{"self":[{"href":"https:\/\/www.agriatv.hu\/index.php?rest_route=\/wp\/v2\/posts\/11638","targetHints":{"allow":["GET"]}}],"collection":[{"href":"https:\/\/www.agriatv.hu\/index.php?rest_route=\/wp\/v2\/posts"}],"about":[{"href":"https:\/\/www.agriatv.hu\/index.php?rest_route=\/wp\/v2\/types\/post"}],"author":[{"embeddable":true,"href":"https:\/\/www.agriatv.hu\/index.php?rest_route=\/wp\/v2\/users\/4"}],"replies":[{"embeddable":true,"href":"https:\/\/www.agriatv.hu\/index.php?rest_route=%2Fwp%2Fv2%2Fcomments&post=11638"}],"version-history":[{"count":2,"href":"https:\/\/www.agriatv.hu\/index.php?rest_route=\/wp\/v2\/posts\/11638\/revisions"}],"predecessor-version":[{"id":11641,"href":"https:\/\/www.agriatv.hu\/index.php?rest_route=\/wp\/v2\/posts\/11638\/revisions\/11641"}],"wp:attachment":[{"href":"https:\/\/www.agriatv.hu\/index.php?rest_route=%2Fwp%2Fv2%2Fmedia&parent=11638"}],"wp:term":[{"taxonomy":"category","embeddable":true,"href":"https:\/\/www.agriatv.hu\/index.php?rest_route=%2Fwp%2Fv2%2Fcategories&post=11638"},{"taxonomy":"post_tag","embeddable":true,"href":"https:\/\/www.agriatv.hu\/index.php?rest_route=%2Fwp%2Fv2%2Ftags&post=11638"}],"curies":[{"name":"wp","href":"https:\/\/api.w.org\/{rel}","templated":true}]}}