{"id":11642,"date":"2013-12-04T18:57:32","date_gmt":"2013-12-04T18:57:32","guid":{"rendered":"http:\/\/www.agriatv.hu\/?p=11642"},"modified":"2013-12-04T18:57:58","modified_gmt":"2013-12-04T18:57:58","slug":"ket-halott-sok-serult-a-kistalyai-uton-nagyszabasu-gyakorlat-egerben","status":"publish","type":"post","link":"https:\/\/www.agriatv.hu\/?p=11642","title":{"rendered":"K\u00e9t halott, sok s\u00e9r\u00fclt a Kist\u00e1lyai \u00faton &#8211; Nagyszab\u00e1s\u00fa gyakorlat Egerben"},"content":{"rendered":"<p style=\"text-align: justify;\"><b><a href=\"https:\/\/www.agriatv.hu\/wp-content\/uploads\/2013\/12\/1204gyakorlat_eger_v.jpg\"><img loading=\"lazy\" decoding=\"async\" class=\"alignleft size-medium wp-image-11644\" alt=\"1204gyakorlat_eger_v\" src=\"https:\/\/www.agriatv.hu\/wp-content\/uploads\/2013\/12\/1204gyakorlat_eger_v-300x240.jpg\" width=\"137\" height=\"88\" \/><\/a>December 4-\u00e9n, Egerben a Heves Megyei Katasztr\u00f3fav\u00e9delmi Igazgat\u00f3s\u00e1g katasztr\u00f3fav\u00e9delmi-egy\u00fcttm\u0171k\u00f6d\u00e9si gyakorlatot szervezett a katasztr\u00f3fav\u00e9delem, a t\u0171zolt\u00f3s\u00e1g, a rend\u0151rs\u00e9g \u00e9s a ment\u0151k r\u00e9szv\u00e9tel\u00e9vel.<\/b><\/p>\n<p style=\"text-align: justify;\"><b>\u00a0<\/b>A gyakorlat c\u00e9lja a m\u0171szaki ment\u00e9sben r\u00e9szt vev\u0151 t\u00e1rs-\u00e9s rendv\u00e9delmi szervek egy\u00fcttm\u0171k\u00f6d\u00e9s\u00e9nek \u00e9s felk\u00e9sz\u00fclts\u00e9g\u00e9nek a hat\u00e9konyabb\u00e1 t\u00e9tele volt, kiemelt figyelemmel a lakoss\u00e1g v\u00e9delm\u00e9re.<\/p>\n<p style=\"text-align: justify;\">A gyakorlat felt\u00e9telez\u00e9s\u00e9nek alapja a tavalyi \u00e9vben, Csongr\u00e1d megy\u00e9ben bek\u00f6vetkezett t\u00f6megbaleset volt. Akkor egy vesz\u00e9lyes anyagot sz\u00e1ll\u00edt\u00f3 kamion a hat\u00e1r k\u00f6zel\u00e9ben v\u00e1rakoz\u00f3 aut\u00f3k k\u00f6z\u00fcl t\u00f6bbet is letarolt. A gyakorlat sor\u00e1n azt felt\u00e9telezt\u00e9k, hogy a kamion ugyanazokat az anyagokat sz\u00e1ll\u00edtotta, mint a megt\u00f6rt\u00e9nt t\u00f6megbalesetn\u00e9l.<\/p>\n<p style=\"text-align: justify;\">A felt\u00e9telez\u00e9s alapj\u00e1n Egerben, a Kist\u00e1lyai \u00faton egy vesz\u00e9lyes \u00e1rut sz\u00e1ll\u00edt\u00f3 kamion \u00f6ssze\u00fctk\u00f6z\u00f6tt egy gyermekeket sz\u00e1ll\u00edt\u00f3 kisbusszal.\u00a0 A hirtelen f\u00e9kez\u00e9s miatt a kamionba h\u00e1tulr\u00f3l egy szem\u00e9lyg\u00e9pkocsi belerohant, az abban utaz\u00f3k a helysz\u00ednen \u00e9let\u00fcket vesztett\u00e9k, \u0151ket k\u00e9t fab\u00e1bu imit\u00e1lta. A balesetben a kamion \u00e9s a kisbusz vezet\u0151je k\u00f6nnyebben megs\u00e9r\u00fclt, a kisbuszban utaz\u00f3 tanul\u00f3k beszorultak a roncsba. Az egri hivat\u00e1sos t\u0171zolt\u00f3kon k\u00edv\u00fcl a gyakorlat helysz\u00edn\u00e9re vonult a Katasztr\u00f3fav\u00e9delmi Mobil Labor, mivel vesz\u00e9lyes anyag jelenl\u00e9t\u00e9ben kellett beavatkozni.<div class=\"wordtube\">\n<div class=\"wordtube single1079\" id=\"WT1_1\" style=\"width:320px; height:240px;\">\n<a href=\"http:\/\/www.macromedia.com\/go\/getflashplayer\">Get the Flash Player<\/a> to see the wordTube Media Player.\n<\/div><\/div>\n\t<script type=\"text\/javascript\" defer=\"defer\">\nvar WT1_1 = {\n\tparams : {\n\t\twmode : \"opaque\",\n\t\tallowscriptaccess : \"always\",\n\t\tallownetworking : \"all\",\n\t\tallowfullscreen : \"true\"},\n\tflashvars : {\n\t\tfile : \"http%3A%2F%2Fwww.agriatv.hu%2Fwp-content%2Fuploads%2F2013%2F12%2F1204gyakorlat_eger.flv\",\n\t\tvolume : \"80\",\n\t\tbufferlength : \"5\",\n\t\tquality : \"false\",\n\t\t'logo.hide' : \"false\",\n\t\timage : \"http%3A%2F%2Fwww.agriatv.hu%2Fwp-content%2Fuploads%2F2013%2F12%2F1204gyakorlat_eger.jpg\",\n\t\ttitle : \"1204gyakorlat_eger.flv\",\n\t\tlinktarget : \"_self\"},\n\tattr : {\n\t\tid : \"WT1\",\n\t\tname : \"WT1\"},\n\tstart : function() {\n\t\tswfobject.embedSWF(\"https:\/\/www.agriatv.hu\/\/player.swf\", \"WT1_1\", \"320\", \"240\", \"9.0.0\", false, this.flashvars, this.params , this.attr );\n\t}\n}\nWT1_1.start();\n\t<\/script>\n<\/p>\n<p style=\"text-align: justify;\">A t\u0171zolt\u00f3k ki\u00e9rkez\u00e9s\u00e9ig a rend\u0151r\u00f6k lez\u00e1rt\u00e1k az \u00fatszakaszt, a ment\u0151k pedig kimentett\u00e9k a mikrobuszb\u00f3l a mozd\u00edthat\u00f3 s\u00e9r\u00fclteket. A t\u0171zolt\u00f3k a legmagasabb v\u00e9delmi szint\u0171 v\u00e9d\u0151ruh\u00e1t \u00f6lt\u00f6tt\u00e9k magukra, majd a beszorult gyermekeket a ment\u0151szolg\u00e1lattal k\u00f6z\u00f6sen kimentett\u00e9k a j\u00e1rm\u0171b\u0151l. Ezut\u00e1n a vesz\u00e9lyes anyagok azonos\u00edt\u00e1s\u00e1t kellett elv\u00e9gezni, mely sor\u00e1n kider\u00fclt, hogy gyanta oldattal, etil-acet\u00e1ttal, \u00e9s izoforn-diizocian\u00e1ttal van dolguk a t\u0171zolt\u00f3knak. A j\u00e1rm\u0171 \u00e9s a rakom\u00e1ny \u00e1tvizsg\u00e1l\u00e1s\u00e1t k\u00f6vet\u0151en kider\u00fclt, hogy az anyag nem sziv\u00e1rgott \u00e9s nem is ker\u00fclt ki a k\u00f6rnyezetbe, \u00edgy lakoss\u00e1gv\u00e9delmi int\u00e9zked\u00e9sek bevezet\u00e9s\u00e9re nem volt sz\u00fcks\u00e9g. A gyakorlatot a t\u0171zolt\u00f3s\u00e1gi \u00e9s az iparbiztons\u00e1gi f\u0151fel\u00fcgyel\u0151 megfelel\u0151re \u00e9rt\u00e9kelte.<\/p>\n<p style=\"text-align: justify;\">A gyakorlaton olyan gyerekek alak\u00edtott\u00e1k a s\u00e9r\u00fclteket, akik a katasztr\u00f3fav\u00e9delemhez jelentkeztek k\u00f6z\u00f6ss\u00e9gi szolg\u00e1latra, a most terepen t\u00f6lt\u00f6tt \u00f3r\u00e1k belesz\u00e1m\u00edtanak k\u00f6z\u00f6ss\u00e9gi szolg\u00e1latukba.<\/p>\n","protected":false},"excerpt":{"rendered":"<p>December 4-\u00e9n, Egerben a Heves Megyei Katasztr\u00f3fav\u00e9delmi Igazgat\u00f3s\u00e1g katasztr\u00f3fav\u00e9delmi-egy\u00fcttm\u0171k\u00f6d\u00e9si gyakorlatot szervezett a katasztr\u00f3fav\u00e9delem, a t\u0171zolt\u00f3s\u00e1g, a rend\u0151rs\u00e9g \u00e9s a ment\u0151k r\u00e9szv\u00e9tel\u00e9vel.<br \/>\n\u00a0A gyakorlat c\u00e9lja a m\u0171szaki ment\u00e9sben r\u00e9szt vev\u0151 t\u00e1rs-\u00e9s rendv\u00e9delmi szervek egy\u00fcttm\u0171k\u00f6d\u00e9s\u00e9nek \u00e9s felk\u00e9sz\u00fclts\u00e9g\u00e9nek a hat\u00e9konyabb\u00e1 t\u00e9tele volt, kiemelt figyelemmel a lakoss\u00e1g v\u00e9delm\u00e9re.<br \/>\nA gyakorlat felt\u00e9telez\u00e9s\u00e9nek alapja a tavalyi \u00e9vben, Csongr\u00e1d megy\u00e9ben bek\u00f6vetkezett t\u00f6megbaleset volt. Akkor [&#8230;]<\/p>\n","protected":false},"author":4,"featured_media":0,"comment_status":"closed","ping_status":"closed","sticky":false,"template":"","format":"standard","meta":{"footnotes":""},"categories":[5],"tags":[41,635,1258,313,1767,122,458],"class_list":["post-11642","post","type-post","status-publish","format-standard","hentry","category-kek-hirek","tag-baleset","tag-gyakorlat","tag-gyerek","tag-katasztrofavedelem","tag-mentok","tag-rendorseg","tag-serult"],"_links":{"self":[{"href":"https:\/\/www.agriatv.hu\/index.php?rest_route=\/wp\/v2\/posts\/11642","targetHints":{"allow":["GET"]}}],"collection":[{"href":"https:\/\/www.agriatv.hu\/index.php?rest_route=\/wp\/v2\/posts"}],"about":[{"href":"https:\/\/www.agriatv.hu\/index.php?rest_route=\/wp\/v2\/types\/post"}],"author":[{"embeddable":true,"href":"https:\/\/www.agriatv.hu\/index.php?rest_route=\/wp\/v2\/users\/4"}],"replies":[{"embeddable":true,"href":"https:\/\/www.agriatv.hu\/index.php?rest_route=%2Fwp%2Fv2%2Fcomments&post=11642"}],"version-history":[{"count":3,"href":"https:\/\/www.agriatv.hu\/index.php?rest_route=\/wp\/v2\/posts\/11642\/revisions"}],"predecessor-version":[{"id":11646,"href":"https:\/\/www.agriatv.hu\/index.php?rest_route=\/wp\/v2\/posts\/11642\/revisions\/11646"}],"wp:attachment":[{"href":"https:\/\/www.agriatv.hu\/index.php?rest_route=%2Fwp%2Fv2%2Fmedia&parent=11642"}],"wp:term":[{"taxonomy":"category","embeddable":true,"href":"https:\/\/www.agriatv.hu\/index.php?rest_route=%2Fwp%2Fv2%2Fcategories&post=11642"},{"taxonomy":"post_tag","embeddable":true,"href":"https:\/\/www.agriatv.hu\/index.php?rest_route=%2Fwp%2Fv2%2Ftags&post=11642"}],"curies":[{"name":"wp","href":"https:\/\/api.w.org\/{rel}","templated":true}]}}